{"id":5679,"date":"2018-11-12T01:27:21","date_gmt":"2018-11-12T00:27:21","guid":{"rendered":"http:\/\/lemotdujour.fr\/?p=5679"},"modified":"2021-09-26T19:15:09","modified_gmt":"2021-09-26T17:15:09","slug":"lundi-12-novembre-2018","status":"publish","type":"post","link":"https:\/\/lemotdujour.fr\/?p=5679","title":{"rendered":"Lundi 12 novembre 2018"},"content":{"rendered":"<div class=\"mdjTexte\">\t\u00ab&nbsp;La premi\u00e8re guerre mondiale ne s\u2019est pas termin\u00e9e le 11 novembre 1918&nbsp;\u00bb<\/div>\n<div class=\"mdjAuteur\">\tRetour sur la v\u00e9rit\u00e9 historique<\/div>\n<p><span style=\"color: #777777; font-family: Arial;\">Bien s\u00fbr le 11 novembre 1918 \u00e0 11 heures, il s&rsquo;est pass\u00e9 un \u00e9v\u00e8nement consid\u00e9rable, la puissance principale des empires centraux, l&rsquo;Allemagne, a sign\u00e9 l&rsquo;armistice. Le front occidental a fait taire les armes.<br \/>\n<\/span><\/p>\n<p><span style=\"color: #777777; font-family: Arial;\">Mais ce n&rsquo;est ni le d\u00e9but, ni la fin de la fin de la guerre.<br \/>\n<\/span><\/p>\n<p><span style=\"color: #777777; font-family: Arial;\">Ainsi, il y avait eu 5 armistices avant celui du 11 novembre \u00e0 Rethondes&nbsp;:<br \/>\n<\/span><\/p>\n<ul>\n<li><span style=\"color: #777777; font-family: Arial;\">9 d\u00e9cembre 1917 entre la Roumanie et l&rsquo;Allemagne (Focsani)<br \/>\n<\/span><\/li>\n<li><span style=\"color: #777777; font-family: Arial;\">15 d\u00e9cembre 1917 entre la Russie bolchevique et l&rsquo;Allemagne (Brest-Litovsk)<br \/>\n<\/span><\/li>\n<li><span style=\"color: #777777; font-family: Arial;\">29 septembre 1918 entre la Bulgarie et les Alli\u00e9s (Salonique)<br \/>\n<\/span><\/li>\n<li><span style=\"color: #777777; font-family: Arial;\">30 octobre 1918 entre l&rsquo;Empire ottoman et les Alli\u00e9s (Moudros)<br \/>\n<\/span><\/li>\n<li>\n<div><span style=\"color: #777777; font-family: Arial;\">3 novembre 1918 entre l&rsquo;Autriche-Hongrie et l&rsquo;Italie (Villa Giusti pr\u00e8s de Padoue)<br \/>\n<\/span><\/div>\n<\/li>\n<\/ul>\n<p><span style=\"color: #777777; font-family: Arial;\">En outre il y a d\u00e9j\u00e0 un Trait\u00e9 de paix celui de Brest-Litovsk (3 mars 1918) entre la Russie Bolchevique et les puissances centrales.<br \/>\n<\/span><\/p>\n<p><span style=\"color: #777777; font-family: Arial;\">D&rsquo;autres affrontements prennent bient\u00f4t ou ont d\u00e9j\u00e0 pris le relais. Entre 1917 et 1923 on ne recense pas moins de 27 conflits violents en Europe (<span style=\"color: red;\"><span style=\"background-color: yellow;\">1<\/span><span style=\"color: #777777;\">)<br \/>\n<\/span><\/span><\/span><\/p>\n<p><span style=\"color: #777777; font-family: Arial;\">D&rsquo;abord des guerres civiles&nbsp;:<br \/>\n<\/span><\/p>\n<ul>\n<li><a href=\"https:\/\/fr.wikipedia.org\/wiki\/Guerre_civile_finlandaise\"><span style=\"font-family: Arial;\"><span style=\"color: #0000ff;\">Finlande<\/span><\/span><\/a><span style=\"color: #777777; font-family: Arial;\"> (janvier \u2013mai 1918)<br \/>\n<\/span><\/li>\n<li><span style=\"color: #777777; font-family: Arial;\">Plus connue la guerre civile russe (1917-1923)<br \/>\n<\/span><\/li>\n<\/ul>\n<p><span style=\"color: #777777; font-family: Arial;\">Il est d&rsquo;ailleurs courant de consid\u00e9rer que sans la grande guerre, les souffrances des soldats russes et le fait que la guerre a permis aux r\u00e9volutionnaires bolcheviques d&rsquo;\u00eatre arm\u00e9s, la r\u00e9volution d&rsquo;octobre n&rsquo;aurait pas pu avoir lieu.<br \/>\n<\/span><\/p>\n<p><span style=\"color: #777777; font-family: Arial;\">Le grand historien fran\u00e7ais Fran\u00e7ois Furet dans son livre \u00ab&nbsp;<a href=\"https:\/\/livre.fnac.com\/a1909333\/Francois-Furet-Penser-le-XXeme-siecle?oref=00000000-0000-0000-0000-000000000000\"><span style=\"color: #0000ff;\">Penser le XX\u00e8me si\u00e8cle&nbsp;<\/span><\/a>\u00bb consid\u00e8re que la premi\u00e8re guerre mondiale et son avatar, la r\u00e9volution bolchevique, constituent&nbsp;:<br \/>\n<\/span><\/p>\n<p style=\"margin-left: 28pt;\"><span style=\"color: #c00000; font-family: Arial;\">\u00ab&nbsp;La matrice du XX\u00e8me si\u00e8cle&nbsp;\u00bb<br \/>\n<\/span><\/p>\n<p><span style=\"color: #777777; font-family: Arial;\">Mais il y a d&rsquo;autres guerres civiles&nbsp;:<br \/>\n<\/span><\/p>\n<ul>\n<li><a href=\"https:\/\/fr.wikipedia.org\/wiki\/R%C3%A9volution_allemande_de_1918-1919\"><span style=\"font-family: Arial;\"><span style=\"color: #0000ff;\">En Allemagne<\/span><\/span><\/a><span style=\"color: #777777; font-family: Arial;\"> (1918-1919). C&rsquo;est ainsi qu&rsquo;on parlera des spartakistes qui forment alors le Parti communiste d&rsquo;Allemagne. Mais la <span style=\"color: #222222;\"><span style=\"background-color: white;\"><a title=\"R\u00e9volte spartakiste de Berlin\" href=\"https:\/\/fr.wikipedia.org\/wiki\/R%C3%A9volte_spartakiste_de_Berlin\"><span style=\"color: #0b0080;\"><span style=\"color: #0000ff;\">r\u00e9volte spartakiste \u00e0 Berlin<\/span><\/span><\/a><\/span><span style=\"color: #777777;\"> en janvier 1919 sera \u00e9cras\u00e9e. Les figures embl\u00e9matiques du mouvement <strong>Rosa Luxemburg<\/strong> et <strong>Karl Liebknecht<\/strong> sont tu\u00e9s.<br \/>\n<\/span><\/span><\/span><\/li>\n<li><span style=\"color: #777777; font-family: Arial;\">En Irlande (1922-1923) o\u00f9 la<span style=\"color: #0000ff;\"> <a style=\"color: #0000ff;\" href=\"https:\/\/fr.wikipedia.org\/wiki\/Guerre_civile_irlandaise\">guerre civile<\/a><\/span> succ\u00e8de \u00e0 la <span style=\"color: #0000ff;\"><a style=\"color: #0000ff;\" href=\"https:\/\/fr.wikipedia.org\/wiki\/Guerre_d%27ind%C3%A9pendance_irlandaise\">guerre d&rsquo;ind\u00e9pendance<\/a> <\/span>(janvier 1919\u2013juillet 1921).<br \/>\n<\/span><\/li>\n<\/ul>\n<p><span style=\"color: #777777; font-family: Arial;\">Dans l&rsquo;article de la revue \u00ab&nbsp;L&rsquo;Histoire&nbsp;\u00bb cit\u00e9 ci-apr\u00e8s, il est affirm\u00e9 que des corps francs allemands vont intervenir en Irlande avec \u00ab&nbsp;<span style=\"color: #c00000;\">des armes et des tactiques h\u00e9rit\u00e9es du conflit mondial<span style=\"color: #777777;\">.&nbsp;\u00bb <\/span><\/span>Rappelons que les corps francs allemands vont constituer l&rsquo;ossature des futurs SA qui seront la milice des nazis et leur outil de terreur pour la prise du pouvoir.<br \/>\n<\/span><\/p>\n<p><span style=\"color: #777777; font-family: Arial;\">Et puis il y a les guerres entre \u00c9tats.<br \/>\n<\/span><\/p>\n<p><a href=\"https:\/\/fr.wikipedia.org\/wiki\/Guerre_sovi%C3%A9to-polonaise\"><span style=\"font-family: Arial;\"><span style=\"color: #0000ff;\">La guerre sovi\u00e9to-polonaise<\/span> <\/span><\/a><span style=\"color: #777777; font-family: Arial;\"> de (f\u00e9vrier 1919 \u2013 mars 1921) qui est l&rsquo;une des cons\u00e9quences de la Premi\u00e8re Guerre mondiale et qui est justifi\u00e9 par des conflits de fronti\u00e8re. Ce conflit fera 150&nbsp;000 morts.<br \/>\n<\/span><\/p>\n<p><span style=\"color: #777777; font-family: Arial;\">Et enfin<span style=\"color: #0000ff;\"> <a style=\"color: #0000ff;\" href=\"https:\/\/fr.wikipedia.org\/wiki\/Guerre_gr%C3%A9co-turque_(1919-1922)\">la guerre gr\u00e9co-turque (1919-1922<\/a><\/span>), 45&nbsp;000 morts, qui constituera la grande victoire de Mustafa Kemal et permettra d&rsquo;arriver \u00e0 cette conclusion que <strong>l&rsquo;Empire ottoman fait partie des vaincus de la grande Guerre et la Turquie parmi les vainqueurs.<br \/>\n<\/strong><\/span><\/p>\n<p><span style=\"color: #777777; font-family: Arial;\">En r\u00e9alit\u00e9 l&rsquo;armistice n&rsquo;est pas la fin de la guerre mais n&rsquo;est qu&rsquo;une interruption temporaire des combats. La fin des hostilit\u00e9s n&rsquo;interviendra officiellement qu&rsquo;au moment des trait\u00e9s de paix.<br \/>\n<\/span><\/p>\n<p><span style=\"color: #777777; font-family: Arial;\">Et l&rsquo;article de \u00ab&nbsp;L&rsquo;Histoire&nbsp;\u00bb de pr\u00e9ciser que&nbsp;:<br \/>\n<\/span><\/p>\n<p style=\"margin-left: 28pt;\"><span style=\"color: #c00000; font-family: Arial;\">\u00ab&nbsp;Face au chaos qui suit la Premi\u00e8re Guerre mondiale, les historiens ont pris l&rsquo;habitude, depuis les ann\u00e9es 2000, de pr\u00e9f\u00e9rer la notion de \u00ab&nbsp;<strong>sortie de guerre<\/strong>&nbsp;\u00bb \u00e0 celle d&rsquo;\u00abapr\u00e8s-guerre&nbsp;\u00bb utilis\u00e9e jusque-l\u00e0 par l&rsquo;histoire diplomatique.&nbsp;\u00bb<br \/>\n<\/span><\/p>\n<p><img loading=\"lazy\" decoding=\"async\" class=\"alignleft\" src=\"https:\/\/lemotdujour.fr\/wp-content\/uploads\/2018\/11\/111118_2026_Lundi12nove1.jpg\" alt=\"\" width=\"186\" height=\"253\" align=\"left\"><span style=\"color: #777777; font-family: Arial;\">Et il rappelle&nbsp;:<br \/>\n<\/span><\/p>\n<p style=\"margin-left: 28pt;\"><span style=\"color: #c00000; font-family: Arial;\">\u00ab&nbsp;Dans son roman Capitaine Conan (1934, adapt\u00e9 \u00e0 l&rsquo;\u00e9cran par Bertrand Tavernier en 1996), Roger Vercel signale l&rsquo;absurdit\u00e9 d&rsquo;une coupure nette entre guerre et paix, lorsqu&rsquo;il d\u00e9crit un r\u00e9giment fran\u00e7ais de l&rsquo;arm\u00e9e d&rsquo;Orient, min\u00e9 par la dysenterie, sur les bords du Danube. C&rsquo;est l\u00e0, le 22 novembre en d\u00e9but d&rsquo;apr\u00e8s-midi, qu&rsquo;on leur lit le communiqu\u00e9 de Foch qui s&rsquo;ach\u00e8ve par ces mots&nbsp;: \u00ab&nbsp;L&rsquo;armistice est entr\u00e9 en vigueur, ce matin \u00e0 11 heures&nbsp;\u00bb Entre le 11 novembre 1918 et le 28 juin 1919, temps suspendu entre guerre et paix, les arm\u00e9es alli\u00e9es proc\u00e8dent \u00e0 une lente d\u00e9mobilisation.&nbsp;\u00bb<br \/>\n<\/span><\/p>\n<p><span style=\"color: #777777; font-family: Arial;\">(1) Je tire la plus grande partie de ces informations de l&rsquo;article&nbsp;: \u00ab&nbsp;<strong>L&rsquo;interminable sortie de la guerre<\/strong>&nbsp;\u00bb de la revue \u00ab&nbsp;L&rsquo;Histoire&nbsp;\u00bb&nbsp;: \u00ab&nbsp;<span style=\"color: #0000ff;\"><a style=\"color: #0000ff;\" href=\"https:\/\/www.lhistoire.fr\/parution\/mensuel-449\">1918 Comment la guerre nous a chang\u00e9s&nbsp;<\/a><\/span>\u00bb<br \/>\n<\/span><\/p>\n<p><span style=\"color: maroon; font-family: Arial;\">&lt;1144&gt;<\/span><\/p>\n","protected":false},"excerpt":{"rendered":"<p>\u00ab&nbsp;La premi\u00e8re guerre mondiale ne s\u2019est pas termin\u00e9e le 11 novembre 1918&nbsp;\u00bb Retour sur la v\u00e9rit\u00e9 historique Bien s\u00fbr le 11 novembre 1918 \u00e0 11 heures, il s&rsquo;est pass\u00e9 un \u00e9v\u00e8nement consid\u00e9rable, la puissance principale des empires centraux, l&rsquo;Allemagne, a<\/p>\n","protected":false},"author":1,"featured_media":0,"comment_status":"open","ping_status":"closed","sticky":false,"template":"","format":"standard","meta":{"footnotes":""},"categories":[1],"tags":[118,50,17],"class_list":["post-5679","post","type-post","status-publish","format-standard","hentry","category-motdujour","tag-14-18","tag-europe","tag-histoire"],"_links":{"self":[{"href":"https:\/\/lemotdujour.fr\/index.php?rest_route=\/wp\/v2\/posts\/5679","targetHints":{"allow":["GET"]}}],"collection":[{"href":"https:\/\/lemotdujour.fr\/index.php?rest_route=\/wp\/v2\/posts"}],"about":[{"href":"https:\/\/lemotdujour.fr\/index.php?rest_route=\/wp\/v2\/types\/post"}],"author":[{"embeddable":true,"href":"https:\/\/lemotdujour.fr\/index.php?rest_route=\/wp\/v2\/users\/1"}],"replies":[{"embeddable":true,"href":"https:\/\/lemotdujour.fr\/index.php?rest_route=%2Fwp%2Fv2%2Fcomments&post=5679"}],"version-history":[{"count":5,"href":"https:\/\/lemotdujour.fr\/index.php?rest_route=\/wp\/v2\/posts\/5679\/revisions"}],"predecessor-version":[{"id":12125,"href":"https:\/\/lemotdujour.fr\/index.php?rest_route=\/wp\/v2\/posts\/5679\/revisions\/12125"}],"wp:attachment":[{"href":"https:\/\/lemotdujour.fr\/index.php?rest_route=%2Fwp%2Fv2%2Fmedia&parent=5679"}],"wp:term":[{"taxonomy":"category","embeddable":true,"href":"https:\/\/lemotdujour.fr\/index.php?rest_route=%2Fwp%2Fv2%2Fcategories&post=5679"},{"taxonomy":"post_tag","embeddable":true,"href":"https:\/\/lemotdujour.fr\/index.php?rest_route=%2Fwp%2Fv2%2Ftags&post=5679"}],"curies":[{"name":"wp","href":"https:\/\/api.w.org\/{rel}","templated":true}]}}