{"id":5667,"date":"2018-11-08T02:42:29","date_gmt":"2018-11-08T01:42:29","guid":{"rendered":"http:\/\/lemotdujour.fr\/?p=5667"},"modified":"2021-09-26T19:17:13","modified_gmt":"2021-09-26T17:17:13","slug":"jeudi-8-novembre-2018","status":"publish","type":"post","link":"https:\/\/lemotdujour.fr\/?p=5667","title":{"rendered":"Jeudi 8 novembre 2018"},"content":{"rendered":"<div class=\"mdjTexte\">\t\u00abL\u2019opinion pense [\u2026] que l\u2019esclavage est un ph\u00e9nom\u00e8ne anecdotique.Prendre conscience de son ampleur est difficile car il s\u2019agit d\u2019une r\u00e9alit\u00e9 souterraine cach\u00e9e.\u00bb<\/div>\n<div class=\"mdjAuteur\">\tSylvie O\u2019DY, pr\u00e9sidente du comit\u00e9 contre l\u2019esclavage modernedans le Un du 17 octobre 2018<\/div>\n<p><span style=\"color: #777777; font-family: Arial;\">J&rsquo;ai d\u00e9j\u00e0 \u00e9voqu\u00e9 \u00e0 plusieurs reprises l&rsquo;hebdomadaire \u00ab&nbsp;Le Un&nbsp;\u00bb qui chaque semaine ne traite que d&rsquo;un sujet.<br \/>\n<\/span><\/p>\n<p><span style=\"color: #777777; font-family: Arial;\">Le N\u00b0 221 du 17 octobre 2018 traitait du sujet de l&rsquo;esclavage moderne et portait pour titre&nbsp;: \u00ab&nbsp;<span style=\"color: #0000ff;\"><a style=\"color: #0000ff;\" href=\"https:\/\/le1hebdo.fr\/journal\/numero\/221\">Esclavage&nbsp;: \u00e7a se passe pr\u00e8s de chez vous&nbsp;<\/a><\/span>\u00bb<br \/>\n<\/span><\/p>\n<p><span style=\"color: #777777; font-family: Arial;\">Ce qu&rsquo;il y a de bien avec ce journal c&rsquo;est qu&rsquo;on peut acheter facilement des num\u00e9ros anciens par exemple sur <span style=\"color: #0000ff;\"><a style=\"color: #0000ff;\" href=\"https:\/\/www.librairiedurance.fr\/livre\/9782377150793-le-1-n-221-esclavage-ca-se-passe-pres-de-chez-vous-le-1\/\">ce site<\/a><\/span>.<br \/>\n<\/span><\/p>\n<p><span style=\"color: #777777; font-family: Arial;\">Nous apprenons donc que&nbsp;:<br \/>\n<\/span><\/p>\n<p style=\"margin-left: 28pt;\"><span style=\"color: #c00000; font-family: Arial;\">\u00ab&nbsp;Depuis l&rsquo;abolition de 1848, l&rsquo;esclavage est cens\u00e9 avoir disparu du territoire fran\u00e7ais. Il persiste pourtant dans les faits, et son ampleur est loin d&rsquo;\u00eatre anecdotique. Selon l&rsquo;Organisation internationale du travail, il y a en France pr\u00e8s de 129 000 personnes victimes d&rsquo;une forme \u00ab moderne \u00bb de cette pratique. Des r\u00e9seaux criminels, organisant la traite humaine, jouent d&rsquo;ailleurs un r\u00f4le majeur dans ce ph\u00e9nom\u00e8ne dont les migrants, en particulier les femmes et les enfants, sont les premi\u00e8res victimes. Pour les associations, il est urgent que les autorit\u00e9s comme les citoyens prennent davantage conscience de cette situation.&nbsp;\u00bb<br \/>\n<\/span><\/p>\n<p><span style=\"color: #777777; font-family: Arial;\">Le journal donne notamment la parole \u00e0 Sylvie O&rsquo;Dy membre fondateur du comit\u00e9 contre l&rsquo;esclavage moderne (<a href=\"http:\/\/www.esclavagemoderne.org\/\"><span style=\"color: #0000ff;\">CCEM<\/span><\/a>) qui d\u00e9taille les principales formes de l&rsquo;esclavage moderne en France au nombre de quatre &nbsp;:<br \/>\n<\/span><\/p>\n<ul>\n<li><span style=\"color: #777777; font-family: Arial;\">l&rsquo;esclavage sexuel&nbsp;;<br \/>\n<\/span><\/li>\n<li><span style=\"color: #777777; font-family: Arial;\">l&rsquo;esclavage domestique&nbsp;;<br \/>\n<\/span><\/li>\n<li><span style=\"color: #777777; font-family: Arial;\">le travail forc\u00e9&nbsp;;<br \/>\n<\/span><\/li>\n<li><span style=\"color: #777777; font-family: Arial;\">la mendicit\u00e9 forc\u00e9e.<br \/>\n<\/span><\/li>\n<\/ul>\n<p><span style=\"color: #777777; font-family: Arial;\">Elle explique&nbsp;:<br \/>\n<\/span><\/p>\n<p style=\"margin-left: 28pt;\"><span style=\"color: #c00000; font-family: Arial;\">\u00ab&nbsp;\u00c0 chaque fois, les victimes, le plus souvent d&rsquo;origine \u00e9trang\u00e8re, ont re\u00e7u la promesse d&rsquo;un travail r\u00e9mun\u00e9r\u00e9 et d&rsquo;une r\u00e9gularisation de leur situation. Ce sont des personnes tromp\u00e9es. Des personnes qui arrivent pleines d&rsquo;espoir et qui se retrouvent en enfer. Elles sont sous l&#8217;emprise de leurs exploiteurs, enferm\u00e9es, maltrait\u00e9es, priv\u00e9es de leurs papiers d&rsquo;identit\u00e9.<br \/>\n<\/span><\/p>\n<p style=\"margin-left: 28pt;\"><span style=\"color: #c00000; font-family: Arial;\">Quand la journaliste Dominique Torr\u00e8s a fond\u00e9 le Comit\u00e9 contre l&rsquo;esclavage moderne en 1994, c&rsquo;\u00e9tait pour d\u00e9noncer l&rsquo;esclavage domestique. Puis nous nous sommes aussi int\u00e9ress\u00e9s aux victimes du travail forc\u00e9. Des associations s&rsquo;occupaient d\u00e9j\u00e0 de la prostitution forc\u00e9e.<br \/>\n<\/span><\/p>\n<p style=\"margin-left: 28pt;\"><span style=\"color: #c00000; font-family: Arial;\">Pendant tr\u00e8s longtemps nous avons accueilli 95% de femmes. Aujourd&rsquo;hui elles repr\u00e9sentent 70% des victimes pour 30% d&rsquo;hommes&nbsp;\u00bb<br \/>\n<\/span><\/p>\n<p><span style=\"color: #777777; font-family: Arial;\">Les chiffres qui sont donn\u00e9s sont les suivants&nbsp;:<br \/>\n<\/span><\/p>\n<ul>\n<li><span style=\"color: #777777; font-family: Arial;\">40,3 millions de personnes seraient victimes d&rsquo;esclavage moderne dont 129&nbsp;000 en France.<br \/>\n<\/span><\/li>\n<li>\n<div><span style=\"color: #777777; font-family: Arial;\">Parmi elles, 24,9 millions seraient victimes de travail forc\u00e9.<br \/>\nDont&nbsp;:<br \/>\n<\/span><\/div>\n<ul>\n<li><span style=\"color: #777777; font-family: Arial;\">16 millions dans le secteur priv\u00e9 (travail domestiques, b\u00e2timent ou agriculture)<br \/>\n<\/span><\/li>\n<li><span style=\"color: #777777; font-family: Arial;\">4,8 millions seraient exploit\u00e9es sexuellement<br \/>\n<\/span><\/li>\n<li><span style=\"color: #777777; font-family: Arial;\">Et 4 millions contraintes de r\u00e9aliser des travaux forc\u00e9s par des autorit\u00e9s publiques<br \/>\n<\/span><\/li>\n<\/ul>\n<\/li>\n<li><span style=\"color: #777777; font-family: Arial;\">15,4 millions seraient prisonni\u00e8res d&rsquo;un mariage forc\u00e9<br \/>\n<\/span><\/li>\n<\/ul>\n<p><span style=\"color: #777777; font-family: Arial;\"><strong>Et une victime sur 4 est un enfant.<\/strong><br \/>\n<\/span><\/p>\n<p><span style=\"color: #777777; font-family: Arial;\">L&rsquo;agriculture est un domaine o\u00f9 l&rsquo;esclavage moderne existe. Un article est consacr\u00e9 \u00e0 ce sujet&nbsp;: <strong>\u00ab&nbsp;Des tomates au go\u00fbt de sang&nbsp;\u00bb<br \/>\n<\/strong><\/span><\/p>\n<p><span style=\"color: #777777; font-family: Arial;\">Cet article est \u00e9crit par l&rsquo;\u00e9crivain Laurent Gaud\u00e9, qui a eu <a href=\"https:\/\/www.actes-sud.fr\/contributeurs\/gaude-laurent\">l<span style=\"color: #0000ff;\">e prix Goncourt en 2004<\/span><\/a><span style=\"color: #0000ff;\">&nbsp;:<\/span><br \/>\n<\/span><\/p>\n<p style=\"margin-left: 28pt;\"><span style=\"color: #c00000; font-family: Arial;\">\u00ab&nbsp;Chaque \u00e9t\u00e9, dans les Pouilles, \u00e0 la fin du mois d&rsquo;ao\u00fbt, c&rsquo;est le m\u00eame ballet : les camions se chargent de cagettes de tomates r\u00e9colt\u00e9es dans la plaine de Foggia et roulent vers Naples en une longue file ininterrompue de v\u00e9hicules. Cet \u00e9t\u00e9, la trag\u00e9die est venue rappeler \u00e0 l&rsquo;Italie ce qu&rsquo;elle savait d\u00e9j\u00e0 mais qu&rsquo;elle s&rsquo;\u00e9tait empress\u00e9e d&rsquo;oublier : les tomates ont parfois le go\u00fbt du sang. Les 4 et 6 ao\u00fbt 2018, coup sur coup, deux accidents terribles ont co\u00fbt\u00e9 la vie \u00e0 seize travailleurs agricoles, tous \u00e9trangers. L&rsquo;Italie a alors d\u00e9couvert qu&rsquo;il existait des ombres en Europe, des travailleurs invisibles dont on ne conna\u00eet l&rsquo;existence qu&rsquo;en apprenant leur mort.<br \/>\n<\/span><\/p>\n<p style=\"margin-left: 28pt;\"><span style=\"color: #c00000; font-family: Arial;\">A la suite de ces accidents, les langues se sont d\u00e9li\u00e9es pour d\u00e9crire ce qu&rsquo;on ose \u00e0 peine appeler des \u00ab&nbsp;conditions de travail&nbsp;\u00bb [\u2026]<br \/>\n<\/span><\/p>\n<p style=\"margin-left: 28pt;\"><span style=\"color: #c00000; font-family: Arial;\">D&rsquo;un coup la tomate, symbole ensoleill\u00e9 de l&rsquo;Italie, devient aussi celui de l&rsquo;exploitation. La sauce que l&rsquo;on trouve en bouteille dans les supermarch\u00e9s, la sauce qui s&rsquo;\u00e9tale sur les pizzas ou sert \u00e0 faire le <em>sugo della pasta<\/em> est le fruit d&rsquo;un travail d&rsquo;esclaves. [\u2026]<br \/>\n<\/span><\/p>\n<p style=\"margin-left: 28pt;\"><span style=\"color: #c00000; font-family: Arial;\">Ces \u00e9v\u00e8nements tragiques nous saisissent parce que nous d\u00e9couvrons avec stup\u00e9faction que les objets que nous utilisons au quotidien peuvent avoir \u00e9t\u00e9 fabriqu\u00e9s dans des conditions de mis\u00e8re. Soit sur le sol europ\u00e9en. Soit \u00e0 l&rsquo;autre bout du monde.<br \/>\n<\/span><\/p>\n<p style=\"margin-left: 28pt;\"><span style=\"color: #c00000; font-family: Arial;\">Le paradoxe d&rsquo;aujourd&rsquo;hui est que notre monde exploite un autre monde, tout en ignorant parfaitement qu&rsquo;il le fait.&nbsp;\u00bb<br \/>\n<\/span><\/p>\n<p>&nbsp;<\/p>\n<p><span style=\"color: #777777; font-family: Arial;\">Il est aussi question d&rsquo;une nig\u00e9riane qui a \u00e9t\u00e9 recrut\u00e9e pour servir d&rsquo;esclave sexuelle en France&nbsp;:<br \/>\n<\/span><\/p>\n<p style=\"margin-left: 28pt;\"><span style=\"color: #c00000; font-family: Arial;\">\u00ab&nbsp;Mains tendues face \u00e0 elle, paumes vers le ciel, Rose* r\u00e9p\u00e8te les mots du sorcier, une pointe de nervosit\u00e9 dans la voix : \u00ab Je jure d&rsquo;ob\u00e9ir et de ne jamais contacter la police, quoi qu&rsquo;il arrive. \u00bb Nous sommes en 2016, dans l&rsquo;\u00c9tat d&rsquo;Edo, au sud-ouest du Nigeria. \u00c0 l&rsquo;int\u00e9rieur d&rsquo;un temple de l&rsquo;\u00e9poque pr\u00e9coloniale, une adolescente se soumet, comme des milliers d&rsquo;autres femmes avant elle, \u00e0 la c\u00e9r\u00e9monie du \u00ab juju \u00bb, un rituel de magie noire.<br \/>\n<\/span><\/p>\n<p style=\"margin-left: 28pt;\"><span style=\"color: #c00000; font-family: Arial;\">Intimid\u00e9e, Rose se plie aux ordres de l&rsquo;homme au visage maquill\u00e9 et v\u00eatu d&rsquo;une \u00e9toffe rouge et blanche. Elle ing\u00e8re un foie de volaille cru, une poign\u00e9e de noix de kola et une fiole d&rsquo;alcool, avant de se laisser couper les ongles. Vou\u00e9s \u00e0 \u00eatre conserv\u00e9s par le sorcier, ces derniers ont tout d&rsquo;une relique de mauvais augure. Si la jeune femme rompt sa promesse, le mauvais sort s&rsquo;abattra.<br \/>\n<\/span><\/p>\n<p style=\"margin-left: 28pt;\"><span style=\"color: #c00000; font-family: Arial;\">\u00c0 16 ans, Rose est candidate pour l&rsquo;Europe. Sa vie vient de basculer, quelques heures avant la c\u00e9r\u00e9monie, lorsqu&rsquo;\u00ab une amie de la famille \u00bb qu&rsquo;elle \u00ab consid\u00e8re comme sa m\u00e8re \u00bb l&rsquo;a abord\u00e9e alors qu&rsquo;elle se promenait seule aux abords du village : \u00ab Rose, que dirais-tu d&rsquo;aller \u00e9tudier en France ? \u00bb<br \/>\n<\/span><\/p>\n<p style=\"margin-left: 28pt;\"><span style=\"color: #c00000; font-family: Arial;\">Avant-derni\u00e8re d&rsquo;une fratrie de sept enfants, l&rsquo;adolescente a vu sa s\u0153ur a\u00een\u00e9e partir en Europe quelques ann\u00e9es plus t\u00f4t pour rejoindre les bancs de l&rsquo;\u00e9cole. R\u00eavant de marcher dans ses pas, elle accepte sur-le-champ.&nbsp;\u00bb<br \/>\n<\/span><\/p>\n<p><span style=\"color: #777777; font-family: Arial;\">Puis l&rsquo;article raconte son odyss\u00e9e \u00e0 travers la Libye o\u00f9 elle doit payer une ran\u00e7on et voit des ge\u00f4liers libyens tuer des r\u00e9calcitrants en vendre d&rsquo;autres pour du sexe.<br \/>\n<\/span><\/p>\n<p><span style=\"color: #777777; font-family: Arial;\">En France elle tombe entre les mains d&rsquo;une souteneuse qu&rsquo;elle appelle \u00ab&nbsp;madam&nbsp;\u00bbet qui la force \u00e0 se prostituer pour lui faire rembourser une dette que cette derni\u00e8re pr\u00e9tend correspondre aux d\u00e9penses engag\u00e9es pour lui payer le voyage depuis le Nigeria. Elle parviendra \u00e0 s&rsquo;\u00e9chapper et m\u00eame \u00e0 retrouver sa s\u0153ur qui \u00e9tait tomb\u00e9 dans des mains similaires.<strong><br \/>\n<\/strong><\/span><\/p>\n<p style=\"margin-left: 28pt;\"><span style=\"color: #c00000; font-family: Arial;\">\u00ab&nbsp;En France, le nombre de victimes de traite \u00e0 des fins d&rsquo;exploitation sexuelle a consid\u00e9rablement augment\u00e9 au sein de la communaut\u00e9 nig\u00e9riane ces deux derni\u00e8res ann\u00e9es. Selon le dernier rapport du GRETA \u2013 un groupe d&rsquo;experts en lutte contre la traite des \u00eatres humains, rattach\u00e9 au Conseil de l&rsquo;Europe \u2013, cette recrudescence concerne tout particuli\u00e8rement des mineures de moins de 15 ans, les plus jeunes \u00e9tant \u00e2g\u00e9es de seulement 11 ans. Un ph\u00e9nom\u00e8ne observ\u00e9 par le Bus des femmes, une structure parisienne destin\u00e9e aux personnes prostitu\u00e9es, o\u00f9 \u00ab 300 \u00e0 400 victimes potentielles de traite sont identifi\u00e9es chaque ann\u00e9e \u00bb, selon sa responsable, Vanessa Simoni.&nbsp;\u00bb<br \/>\n<\/span><\/p>\n<p><span style=\"color: #777777; font-family: Arial;\">Julien Bisson le r\u00e9dacteur en chef du magazine \u00ab&nbsp;Lire&nbsp;\u00bb a \u00e9crit un article&nbsp;: \u00ab&nbsp;Se forcer \u00e0 les regarder&nbsp;\u00bb qu&rsquo;il conclut ainsi&nbsp;:<strong><br \/>\n<\/strong><\/span><\/p>\n<p style=\"margin-left: 28pt;\"><span style=\"color: #c00000; font-family: Arial;\">\u00ab&nbsp;Ceux qui ne veulent pas le croire doivent lire ce num\u00e9ro pour prendre la mesure du ph\u00e9nom\u00e8ne. Ou encore regarder le documentaire <span style=\"color: #0000ff;\"><a style=\"color: #0000ff;\" href=\"https:\/\/www.france.tv\/france-2\/cash-investigation\/736319-luxe-les-dessous-chocs.html\">Cash Investigation<\/a><\/span> diffus\u00e9 il y a quelques jours et qui d\u00e9voile les sombres dessous du luxe \u00e0 la fran\u00e7aise&nbsp;: des travailleurs s\u00e9n\u00e9galais, contraints de travailler treize par jour dans des tanneries, au milieu des vapeurs chimiques, sous une temp\u00e9rature de 45 degr\u00e9s, dans des conditions qu&rsquo;on croyait d&rsquo;un autre si\u00e8cle. Alors la France peut bien annoncer la construction prochaine d&rsquo;un m\u00e9morial, dans le jardin des Tuileries, pour rendre hommage aux victimes de l&rsquo;esclavage, ce dernier n&rsquo;est pas seulement une affaire de m\u00e9moire. C&rsquo;est encore, h\u00e9las&nbsp;! Une (mauvaise) histoire, qu&rsquo;il faudra bien se forcer, un jour \u00e0 regarder en face.&nbsp;\u00bb<\/span><\/p>\n<p><span style=\"color: #800000;\">&lt;1142&gt;<\/span><\/p>\n","protected":false},"excerpt":{"rendered":"<p>\u00abL\u2019opinion pense [\u2026] que l\u2019esclavage est un ph\u00e9nom\u00e8ne anecdotique.Prendre conscience de son ampleur est difficile car il s\u2019agit d\u2019une r\u00e9alit\u00e9 souterraine cach\u00e9e.\u00bb Sylvie O\u2019DY, pr\u00e9sidente du comit\u00e9 contre l\u2019esclavage modernedans le Un du 17 octobre 2018 J&rsquo;ai d\u00e9j\u00e0 \u00e9voqu\u00e9 \u00e0<\/p>\n","protected":false},"author":1,"featured_media":0,"comment_status":"open","ping_status":"closed","sticky":false,"template":"","format":"standard","meta":{"footnotes":""},"categories":[1],"tags":[16,51,41],"class_list":["post-5667","post","type-post","status-publish","format-standard","hentry","category-motdujour","tag-droit","tag-justice","tag-liberte"],"_links":{"self":[{"href":"https:\/\/lemotdujour.fr\/index.php?rest_route=\/wp\/v2\/posts\/5667","targetHints":{"allow":["GET"]}}],"collection":[{"href":"https:\/\/lemotdujour.fr\/index.php?rest_route=\/wp\/v2\/posts"}],"about":[{"href":"https:\/\/lemotdujour.fr\/index.php?rest_route=\/wp\/v2\/types\/post"}],"author":[{"embeddable":true,"href":"https:\/\/lemotdujour.fr\/index.php?rest_route=\/wp\/v2\/users\/1"}],"replies":[{"embeddable":true,"href":"https:\/\/lemotdujour.fr\/index.php?rest_route=%2Fwp%2Fv2%2Fcomments&post=5667"}],"version-history":[{"count":5,"href":"https:\/\/lemotdujour.fr\/index.php?rest_route=\/wp\/v2\/posts\/5667\/revisions"}],"predecessor-version":[{"id":12127,"href":"https:\/\/lemotdujour.fr\/index.php?rest_route=\/wp\/v2\/posts\/5667\/revisions\/12127"}],"wp:attachment":[{"href":"https:\/\/lemotdujour.fr\/index.php?rest_route=%2Fwp%2Fv2%2Fmedia&parent=5667"}],"wp:term":[{"taxonomy":"category","embeddable":true,"href":"https:\/\/lemotdujour.fr\/index.php?rest_route=%2Fwp%2Fv2%2Fcategories&post=5667"},{"taxonomy":"post_tag","embeddable":true,"href":"https:\/\/lemotdujour.fr\/index.php?rest_route=%2Fwp%2Fv2%2Ftags&post=5667"}],"curies":[{"name":"wp","href":"https:\/\/api.w.org\/{rel}","templated":true}]}}