{"id":5661,"date":"2018-11-09T01:48:13","date_gmt":"2018-11-09T00:48:13","guid":{"rendered":"http:\/\/lemotdujour.fr\/?p=5661"},"modified":"2021-09-26T19:15:57","modified_gmt":"2021-09-26T17:15:57","slug":"vendredi-9-novembre-2018","status":"publish","type":"post","link":"https:\/\/lemotdujour.fr\/?p=5661","title":{"rendered":"Vendredi 9 novembre 2018"},"content":{"rendered":"<div class=\"mdjTexte\">\t\u00ab&nbsp;Mourir pour la Patrie.\u00bb<\/div>\n<div class=\"mdjAuteur\">\tErnst Kantorowicz, historien allemand<\/div>\n<p><span style=\"color: #777777; font-family: Arial;\">Ce dimanche nous serons le 11 novembre 2018.<br \/>\n<\/span><\/p>\n<p><span style=\"color: #777777; font-family: Arial;\">Il y a cent ans le 11<sup>\u00e8me<\/sup> jour du 11<sup>\u00e8me<\/sup> mois de l&rsquo;ann\u00e9e \u00e0 11 heures, les armes de guerre se sont tues sur le front occidental.<br \/>\n<\/span><\/p>\n<p><a href=\"https:\/\/fr.wikipedia.org\/wiki\/Armistice_de_1918\"><span style=\"font-family: Arial;\"><span style=\"color: #0000ff;\">Depuis fin septembre 1918<\/span><\/span><\/a><span style=\"color: #777777; font-family: Arial;\"><span style=\"color: #0000ff;\">,<\/span> l&rsquo;\u00e9tat-major allemand avec \u00e0 leur t\u00eate <strong>Erich Ludendorff<\/strong> et <strong>Paul von Hindenburg<\/strong> a compris que la guerre \u00e9tait perdue pour les allemands, bien que la ligne de front continuait \u00e0 rester sur le territoire fran\u00e7ais.<br \/>\n<\/span><\/p>\n<p><span style=\"color: #777777; font-family: Arial;\">Le 1er octobre 1918, Erich Ludendorff envoie un t\u00e9l\u00e9gramme au cabinet imp\u00e9rial :<br \/>\n<\/span><\/p>\n<p style=\"margin-left: 28pt;\"><span style=\"color: #c00000; font-family: Arial;\">\u00ab Envoyer imm\u00e9diatement un trait\u00e9 de paix. La troupe tient pour le moment mais la perc\u00e9e peut se produire d&rsquo;un instant \u00e0 l&rsquo;autre \u00bb.<br \/>\n<\/span><\/p>\n<p><span style=\"color: #777777; font-family: Arial;\">Par la suite plusieurs \u00e9changes auront lieu entre l&rsquo;\u00e9tat-major allemand et l&rsquo;\u00e9tat-major alli\u00e9s avec \u00e0 sa t\u00eate le G\u00e9n\u00e9ral Foch. Parall\u00e8lement la situation sociale et politique se d\u00e9grade en Allemagne.<br \/>\n<\/span><\/p>\n<p><span style=\"color: #777777; font-family: Arial;\">Le 9 novembre, le Kaiser allemand abdique et part en exil aux Pays-Bas. Il y a donc exactement 100 ans aujourd&rsquo;hui.<br \/>\n<\/span><\/p>\n<p><span style=\"color: #777777; font-family: Arial;\">Et, le 11 novembre, \u00e0 2 h 15 du matin, Matthias Erzberger, repr\u00e9sentant du Gouvernement allemand emm\u00e8ne la d\u00e9l\u00e9gation allemande dans le wagon fran\u00e7ais, dans <a href=\"https:\/\/fr.wikipedia.org\/wiki\/Clairi%C3%A8re_de_l%27Armistice\"><span style=\"color: #0000ff;\">la clairi\u00e8re de Rethondes<\/span><\/a>, sur la commune de Compi\u00e8gne dans l&rsquo;Oise. Pendant pr\u00e8s de 3 heures, les Allemands n\u00e9gocient en essayant d&rsquo;obtenir des att\u00e9nuations sur chacun des 34 articles que compose le texte. Entre <strong>5 h 12 et 5 h 20 du matin, l&rsquo;armistice est sign\u00e9<\/strong> avec une application sur le front fix\u00e9e \u00e0 11 heures du matin, et ce pour une dur\u00e9e de 36 jours qui sera renouvel\u00e9e trois fois, la derni\u00e8re fois pour une dur\u00e9e illimit\u00e9e.<br \/>\n<\/span><\/p>\n<p><span style=\"color: #777777; font-family: Arial;\">Wikipedia nous apprend&nbsp;:<br \/>\n<\/span><\/p>\n<p style=\"margin-left: 28pt;\"><span style=\"color: #c00000; font-family: Arial;\">\u00ab&nbsp;Le dernier jour de guerre a fait pr\u00e8s de <strong>11 000 tu\u00e9s, bless\u00e9s ou disparus<\/strong>, [\u2026] Certains soldats ont perdu la vie lors d&rsquo;actions militaires d\u00e9cid\u00e9es par des g\u00e9n\u00e9raux qui savaient que l&rsquo;armistice avait d\u00e9j\u00e0 \u00e9t\u00e9 sign\u00e9. Par exemple, le g\u00e9n\u00e9ral Wright de la 89e division am\u00e9ricaine prit la d\u00e9cision d&rsquo;attaquer le village de Stenay afin que ses troupes puissent prendre un bain, ce qui engendra la perte de 300 hommes.[\u2026]<br \/>\n<\/span><\/p>\n<p style=\"margin-left: 28pt;\"><span style=\"color: #c00000; font-family: Arial;\">\u00c0 10 h 45 du matin, Augustin Tr\u00e9buchon a \u00e9t\u00e9 le dernier soldat fran\u00e7ais tu\u00e9 ; estafette de la 9e compagnie du 415e r\u00e9giment de la 163e division d&rsquo;infanterie, il est tu\u00e9 d&rsquo;une balle dans la t\u00eate alors qu&rsquo;il porte un message \u00e0 son capitaine.<br \/>\n<\/span><\/p>\n<p style=\"margin-left: 28pt;\"><span style=\"color: #c00000; font-family: Arial;\">[\u2026] l&rsquo;Am\u00e9ricain Henry Gunther est g\u00e9n\u00e9ralement consid\u00e9r\u00e9 comme le dernier soldat tu\u00e9 lors de la Premi\u00e8re Guerre mondiale, 60 secondes avant l&rsquo;heure d&rsquo;armistice, alors qu&rsquo;il chargeait des troupes allemandes \u00e9tonn\u00e9es parce qu&rsquo;elles savaient le cessez-le-feu imminent.<br \/>\n<\/span><\/p>\n<p style=\"margin-left: 28pt;\"><span style=\"color: #c00000; font-family: Arial;\">La date de d\u00e9c\u00e8s des morts fran\u00e7ais du 11 novembre a \u00e9t\u00e9 antidat\u00e9e au 10 novembre par les autorit\u00e9s militaires. Pour les autorit\u00e9s militaires, il n&rsquo;\u00e9tait pas possible ou trop honteux de mourir le jour de la victoire.&nbsp;\u00bb<br \/>\n<\/span><\/p>\n<p><span style=\"color: #777777; font-family: Arial;\">Le Pr\u00e9sident Macron a entrepris entre le 4 novembre et le 9 novembre un p\u00e8lerinage sur les lieux des combats qu&rsquo;il a appel\u00e9 \u00ab&nbsp;Une itin\u00e9rance m\u00e9morielle\u00bb.<br \/>\n<\/span><\/p>\n<p><span style=\"color: #777777; font-family: Arial;\">Le 11 novembre il sera \u00e0 l&rsquo;arc de triomphe avec de nombreux chefs d&rsquo;Etat pour comm\u00e9morer, mais comm\u00e9morer quoi&nbsp;?<br \/>\n<\/span><\/p>\n<p><span style=\"color: #777777; font-family: Arial;\">Dans <a href=\"https:\/\/www.franceculture.fr\/emissions\/lesprit-public\/litinerance-memorielle-et-politique-demmanuel-macron-pour-le-centenaire-du-11-novembre-errance-ou\"><span style=\"color: #0000ff;\">l&rsquo;\u00e9mission Esprit Public<\/span><\/a> de ce dimanche 4 novembre <span style=\"color: #0000ff;\"><a style=\"color: #0000ff;\" href=\"https:\/\/fr.wikipedia.org\/wiki\/Thierry_Pech\">Thierry Pech<\/a><\/span> a eu cette itin\u00e9rance intellectuelle et interrogative&nbsp;:<br \/>\n<\/span><\/p>\n<p style=\"margin-left: 28pt;\"><span style=\"color: #c00000; font-family: Arial;\">\u00ab&nbsp;C&rsquo;est le centenaire de la premi\u00e8re guerre mondiale. Au-del\u00e0 des strat\u00e9gies politiques, il faut se demander&nbsp;: qu&rsquo;est-ce qu&rsquo;on c\u00e9l\u00e8bre&nbsp;?<br \/>\n<\/span><span style=\"color: #c00000; font-family: Arial;\">A quoi veut-on r\u00e9fl\u00e9chir \u00e0 l&rsquo;occasion de ce centi\u00e8me anniversaire&nbsp;?<br \/>\n<\/span><span style=\"color: #c00000; font-family: Arial;\">C&rsquo;est cela qui m&rsquo;inqui\u00e8te.<br \/>\n<\/span><\/p>\n<p style=\"margin-left: 28pt;\"><span style=\"color: #c00000; font-family: Arial;\">On peut continuer \u00e0 faire ce que l&rsquo;on a toujours fait.<br \/>\n<\/span><span style=\"color: #c00000; font-family: Arial;\">C\u00e9l\u00e9brer la bravoure de nos hommes tomb\u00e9s au combat.<br \/>\n<\/span><span style=\"color: #c00000; font-family: Arial;\">Ce r\u00e9cit-l\u00e0, il a cent ans<br \/>\n<\/span><\/p>\n<p style=\"margin-left: 28pt;\"><span style=\"color: #c00000; font-family: Arial;\">Quand Lionel Jospin \u00e0 la fin des ann\u00e9es 1990 a essay\u00e9 de faire une place \u00e0 ceux qui n&rsquo;\u00e9taient pas dans le souvenir de la gloire et de la fureur, c&rsquo;est-\u00e0-dire les mutins de 1917, on l&rsquo;a accus\u00e9 de n\u00e9o r\u00e9visionnisme.<br \/>\n<\/span><\/p>\n<p style=\"margin-left: 28pt;\"><span style=\"color: #c00000; font-family: Arial;\">Je ne sais pas \u00e0 quoi on a envie de r\u00e9fl\u00e9chir.<br \/>\n<\/span><span style=\"color: #c00000; font-family: Arial;\">D&rsquo;ailleurs a-t-on envie de r\u00e9fl\u00e9chir&nbsp;?<br \/>\n<\/span><\/p>\n<p style=\"margin-left: 28pt;\"><span style=\"color: #c00000; font-family: Arial;\"><strong>La guerre de 14, cela a \u00e9t\u00e9 la d\u00e9couverte de la mort de masse<\/strong>.<br \/>\n<\/span><span style=\"color: #c00000; font-family: Arial;\">Et il a fallu, apr\u00e8s 10 millions de morts, <strong>10 millions de morts<\/strong>&nbsp;!, il a fallu essayer d&rsquo;habiller de symboles et de sens cette chose qui risquait aux yeux de tous de n&rsquo;en avoir aucun.<br \/>\n<\/span><\/p>\n<p style=\"margin-left: 28pt;\"><span style=\"color: #c00000; font-family: Arial;\">[Et \u00e0 partir de l\u00e0] on a d\u00e9ploy\u00e9 des d\u00e9penses symboliques, des d\u00e9penses invraisemblables \u00e0 donner du sens \u00e0 ce qui s&rsquo;\u00e9tait pass\u00e9.<br \/>\n<\/span><span style=\"color: #c00000; font-family: Arial;\">A ce qui ressemblait si l&rsquo;on regardait de loin <strong>\u00e0 un grand suicide des puissances europ\u00e9ennes<\/strong>.<br \/>\n<\/span><\/p>\n<p style=\"margin-left: 28pt;\"><span style=\"color: #c00000; font-family: Arial;\">C&rsquo;\u00e9tait cela la premi\u00e8re guerre mondiale.<br \/>\n<\/span><span style=\"color: #c00000; font-family: Arial;\">Et la France s&rsquo;est \u00e9chin\u00e9 \u00e0 interdire les bruits dissonants.<br \/>\n<\/span><\/p>\n<p style=\"margin-left: 28pt;\"><span style=\"color: #c00000; font-family: Arial;\">On a interdit pendant 20 ans <span style=\"color: #0000ff;\"><a style=\"color: #0000ff;\" href=\"https:\/\/fr.wikipedia.org\/wiki\/Les_Sentiers_de_la_gloire\">les sentiers de la gloire de Stanley Kubrick<\/a><\/span>.<br \/>\n<\/span><\/p>\n<p style=\"margin-left: 28pt;\"><span style=\"color: #c00000; font-family: Arial;\">On a interdit pendant plus de 50 ans <span style=\"color: #0000ff;\"><a style=\"color: #0000ff;\" href=\"https:\/\/lemotdujour.fr\/?p=506\">la chanson de Craonne<\/a><\/span>, on a pr\u00e9f\u00e9r\u00e9 la marseillaise. [\u2026]<br \/>\n<\/span><\/p>\n<p style=\"margin-left: 28pt;\"><span style=\"color: #c00000; font-family: Arial;\">J&rsquo;aimerais qu&rsquo;on r\u00e9fl\u00e9chisse vraiment \u00e0 ce qu&rsquo;a \u00e9t\u00e9 cette guerre.<br \/>\n<\/span><\/p>\n<p style=\"margin-left: 28pt;\"><span style=\"color: #c00000; font-family: Arial;\">Le grand historien allemand, juif exil\u00e9, <a href=\"https:\/\/fr.wikipedia.org\/wiki\/Ernst_Kantorowicz\"><span style=\"color: #0000ff;\">Ernst Kantorowicz<\/span><\/a> a \u00e9crit un tr\u00e8s bel article d\u00e9di\u00e9 \u00e0 cette id\u00e9e \u00ab&nbsp; <a href=\"https:\/\/www.decitre.fr\/livre-pod\/mourir-pour-la-patrie-9782213622477.html\"><span style=\"color: #0000ff;\">mourir pour la patrie&nbsp;<\/span><\/a>\u00bb<br \/>\n<\/span><\/p>\n<p style=\"margin-left: 28pt;\"><span style=\"color: #c00000; font-family: Arial;\">A la fin de cet article il a dit&nbsp;: \u00ab&nbsp;il faut donner du sens \u00e0 la mort au combat sinon elle passera pour un meurtre de sang-froid et son souvenir prend la valeur et la signification d&rsquo;un accident de circulation politique un jour de f\u00eate l\u00e9gale.\u00bb<br \/>\n<\/span><\/p>\n<p style=\"margin-left: 28pt;\"><span style=\"color: #c00000; font-family: Arial;\">Ce \u00e0 quoi il faudrait r\u00e9fl\u00e9chir :&nbsp; comment en sommes nous arriv\u00e9s l\u00e0, \u00e0 un grand suicide collectif des puissances europ\u00e9ennes ? \u00bb<br \/>\n<\/span><\/p>\n<p><span style=\"color: #777777; font-family: Arial;\">J&rsquo;ai retrouv\u00e9 la citation exacte que Thierry Pech citait de m\u00e9moire qu&rsquo;Ernst Kantorowicz \u00e9crivait dans son article \u00ab&nbsp;mourir pour la patrie&nbsp;\u00bb en 1951&nbsp;:<br \/>\n<\/span><\/p>\n<p style=\"margin-left: 28pt;\"><span style=\"color: #c00000; font-family: Arial;\">\u00ab Nous sommes sur le point de demander au soldat de mourir sans proposer un quelconque \u00e9quivalent r\u00e9conciliateur en \u00e9change de cette vie perdue. Si la mort du soldat au combat (&#8230;) est d\u00e9pouill\u00e9e de toute id\u00e9e embrassant l&rsquo;humanitas, f\u00fbt-elle Dieu, roi ou patria, elle sera aussi d\u00e9pourvue de toute id\u00e9e anoblissante du sacrifice de soi. Elle devient un meurtre de sang-froid, ou, ce qui est pire, prend la valeur et la signification d&rsquo;un accident de circulation politique un jour de f\u00eate l\u00e9gale.\u00bb<br \/>\n<\/span><\/p>\n<p><span style=\"color: #777777; font-family: Arial;\">Lors de son itin\u00e9rance, j&rsquo;ai entendu Emmanuel Macron r\u00e9p\u00e9ter&nbsp;:<br \/>\n<\/span><\/p>\n<p style=\"margin-left: 28pt;\"><span style=\"color: #c00000; font-family: Arial;\">\u00ab&nbsp;Ces soldats sont morts pour sauver la patrie&nbsp;!&nbsp;\u00bb<br \/>\n<\/span><\/p>\n<p><span style=\"color: #777777; font-family: Arial;\">La seconde guerre mondiale est l&rsquo;enfant de la premi\u00e8re, la cons\u00e9quence in\u00e9luctable de la guerre et des trait\u00e9s de paix. Mais la seconde guerre mondiale a un sens&nbsp;: la d\u00e9faite des nazis. L&rsquo;\u00e9limination d&rsquo;une id\u00e9ologie monstrueuse et des crimes inimaginables qui ont \u00e9t\u00e9 perp\u00e9tr\u00e9s au nom de cette abomination.<br \/>\n<\/span><\/p>\n<p><span style=\"color: #777777; font-family: Arial;\">Mais la premi\u00e8re&nbsp;?<br \/>\n<\/span><\/p>\n<p><span style=\"color: #777777; font-family: Arial;\">Si les soldats fran\u00e7ais sont morts pour sauver la patrie, pour quel objectif les soldats allemands sont-ils morts&nbsp;?<br \/>\n<\/span><\/p>\n<p><span style=\"color: #777777; font-family: Arial;\">Sans la guerre 14-18, \u00e9tant donn\u00e9 ma famille et le lieu de leur habitation, je serais probablement allemand et non fran\u00e7ais. Serait-ce un drame&nbsp;?<br \/>\n<\/span><\/p>\n<p><span style=\"color: #777777; font-family: Arial;\">Les soldats allemands sont morts en 14-18 et n&rsquo;ont pas sauv\u00e9 leur patrie. Ils sont cependant \u00ab&nbsp;morts pour la patrie&nbsp;\u00bb<br \/>\n<\/span><\/p>\n<p><span style=\"color: #777777; font-family: Arial;\">Des soldats allemands sont aussi morts en 39-45 et ont perdu la guerre. Heureusement ! j&rsquo;ajouterai pour celle-ci.<br \/>\n<\/span><\/p>\n<p><span style=\"color: #777777; font-family: Arial;\">Il y a eu des destructions \u00e9normes, des souffrances dus \u00e0 la guerre.<br \/>\n<\/span><\/p>\n<p><span style=\"color: #777777; font-family: Arial;\">Mais est-ce qu&rsquo;aujourd&rsquo;hui les allemands vont plus mal que les fran\u00e7ais&nbsp;?<br \/>\n<\/span><\/p>\n<p><span style=\"color: #777777; font-family: Arial;\">Alors est-il vraiment juste de dire que \u00ab&nbsp;Ces soldats sont morts pour sauver la patrie&nbsp;!&nbsp;\u00bb&nbsp;?<br \/>\n<\/span><\/p>\n<p><span style=\"color: #777777; font-family: Arial;\">Bien s\u00fbr que non&nbsp;!.<br \/>\n<\/span><\/p>\n<p><span style=\"color: #777777; font-family: Arial;\"><strong>Mais il faut raconter ce r\u00e9cit, ce mythe pour rendre acceptable cette tuerie, ce massacre d&rsquo;humains qui se sont entretu\u00e9s sans se conna\u00eetre au profit d&rsquo;humains qui se connaissaient et ne se sont pas entretu\u00e9s, selon le mot de Paul Val\u00e9ry.<br \/>\n<\/strong><\/span><\/p>\n<p><span style=\"color: #777777; font-family: Arial;\">Le chef d&rsquo;\u0153uvre de Bertrand Tavernier&nbsp;: \u00ab<span style=\"color: #0000ff;\">&nbsp;<a style=\"color: #0000ff;\" href=\"https:\/\/www.youtube.com\/watch?v=19520a69v2k\">La vie et rien d&rsquo;autre&nbsp;<\/a><\/span>\u00bb, dans lequel, en 1920, le commandant Dellaplane (Philippe Noiret) est charg\u00e9 de recenser les soldats disparus sur les champs de bataille et d&rsquo;en tenir la comptabilit\u00e9 se termine par une lettre que Delaplane \u00e9crit \u00e0 Ir\u00e8ne (Sabine Az\u00e9ma) qui cherchait, pendant la dur\u00e9e du film, son mari disparu. La derni\u00e8re phrase de cette lettre donne cette information&nbsp;:<br \/>\n<\/span><\/p>\n<p style=\"margin-left: 28pt;\"><span style=\"color: #c00000; font-family: Arial;\">\u00ab C&rsquo;est la derni\u00e8re fois que je vous importune avec mes chiffres terribles, mais par comparaison avec le temps mis par les troupes alli\u00e9es \u00e0 descendre les champs \u00c9lys\u00e9es pour le d\u00e9fil\u00e9 de la victoire, environ 3 heures, j&rsquo;ai calcul\u00e9 que dans les m\u00eames conditions de vitesse de marche et de formation r\u00e9glementaire, le d\u00e9fil\u00e9 des morts de cette inexpugnable folie, n&rsquo;aurait pas dur\u00e9e moins de 11 jours et de 11 nuits. \u00bb <\/span><\/p>\n<p><span style=\"color: #777777; font-family: Arial;\">Je vais tenter dans les jours qui suivent de m&rsquo;interroger sur ce que cette guerre atroce a chang\u00e9 pour nous et pour le monde.<br \/>\n<\/span><\/p>\n<p><span style=\"color: maroon; font-family: Arial;\">&lt;1143&gt;<\/span><\/p>\n","protected":false},"excerpt":{"rendered":"<p>\u00ab&nbsp;Mourir pour la Patrie.\u00bb Ernst Kantorowicz, historien allemand Ce dimanche nous serons le 11 novembre 2018. Il y a cent ans le 11\u00e8me jour du 11\u00e8me mois de l&rsquo;ann\u00e9e \u00e0 11 heures, les armes de guerre se sont tues sur<\/p>\n","protected":false},"author":1,"featured_media":0,"comment_status":"closed","ping_status":"closed","sticky":false,"template":"","format":"standard","meta":{"footnotes":""},"categories":[1],"tags":[118,50,6],"class_list":["post-5661","post","type-post","status-publish","format-standard","hentry","category-motdujour","tag-14-18","tag-europe","tag-philosophie"],"_links":{"self":[{"href":"https:\/\/lemotdujour.fr\/index.php?rest_route=\/wp\/v2\/posts\/5661","targetHints":{"allow":["GET"]}}],"collection":[{"href":"https:\/\/lemotdujour.fr\/index.php?rest_route=\/wp\/v2\/posts"}],"about":[{"href":"https:\/\/lemotdujour.fr\/index.php?rest_route=\/wp\/v2\/types\/post"}],"author":[{"embeddable":true,"href":"https:\/\/lemotdujour.fr\/index.php?rest_route=\/wp\/v2\/users\/1"}],"replies":[{"embeddable":true,"href":"https:\/\/lemotdujour.fr\/index.php?rest_route=%2Fwp%2Fv2%2Fcomments&post=5661"}],"version-history":[{"count":12,"href":"https:\/\/lemotdujour.fr\/index.php?rest_route=\/wp\/v2\/posts\/5661\/revisions"}],"predecessor-version":[{"id":12126,"href":"https:\/\/lemotdujour.fr\/index.php?rest_route=\/wp\/v2\/posts\/5661\/revisions\/12126"}],"wp:attachment":[{"href":"https:\/\/lemotdujour.fr\/index.php?rest_route=%2Fwp%2Fv2%2Fmedia&parent=5661"}],"wp:term":[{"taxonomy":"category","embeddable":true,"href":"https:\/\/lemotdujour.fr\/index.php?rest_route=%2Fwp%2Fv2%2Fcategories&post=5661"},{"taxonomy":"post_tag","embeddable":true,"href":"https:\/\/lemotdujour.fr\/index.php?rest_route=%2Fwp%2Fv2%2Ftags&post=5661"}],"curies":[{"name":"wp","href":"https:\/\/api.w.org\/{rel}","templated":true}]}}