{"id":564,"date":"2014-01-13T01:00:00","date_gmt":"2014-01-12T22:00:00","guid":{"rendered":"http:\/\/lemotdujour.fr\/?p=564"},"modified":"2017-05-08T13:20:37","modified_gmt":"2017-05-08T11:20:37","slug":"lundi-13012014","status":"publish","type":"post","link":"https:\/\/lemotdujour.fr\/?p=564","title":{"rendered":"Lundi 13\/01\/2014"},"content":{"rendered":"<div class=\"mdjDate\">Lundi 13\/01\/2014<\/div>\n<div class=\"mdjTexte\">\u00ab\u00a0Les pays de l\u2019OCDE ont gagn\u00e9 dix ans d\u2019esp\u00e9rance de vie en quarante ans\u00a0\u00bb<\/div>\n<div class=\"mdjAuteur\">OCDE<\/div>\n<div class=\"mdjComplements\">L&rsquo;<a href=\"http:\/\/fr.wikipedia.org\/wiki\/Organisation_de_coop%C3%A9ration_et_de_d%C3%A9veloppement_%C3%A9conomiques\">OCDE<\/a> (Organisation de coop\u00e9ration et de d\u00e9veloppement \u00e9conomiques) est une organisation de 34 pays qui a succ\u00e9d\u00e9 \u00e0 l\u2019Organisation europ\u00e9enne de coop\u00e9ration \u00e9conomique (OECE) issue du plan Marshall. <a href=\"http:\/\/fr.wikipedia.org\/wiki\/Ch%C3%A2teau_de_la_Muette_%28Paris%29\">Son si\u00e8ge se trouve au Ch\u00e2teau de la Muette dans le XVI\u00e8me arrondissement de Paris.<\/a><\/div>\n<div class=\"mdjComplements\">L&rsquo;OCDE produit des rapports ainsi elle a publi\u00e9 le \u00ab\u00a0Panorama de la sant\u00e9 2013\u00a0\u00bb le 21 novembre 2013.<\/div>\n<div class=\"mdjComplements\">Ce rapport nous apprend que l\u2019esp\u00e9rance de vie a fait un bond de dix ans en quarante ans, compar\u00e9 aux donn\u00e9es de 1970. Certains pays ont connu une v\u00e9ritable r\u00e9volution en la mati\u00e8re. Depuis 1970, la Cor\u00e9e et la Turquie ont gagn\u00e9 une vingtaine d\u2019ann\u00e9es d\u2019esp\u00e9rance de vie pour atteindre respectivement 81, 1 et 74, 5\u00a0ans, le Chili plus de quinze ans. M\u00eame s\u2019ils restent encore loin des standards OCDE, l\u2019Indon\u00e9sie et l\u2019Inde, parmi les \u00e9mergents, ont aussi gagn\u00e9 plus de quinze ans pour atteindre 69, 3 et 65, 5\u00a0ans.<\/div>\n<div class=\"mdjComplements\">Par contraste deux pays ont connu de sombres \u00e9volutions. L\u2019Afrique du Sud d\u00e9cim\u00e9e par le sida a une esp\u00e9rance de vie similaire \u00e0 celle d\u2019il y a quarante ans (52, 6\u00a0ans) et la Russie est retomb\u00e9e \u00e0 son niveau de 1970 (69\u00a0ans). C\u2019est aussi en Russie que les \u00e9carts hommes\/femmes sont de loin les plus importants, les femmes vivant presque douze ans de plus que les hommes alors que l\u2019\u00e9cart moyen est de 5, 5\u00a0ans, 82, 8 pour les femmes, 77, 3\u00a0ans pour les hommes.<\/div>\n<div class=\"mdjComplements\">\u00a0\u00ab\u00a0Cet \u00e9cart \u00e9norme en Russie s\u2019explique largement par les comportements \u00e0 risque des hommes\u2009: les consommations d\u2019alcool et de tabac et les morts violentes par accident de la route, homicide et suicides\u00a0\u00bb, explique Ga\u00e9tan Lafortune, coordinateur du rapport.<\/div>\n<div class=\"mdjComplements\">Rien n\u2019indique que cette tendance au long cours \u00e0 l\u2019allongement de la vie doive s\u2019interrompre. Toutefois, le rapport souligne les \u00ab\u00a0profondes r\u00e9percussions\u00a0\u00bb\u00a0de la crise sur la vie des citoyens. En termes de sant\u00e9 ses effets sont contrast\u00e9s. Ils ont paradoxalement eu des effets positifs en se traduisant par une baisse des consommations d\u2019alcool et de tabac et par une moindre mortalit\u00e9 sur les routes.<\/div>\n<div class=\"mdjComplements\">Les d\u00e9penses de sant\u00e9 qui ont progress\u00e9 plus vite que la croissance \u00e9conomique pendant des ann\u00e9es ont marqu\u00e9 le pas depuis 2008. Elles ont m\u00eame diminu\u00e9 dans onze des 34\u00a0pays de l\u2019OCDE. Les \u00e9conomies se sont traduites par une rationalisation des d\u00e9penses. Il y a en la mati\u00e8re encore des marges de progr\u00e8s, les g\u00e9n\u00e9riques par exemple repr\u00e9sentent encore moins de 25\u00a0% du march\u00e9 des m\u00e9dicaments dans plusieurs pays comme la France, l\u2019Italie ou le Japon, contre 75\u00a0% en Allemagne et au Royaume-Uni.<\/div>\n<div class=\"mdjComplements\">Ces \u00e9conomies n\u2019ont pas eu d\u2019impact sur la prise en charge de maladies potentiellement mortelles comme le cancer, les accidents vasculaires c\u00e9r\u00e9braux ou les crises cardiaques, les taux de survie continuant globalement \u00e0 s\u2019am\u00e9liorer. Cependant le rapport souligne plusieurs \u00e9volutions pr\u00e9occupantes, voire \u00ab\u00a0alarmantes\u00a0\u00bb. <\/div>\n<div class=\"mdjComplements\">Il semble que \u00ab\u00a0le long d\u00e9clin du taux de mortalit\u00e9 infantile se soit invers\u00e9 en Gr\u00e8ce apr\u00e8s la crise\u00a0\u00bb, souligne ainsi le rapport, alors que les coupes budg\u00e9taires en mati\u00e8re de sant\u00e9 ont \u00e9t\u00e9 drastiques dans le pays (\u2013\u00a011\u00a0%). <\/div>\n<div class=\"mdjComplements\">Il rel\u00e8ve aussi \u00ab\u00a0la hausse spectaculaire du nombre de nouveaux s\u00e9ropositifs parmi les toxicomanes par injection \u00e0 Ath\u00e8nes\u00a0\u00bb.\u00a0Les personnes aux revenus les plus modestes sont les plus touch\u00e9es par les baisses de prise en charge.<\/div>\n<div class=\"mdjComplements\">Plus largement, l\u2019OCDE s\u2019inqui\u00e8te des coupes les plus faciles \u00e0 faire, notamment celles touchant les programmes de pr\u00e9vention. Des \u00ab\u00a0\u00e9conomies de bouts de chandelle\u00a0\u00bb, d\u00e9nonce l\u2019organisation\u2009: l\u2019ob\u00e9sit\u00e9 croissante, les consommations d\u2019alcool et de tabac ont des cons\u00e9quences lourdes en termes de sant\u00e9 publique et d\u2019esp\u00e9rance de vie. \u00ab\u00a0Le Mexique est en queue de peloton des pays OCDE, notamment \u00e0 cause de l\u2019augmentation de ces facteurs de risque\u00a0\u00bb, rel\u00e8ve Ga\u00e9tan Lafortune.<\/div>\n<div class=\"mdjComplements\">Enfin, est-ce un effet de la crise, mais les consommations d\u2019antid\u00e9presseurs ont cru de fa\u00e7on spectaculaire en dix ans. La France r\u00e9put\u00e9e pour \u00eatre une grande consommatrice a \u00e9t\u00e9 rattrap\u00e9e et d\u00e9pass\u00e9e par de nombreux pays. <\/div>\n<div class=\"mdjComplements\">Ainsi l\u2019Espagne et le Portugal ont doubl\u00e9 leur consommation en 2011 par rapport \u00e0 2000 pour atteindre respectivement 64 et 78\u00a0doses quotidiennes pour mille habitants, contre 50 pour la France (les donn\u00e9es de la Gr\u00e8ce ne sont pas connues). <\/div>\n<div class=\"mdjComplements\">L\u2019Allemagne n\u2019a pas \u00e9chapp\u00e9 \u00e0 la contagion. Elle a aussi plus que doubl\u00e9 sa consommation pour rattraper la France.<\/div>\n<div class=\"mdjComplements\"><a id=\"1438a122bf0ff6d9_143826ecb8d82641_eztoc3\"><\/a>Quelques particularit\u00e9s de la France<\/div>\n<div class=\"mdjComplements\">La France est en cinqui\u00e8me position en termes d\u2019esp\u00e9rance de vie \u00e0 la naissance, avec 82,2\u00a0ans. Mais elle est en premi\u00e8re place pour l\u2019esp\u00e9rance de vie \u00e0 65\u00a0ans\u2009: 23,8\u00a0ans pour les femmes et 19,3\u00a0ans pour les hommes. Bref, si vous atteignez 65 ans surtout ne quittez pas la France.<\/div>\n<div class=\"mdjComplements\">Avec 11,6\u00a0% du PIB d\u00e9pens\u00e9 dans la sant\u00e9, la France figure au 3e\u00a0rang des pays de l\u2019OCDE, derri\u00e8re les \u00c9tats-Unis et les Pays-Bas. Les d\u00e9penses \u00e0 la charge des patients repr\u00e9sentent 8\u00a0% des d\u00e9penses totales de sant\u00e9 (seuls les Pays-Bas ont un taux plus faible), contre 20\u00a0% en moyenne dans l\u2019OCDE.<\/div>\n<div class=\"mdjComplements\">La proportion de fumeurs r\u00e9guliers chez les adultes a baiss\u00e9 de 30\u00a0% en 1980 \u00e0 23\u00a0% en 2010 mais reste au-dessus de la moyenne de l\u2019OCDE (21\u00a0%).<\/div>\n<div class=\"mdjComplements\">La consommation d\u2019alcool a diminu\u00e9, mais reste aussi la plus \u00e9lev\u00e9e de l\u2019OCDE avec 12, 6\u00a0litres d\u2019alcool pur par adulte en 2011 contre une moyenne de 9, 4\u00a0litres.<\/div>\n<div class=\"mdjComplements\">Vous trouverez encore d&rsquo;autres pr\u00e9cisions dans cet article : <a href=\"http:\/\/www.la-croix.com\/Actualite\/Monde\/Les-pays-de-l-OCDE-ont-gagne-dix-ans-d-esperance-de-vie-en-quarante-ans-2013-11-21-1064323&quot; \\t &quot;_blank\">http:\/\/www.la-croix.com\/Actualite\/Monde\/Les-pays-de-l-OCDE-ont-gagne-dix-ans-d-esperance-de-vie-en-quarante-ans-2013-11-21-1064323<\/a><\/div>\n<div class=\"mdjComplements\">Que le ciel vous tienne en joie longtemps puisque vous devriez \u00eatre amen\u00e9 \u00e0 vivre encore de longues ann\u00e9es<\/div>\n","protected":false},"excerpt":{"rendered":"<p>Lundi 13\/01\/2014 \u00ab\u00a0Les pays de l\u2019OCDE ont gagn\u00e9 dix ans d\u2019esp\u00e9rance de vie en quarante ans\u00a0\u00bb OCDE L&rsquo;OCDE (Organisation de coop\u00e9ration et de d\u00e9veloppement \u00e9conomiques) est une organisation de 34 pays qui a succ\u00e9d\u00e9 \u00e0 l\u2019Organisation europ\u00e9enne de coop\u00e9ration \u00e9conomique<\/p>\n","protected":false},"author":1,"featured_media":0,"comment_status":"closed","ping_status":"closed","sticky":false,"template":"","format":"standard","meta":{"footnotes":""},"categories":[1],"tags":[],"class_list":["post-564","post","type-post","status-publish","format-standard","hentry","category-motdujour"],"_links":{"self":[{"href":"https:\/\/lemotdujour.fr\/index.php?rest_route=\/wp\/v2\/posts\/564","targetHints":{"allow":["GET"]}}],"collection":[{"href":"https:\/\/lemotdujour.fr\/index.php?rest_route=\/wp\/v2\/posts"}],"about":[{"href":"https:\/\/lemotdujour.fr\/index.php?rest_route=\/wp\/v2\/types\/post"}],"author":[{"embeddable":true,"href":"https:\/\/lemotdujour.fr\/index.php?rest_route=\/wp\/v2\/users\/1"}],"replies":[{"embeddable":true,"href":"https:\/\/lemotdujour.fr\/index.php?rest_route=%2Fwp%2Fv2%2Fcomments&post=564"}],"version-history":[{"count":1,"href":"https:\/\/lemotdujour.fr\/index.php?rest_route=\/wp\/v2\/posts\/564\/revisions"}],"predecessor-version":[{"id":565,"href":"https:\/\/lemotdujour.fr\/index.php?rest_route=\/wp\/v2\/posts\/564\/revisions\/565"}],"wp:attachment":[{"href":"https:\/\/lemotdujour.fr\/index.php?rest_route=%2Fwp%2Fv2%2Fmedia&parent=564"}],"wp:term":[{"taxonomy":"category","embeddable":true,"href":"https:\/\/lemotdujour.fr\/index.php?rest_route=%2Fwp%2Fv2%2Fcategories&post=564"},{"taxonomy":"post_tag","embeddable":true,"href":"https:\/\/lemotdujour.fr\/index.php?rest_route=%2Fwp%2Fv2%2Ftags&post=564"}],"curies":[{"name":"wp","href":"https:\/\/api.w.org\/{rel}","templated":true}]}}