{"id":5639,"date":"2018-11-07T02:40:38","date_gmt":"2018-11-07T01:40:38","guid":{"rendered":"http:\/\/lemotdujour.fr\/?p=5639"},"modified":"2021-09-26T19:18:15","modified_gmt":"2021-09-26T17:18:15","slug":"mercredi-7-novembre-2018","status":"publish","type":"post","link":"https:\/\/lemotdujour.fr\/?p=5639","title":{"rendered":"Mercredi 7 novembre 2018"},"content":{"rendered":"<div class=\"mdjTexte\">\t\u00ab&nbsp;Attention les vieux&nbsp;!&nbsp;\u00bb<\/div>\n<div class=\"mdjAuteur\">\tUn jeune enfant sur une trottinette<\/div>\n<p><span style=\"color: #777777; font-family: Arial;\">Avec Annie, nous marchions tranquillement, c\u00f4te \u00e0 c\u00f4te sur le trottoir tout pr\u00e8s de notre domicile.<br \/>\n<\/span><\/p>\n<p><span style=\"color: #777777; font-family: Arial;\">L&rsquo;espace disponible sur ce trottoir est diminu\u00e9 en raison d&rsquo;arbres majestueux qui embellissent la rue.<br \/>\n<\/span><\/p>\n<p><span style=\"color: #777777; font-family: Arial;\">Un enfant de 4 ou 5 ans, juch\u00e9 sur une trottinette, \u00e0 laquelle par une action vigoureuse il tentait de donner une belle vitesse, arrivait \u00e0 notre rencontre.<br \/>\n<\/span><\/p>\n<p><span style=\"color: #777777; font-family: Arial;\">Je sentais une l\u00e9g\u00e8re angoisse chez ce tout petit homme dont le visage esquissait un sourire crisp\u00e9.<br \/>\n<\/span><\/p>\n<p><span style=\"color: #777777; font-family: Arial;\">Il n&rsquo;\u00e9tait pas s\u00fbr de pouvoir nous \u00e9viter et je pense qu&rsquo;il \u00e9prouvait aussi une crainte de ne pas pouvoir freiner suffisamment.<br \/>\n<\/span><\/p>\n<p><span style=\"color: #777777; font-family: Arial;\">Devant cette situation complexe et stressante, il a pens\u00e9 que la meilleure solution \u00e9tait d&rsquo;en appeler \u00e0 notre bienveillance.<br \/>\n<\/span><\/p>\n<p><span style=\"color: #777777; font-family: Arial;\">Il a alors lanc\u00e9 d&rsquo;une voix forte et assur\u00e9e&nbsp;:<br \/>\n<\/span><\/p>\n<p style=\"margin-left: 28pt;\"><span style=\"color: #c00000; font-family: Arial;\">\u00ab&nbsp;Attention les vieux&nbsp;!\u00bb<br \/>\n<\/span><\/p>\n<p><span style=\"color: #777777; font-family: Arial;\">Notez-bien que dans l&rsquo;\u00e9chelle des impertinences, il aurait pu aller plus loin en criant&nbsp;: \u00ab&nbsp;Poussez-vous les vieux&nbsp;!\u00bb. Mais il n&rsquo;a pas du tout us\u00e9 de cette injonction autoritaire, simplement pour nous pr\u00e9server d&rsquo;un choc qui aurait pu nous \u00eatre pr\u00e9judiciable, il a tent\u00e9 de nous convaincre qu&rsquo;il vaudrait mieux que nous nous \u00e9cartions.<br \/>\n<\/span><\/p>\n<p><span style=\"color: #777777; font-family: Arial;\">Nous n&rsquo;\u00e9tions pas tout \u00e0 fait seul sur ce trottoir, mais nous \u00e9tions les seuls qui marchions c\u00f4te \u00e0 c\u00f4te.<br \/>\n<\/span><\/p>\n<p><span style=\"color: #777777; font-family: Arial;\">Et pour nous distinguer des autres pi\u00e9tons, il a cherch\u00e9 \u00e0 nous caract\u00e9riser, \u00e0 nous d\u00e9signer par un mot qui nous permette de comprendre imm\u00e9diatement qu&rsquo;il s&rsquo;agissait de nous. Et cela a fonctionn\u00e9. Nous avons tout de suite compris que \u00ab&nbsp;les vieux&nbsp;\u00bb c&rsquo;\u00e9tait nous.<br \/>\n<\/span><\/p>\n<p><span style=\"color: #777777; font-family: Arial;\">Nous nous sommes donc \u00e9cart\u00e9s et Annie a quand m\u00eame lanc\u00e9 \u00e0 l&rsquo;enfant que c&rsquo;\u00e9tait un peu impertinent de nous traiter de vieux.<br \/>\n<\/span><\/p>\n<p><span style=\"color: #777777; font-family: Arial;\">Sa m\u00e8re qui suivait \u00e0 pied n&rsquo;a absolument pas compris ce qui se passait, montrant par-l\u00e0 que beaucoup de choses \u00e9chappent aux parents.<br \/>\n<\/span><\/p>\n<p><span style=\"color: #777777; font-family: Arial;\">Derri\u00e8re nous, un jeune gar\u00e7on d&rsquo;une vingtaine d&rsquo;ann\u00e9es qui lui avait suivi parfaitement la sc\u00e8ne a voulu nous rassurer&nbsp;:<br \/>\n<\/span><\/p>\n<p style=\"margin-left: 28pt;\"><span style=\"color: #c00000; font-family: Arial;\">\u00ab&nbsp;Mais non vous n&rsquo;\u00eates pas vieux. Simplement de mani\u00e8re relative par rapport \u00e0 lui, ce jeune gar\u00e7on vous classe dans les vieux&nbsp;\u00bb.<br \/>\n<\/span><\/p>\n<p><span style=\"color: #777777; font-family: Arial;\">Nous avons chaleureusement remerci\u00e9 ce gar\u00e7on plein de sollicitude et de compr\u00e9hension.<br \/>\n<\/span><\/p>\n<p><span style=\"color: #777777; font-family: Arial;\">Je vous ai racont\u00e9 un fait qui nous est arriv\u00e9. Les lecteurs attentifs du mot du jour savent que je trouve \u00ab&nbsp;<span style=\"color: #0000ff;\"><a style=\"color: #0000ff;\" href=\"https:\/\/lemotdujour.fr\/?p=3304\">moyen<\/a><\/span>&nbsp;\u00bb de s&rsquo;arr\u00eater aux faits.<br \/>\n<\/span><\/p>\n<p><span style=\"color: #777777; font-family: Arial;\">Il faut donc que je continue pour aller un peu plus loin dans la r\u00e9flexion.<br \/>\n<\/span><\/p>\n<p><span style=\"color: #777777; font-family: Arial;\">Je ne m&rsquo;arr\u00eaterais pas \u00e0 la question de savoir si \u00e0 soixante ans on est vieux. Une chose est certaine on vieillit chaque jour et si on devient vieux c&rsquo;est une bonne nouvelle, c&rsquo;est une victoire de la vie. Car si on ne devient pas vieux, c&rsquo;est qu&rsquo;on est mort avant. \u00ab&nbsp;Vie&nbsp;\u00bb constitue d&rsquo;ailleurs \u00e9tonnamment les trois premi\u00e8res lettres de <strong>vie<\/strong>ux.<br \/>\n<\/span><\/p>\n<p><span style=\"color: #777777; font-family: Arial;\">On pourrait aussi, peut-\u00eatre parler des trottinettes qui circulent sur les trottoirs et de la difficile cohabitation avec les pi\u00e9tons. <span style=\"color: #0000ff;\"><a style=\"color: #0000ff;\" href=\"https:\/\/www.lesechos.fr\/industrie-services\/tourisme-transport\/0600095894870-les-trottinettes-electriques-bannies-des-trottoirs-a-paris-2219412.php\">&lt;C&rsquo;est pourquoi Paris veut interdire les trottinettes sur les trottoirs&gt;<\/a><\/span><br \/>\n<\/span><\/p>\n<p><span style=\"color: #777777; font-family: Arial;\">De mani\u00e8re plus globale, on pourrait \u00e9voquer ce que l&rsquo;on a eu pour habitude d&rsquo;appeler \u00ab&nbsp;<strong>les modes doux<\/strong>&nbsp;\u00bb de circulation, c&rsquo;est-\u00e0-dire une alternative \u00e0 la voiture.<br \/>\n<\/span><\/p>\n<p><span style=\"color: #777777; font-family: Arial;\">Je ne sais pas ce que vous en pensez mais je trouve qu&rsquo;en observant l&rsquo;attitude de certains, l&rsquo;adjectif \u00ab&nbsp;doux&nbsp;\u00bb semble totalement inappropri\u00e9. Dans l&rsquo;esprit de ces personnes, il ne s&rsquo;agit pas de mode \u00ab&nbsp;doux&nbsp;\u00bb mais de mode \u00ab&nbsp;rapide&nbsp;\u00bb, je veux dire plus rapide que les voitures embouteill\u00e9es.<br \/>\n<\/span><\/p>\n<p><span style=\"color: #777777; font-family: Arial;\">J&rsquo;ai la faiblesse de penser que ce n&rsquo;\u00e9tait pas cela que l&rsquo;on imaginait quand on parlait de mode \u00ab&nbsp;doux&nbsp;\u00bb.<br \/>\n<\/span><\/p>\n<p><span style=\"color: #777777; font-family: Arial;\">Mais ce fait me conduit surtout \u00e0 penser \u00e0 la question du rythme de la vie&nbsp;: il faut \u00eatre efficace, rapide, g\u00e9rer intelligemment son temps. Mais dans une soci\u00e9t\u00e9 o\u00f9 il y a de plus en plus de vieux comment faire&nbsp;? Comment concilier, se faire se rencontrer le temps du vieux et le temps du jeune startupper cher au c\u0153ur d&rsquo;Emmanuel Macron&nbsp;?<br \/>\n<\/span><\/p>\n<p><span style=\"color: #777777; font-family: Arial;\">Prenons, le cas extr\u00eame des vieux en EHPAD et des soignants qui n&rsquo;ont pas de temps, qui doivent r\u00e9aliser leurs interventions \u00e0 une vitesse peu compatible avec le temps des vieux et une dur\u00e9e frustrante au regard de l&rsquo;attente de l&rsquo;ain\u00e9.<br \/>\n<\/span><\/p>\n<p><span style=\"color: #777777; font-family: Arial;\">On pourrait imaginer que le progr\u00e8s et l&rsquo;automatisation constituent une ressource pour laisser plus d&rsquo;espace au \u00ab&nbsp;temps de l&rsquo;humain&nbsp;\u00bb.<br \/>\n<\/span><\/p>\n<p><span style=\"color: #777777; font-family: Arial;\">Mais tel n&rsquo;est pas le cas, le progr\u00e8s et l&rsquo;automatisation aujourd&rsquo;hui ne nous donnent pas davantage de temps, mais nous rendent davantage contraints \u00e0 la vitesse comme si nous devions servir le progr\u00e8s, les machines, les flux financiers et d&rsquo;autres choses qui acc\u00e9l\u00e8rent notre temps.<br \/>\n<\/span><\/p>\n<p><span style=\"color: #777777; font-family: Arial;\">Sylvain Men\u00e9trey et St\u00e9phane Szerman ont bien \u00e9crit le livre \u00ab&nbsp;<span style=\"color: #0000ff;\"><a style=\"color: #0000ff;\" href=\"http:\/\/www.armand-colin.com\/slow-attitude-oser-ralentir-pour-mieux-vivre-9782200279851\">Slow attitude !&nbsp;<\/a><\/span>\u00bb et dont le sous-titre est \u00ab&nbsp;<strong>Oser ralentir pour mieux vivre<\/strong>&nbsp;\u00bb.<br \/>\n<\/span><\/p>\n<p><span style=\"color: #777777; font-family: Arial;\">J&rsquo;ai trouv\u00e9 aussi cet article qui parle d&rsquo;un film de Gilles Vernet \u00ab&nbsp;<span style=\"color: #0000ff;\"><a style=\"color: #0000ff;\" href=\"https:\/\/www.kaizen-magazine.com\/article\/tout-saccelere-les-ecoliers-appellent-a-ralentir\/\">Tout s&rsquo;acc\u00e9l\u00e8re&nbsp;<\/a><\/span>\u00bb qui est une r\u00e9flexion sur le temps. A travers les yeux d&rsquo;\u00e9coliers de CM2 et appuy\u00e9 par l&rsquo;avis de physiciens, de psychologues et d&rsquo;\u00e9cologistes, le documentaire d\u00e9crypte le rythme fr\u00e9n\u00e9tique de notre monde et appelle au ralentissement.<br \/>\n<\/span><\/p>\n<p><span style=\"color: #777777; font-family: Arial;\">L&rsquo;article nous apprend&nbsp;:<br \/>\n<\/span><\/p>\n<p style=\"margin-left: 28pt;\"><span style=\"color: #c00000; font-family: Arial;\">\u00ab&nbsp;Gilles Vernet est un ancien trader. L&rsquo;acc\u00e9l\u00e9ration du monde, il la vivait au quotidien car \u00e0 Wall Street, chaque seconde compte. Optimisation, efficacit\u00e9, rapidit\u00e9, rentabilit\u00e9\u2026 cette spirale infernale s&rsquo;est arr\u00eat\u00e9e le jour o\u00f9 Gilles Vernet a appris que sa m\u00e8re \u00e9tait mourante. Deux ans, c&rsquo;\u00e9tait le temps qu&rsquo;il lui restait \u00e0 vivre. Deux ans, c&rsquo;est aussi \u00ab&nbsp;ce temps&nbsp;\u00bb qui a produit le d\u00e9clic chez le r\u00e9alisateur. \u00ab&nbsp;Le choc m&rsquo;a fait passer \u00e0 l&rsquo;acte&nbsp;\u00bb confit-il.<br \/>\n<\/span><\/p>\n<p style=\"margin-left: 28pt;\"><span style=\"color: #c00000; font-family: Arial;\">Gilles Vernet abandonne le monde de la finance. Devenu instituteur, il interroge ses \u00e9l\u00e8ves sur la cadence d\u00e9mesur\u00e9e de notre soci\u00e9t\u00e9. Pourquoi travailler si vite&nbsp;? Le monde ralentira-t-il un jour&nbsp;?&nbsp;\u00bb<br \/>\n<\/span><\/p>\n<p><span style=\"color: #777777; font-family: Arial;\">Nous sommes vraiment dans la probl\u00e9matique des modes doux, du temps doux.<br \/>\n<\/span><\/p>\n<p><span style=\"color: maroon; font-family: Arial;\">&lt;1141&gt;<\/span><\/p>\n","protected":false},"excerpt":{"rendered":"<p>\u00ab&nbsp;Attention les vieux&nbsp;!&nbsp;\u00bb Un jeune enfant sur une trottinette Avec Annie, nous marchions tranquillement, c\u00f4te \u00e0 c\u00f4te sur le trottoir tout pr\u00e8s de notre domicile. L&rsquo;espace disponible sur ce trottoir est diminu\u00e9 en raison d&rsquo;arbres majestueux qui embellissent la rue.<\/p>\n","protected":false},"author":1,"featured_media":0,"comment_status":"open","ping_status":"closed","sticky":false,"template":"","format":"standard","meta":{"footnotes":""},"categories":[1],"tags":[19,7,117],"class_list":["post-5639","post","type-post","status-publish","format-standard","hentry","category-motdujour","tag-personnel","tag-societe","tag-viellissement"],"_links":{"self":[{"href":"https:\/\/lemotdujour.fr\/index.php?rest_route=\/wp\/v2\/posts\/5639","targetHints":{"allow":["GET"]}}],"collection":[{"href":"https:\/\/lemotdujour.fr\/index.php?rest_route=\/wp\/v2\/posts"}],"about":[{"href":"https:\/\/lemotdujour.fr\/index.php?rest_route=\/wp\/v2\/types\/post"}],"author":[{"embeddable":true,"href":"https:\/\/lemotdujour.fr\/index.php?rest_route=\/wp\/v2\/users\/1"}],"replies":[{"embeddable":true,"href":"https:\/\/lemotdujour.fr\/index.php?rest_route=%2Fwp%2Fv2%2Fcomments&post=5639"}],"version-history":[{"count":5,"href":"https:\/\/lemotdujour.fr\/index.php?rest_route=\/wp\/v2\/posts\/5639\/revisions"}],"predecessor-version":[{"id":12128,"href":"https:\/\/lemotdujour.fr\/index.php?rest_route=\/wp\/v2\/posts\/5639\/revisions\/12128"}],"wp:attachment":[{"href":"https:\/\/lemotdujour.fr\/index.php?rest_route=%2Fwp%2Fv2%2Fmedia&parent=5639"}],"wp:term":[{"taxonomy":"category","embeddable":true,"href":"https:\/\/lemotdujour.fr\/index.php?rest_route=%2Fwp%2Fv2%2Fcategories&post=5639"},{"taxonomy":"post_tag","embeddable":true,"href":"https:\/\/lemotdujour.fr\/index.php?rest_route=%2Fwp%2Fv2%2Ftags&post=5639"}],"curies":[{"name":"wp","href":"https:\/\/api.w.org\/{rel}","templated":true}]}}