{"id":5628,"date":"2018-11-06T02:34:05","date_gmt":"2018-11-06T01:34:05","guid":{"rendered":"http:\/\/lemotdujour.fr\/?p=5628"},"modified":"2021-09-26T19:26:39","modified_gmt":"2021-09-26T17:26:39","slug":"mardi-6-novembre-2018","status":"publish","type":"post","link":"https:\/\/lemotdujour.fr\/?p=5628","title":{"rendered":"Mardi 6 novembre 2018"},"content":{"rendered":"<div class=\"mdjTexte\">\t\u00ab&nbsp;La Loi Gayssot est contreproductive, car elle fait des n\u00e9gationnistes des martyrs&nbsp;\u00bb<\/div>\n<div class=\"mdjAuteur\">\tEmmanuel Pierrat<\/div>\n<p><span style=\"color: #777777; font-family: Arial;\">Hier, je vous pr\u00e9sentais le livre d&rsquo;Emmanuel Pierrat \u00ab&nbsp;<a href=\"http:\/\/www.gallimard.fr\/Catalogue\/GALLIMARD\/Hors-serie-Connaissance\/Nouvelles-morales-nouvelles-censures\"><span style=\"color: #0000ff;\">Nouvelles morales, nouvelles censures&nbsp;<\/span><\/a>\u00bb et j&rsquo;insistais sur les nouvelles censures qu&rsquo;il d\u00e9non\u00e7ait concernant l&rsquo;art, le communautarisme et la morale.<br \/>\n<\/span><\/p>\n<p><span style=\"color: #777777; font-family: Arial;\">Mais son propos concerne aussi la censure qui s&rsquo;applique pour diff\u00e9rentes raisons, morales, d&rsquo;auto censures et aussi l\u00e9gales \u00e0 l&rsquo;expression d&rsquo;avis divergents, g\u00eanants et m\u00eame faux.<br \/>\n<\/span><\/p>\n<p><span style=\"color: #777777; font-family: Arial;\">Je vous renvoie vers l&rsquo;\u00e9mission d\u00e9j\u00e0 cit\u00e9e hier sur France Inter et qui pose cette question fondamentale : \u00ab&nbsp;<a href=\"https:\/\/www.franceinter.fr\/emissions\/le-grand-face-a-face\/le-grand-face-a-face-27-octobre-2018\"><span style=\"color: #0000ff;\">Faut-il des limites \u00e0 la libert\u00e9 d&rsquo;expression ?&nbsp;<\/span><\/a>\u00bb<br \/>\n<\/span><\/p>\n<p><span style=\"color: #777777; font-family: Arial;\">La semaine derni\u00e8re j&rsquo;\u00e9voquais la mort de Robert Faurisson, celui que Robert Badinter accusait d&rsquo;\u00eatre un faussaire de l&rsquo;Histoire.<br \/>\n<\/span><\/p>\n<p><span style=\"color: #777777; font-family: Arial;\">La question est de savoir s&rsquo;il vaut mieux accepter de le laisser s&rsquo;exprimer et de le contester par des arguments ou le faire taire et le condamner par la justice s&rsquo;il refuse de se taire sur ces sujets.<br \/>\n<\/span><\/p>\n<p><span style=\"color: #777777; font-family: Arial;\">La France a choisi de le faire taire en promulguant diff\u00e9rentes lois dont la plus c\u00e9l\u00e8bre est la<span style=\"color: #0000ff;\"> <a style=\"color: #0000ff;\" href=\"https:\/\/fr.wikipedia.org\/wiki\/Loi_Gayssot\">Loi Gayssot<\/a> d<\/span>u 13 juillet 1990 tendant \u00e0 r\u00e9primer tout acte raciste, antis\u00e9mite ou x\u00e9nophobe<strong>.<br \/>\n<\/strong><\/span><\/p>\n<p><span style=\"color: #777777; font-family: Arial;\">Emmanuel Pierrat est r\u00e9solument contre ce type de Loi et il dit que&nbsp;:<strong> \u00ab&nbsp;La Loi Gayssot est contreproductive, car elle fait des n\u00e9gationnistes des martyrs<\/strong>&nbsp;\u00bb.<br \/>\n<\/span><\/p>\n<p><span style=\"color: #777777; font-family: Arial;\">Il en appelle \u00e0 d&rsquo;autres opposants \u00e0 cette Loi comme l&rsquo;historien Jean-Pierre Azema et surtout <strong>Pierre Vidal-Naquet <\/strong>qui fut l&rsquo;un des premiers et des plus virulents adversaires de Faurisson, un ancien camarade kh\u00e2gne qu&rsquo;il a<span style=\"color: #0000ff;\"> <a style=\"color: #0000ff;\" href=\"http:\/\/www.pierre-vidal-naquet.net\/spip.php?article41\">toujours d\u00e9test\u00e9 <\/a><\/span>, son p\u00e8re Lucien et sa m\u00e8re Marguerite sont morts \u00e0 Auschwitz.<br \/>\n<\/span><\/p>\n<p><span style=\"color: #777777; font-family: Arial;\">Pierre Vidal-Nacquet \u00e9tait r\u00e9solument contre ce qu&rsquo;il appelait les Lois m\u00e9morielles, disant que ce n&rsquo;est pas le r\u00f4le du politique de dire ce qu&rsquo;il faut dire et ne pas dire, mais de la controverse intellectuelle.<br \/>\n<\/span><\/p>\n<p><span style=\"color: #777777; font-family: Arial;\">Il pr\u00e9conisait plut\u00f4t qu&rsquo;il ait le droit d&rsquo;\u00e9crire une pr\u00e9face \u00e0 chaque ouvrage de Faurisson.<br \/>\n<\/span><\/p>\n<p><span style=\"color: #777777; font-family: Arial;\">C&rsquo;est un d\u00e9bat passionnant qui part de l&rsquo;article 11 de <strong>la D\u00e9claration des Droits de l&rsquo;Homme et du Citoyen de 1789&nbsp;: <\/strong><br \/>\n<\/span><\/p>\n<p style=\"margin-left: 28pt;\"><span style=\"color: #c00000; font-family: Arial;\"><strong>\u00ab&nbsp;Art. 11. <\/strong>La libre communication des pens\u00e9es et des opinions est un des droits les plus pr\u00e9cieux de l&rsquo;Homme : tout Citoyen peut donc parler, \u00e9crire, imprimer librement, sauf \u00e0 r\u00e9pondre de l&rsquo;abus de cette libert\u00e9 dans les cas d\u00e9termin\u00e9s par la Loi.&nbsp;\u00bb<br \/>\n<\/span><\/p>\n<p><span style=\"color: #777777; font-family: Arial;\">Les limites reposent dans la d\u00e9finition <strong>de l&rsquo;abus de la libert\u00e9.<br \/>\n<\/strong><\/span><\/p>\n<p><span style=\"color: #777777; font-family: Arial;\">Dans l&rsquo;\u00e9mission de France Inter cit\u00e9, Emmanuel Pierrat comme Natacha Polony sont pour la libert\u00e9 d&rsquo;expression la plus grande possible, alors que Rapha\u00ebl Glucksman pr\u00e9f\u00e8re la restreindre quelque peu par pr\u00e9caution et ne pas permettre par exemple de nier l&rsquo;existence des chambres \u00e0 gaz sous peine de sanctions. <em><br \/>\n<\/em><\/span><\/p>\n<p><span style=\"color: #777777; font-family: Arial;\">Emmanuel Pierrat explique qu&rsquo;en faisant cela, on n&rsquo;a pas confiance dans l&rsquo;intelligence des citoyens et on provoque des r\u00e9actions n\u00e9gatives, complotistes et qui font de \u00ab&nbsp;salauds&nbsp;\u00bb des martyrs.<br \/>\n<\/span><\/p>\n<p><span style=\"color: #777777; font-family: Arial;\">Cette question se pose aussi quant \u00e0 la publication d&rsquo;une \u00e9dition critique des pamphlets antis\u00e9mites de C\u00e9line par Gallimard qui suite \u00e0 des r\u00e9actions indign\u00e9es a renonc\u00e9 en s&rsquo;autocensurant. Il pourrait aussi \u00eatre question des \u00e9crits de Charles Maurras.<br \/>\n<\/span><\/p>\n<p><span style=\"color: #777777; font-family: Arial;\">Aux Etats-Unis, la libert\u00e9 d&rsquo;expression permet aux opinions racistes et antis\u00e9mites de s&rsquo;exprimer, mais critiquer la religion ou publier des caricatures de Mahomet est impossible. On a la censure diff\u00e9renci\u00e9e&nbsp;! <\/span><\/p>\n<p><span style=\"color: #777777; font-family: Arial;\">Si je dois donner mon avis, je reste ind\u00e9fectiblement confiant dans la d\u00e9mocratie. Et quand on d\u00e9fend la d\u00e9mocratie on croit que collectivement les citoyens sont assez intelligents pour voter. Et s&rsquo;ils ont assez d&rsquo;intelligence pour voter, ils sont assez intelligents pour se faire une opinion quand on leur pr\u00e9sente des arguments. D\u00e8s lors, je pense comme Emmanuel Pierrat qu&rsquo;il faut laisser la plus large place \u00e0 la libert\u00e9 d&rsquo;expression. On ne peut pas et on ne doit pas interdire tout ce que l&rsquo;on r\u00e9prouve. Je reste persuad\u00e9 que limiter l&rsquo;expression libre constitue un chemin plus dangereux pour la libert\u00e9 que la pr\u00e9tention de vouloir pr\u00e9server le plus grand nombre d&rsquo;opinions scandaleuses.<br \/>\n<\/span><\/p>\n<p><span style=\"color: #777777; font-family: Arial;\">Je vous renvoie vers cet excellent d\u00e9bat&nbsp;: \u00ab&nbsp;<a href=\"https:\/\/www.franceinter.fr\/emissions\/le-grand-face-a-face\/le-grand-face-a-face-27-octobre-2018\"><span style=\"color: #0000ff;\">Faut-il des limites \u00e0 la libert\u00e9 d&rsquo;expression ?<\/span>&nbsp;<\/a>\u00bb<br \/>\n<\/span><\/p>\n<p><span style=\"color: #800000;\">&lt;1140&gt;<\/span><\/p>\n","protected":false},"excerpt":{"rendered":"<p>\u00ab&nbsp;La Loi Gayssot est contreproductive, car elle fait des n\u00e9gationnistes des martyrs&nbsp;\u00bb Emmanuel Pierrat Hier, je vous pr\u00e9sentais le livre d&rsquo;Emmanuel Pierrat \u00ab&nbsp;Nouvelles morales, nouvelles censures&nbsp;\u00bb et j&rsquo;insistais sur les nouvelles censures qu&rsquo;il d\u00e9non\u00e7ait concernant l&rsquo;art, le communautarisme et la<\/p>\n","protected":false},"author":1,"featured_media":0,"comment_status":"open","ping_status":"closed","sticky":false,"template":"","format":"standard","meta":{"footnotes":""},"categories":[1],"tags":[77,41,7],"class_list":["post-5628","post","type-post","status-publish","format-standard","hentry","category-motdujour","tag-democratie","tag-liberte","tag-societe"],"_links":{"self":[{"href":"https:\/\/lemotdujour.fr\/index.php?rest_route=\/wp\/v2\/posts\/5628","targetHints":{"allow":["GET"]}}],"collection":[{"href":"https:\/\/lemotdujour.fr\/index.php?rest_route=\/wp\/v2\/posts"}],"about":[{"href":"https:\/\/lemotdujour.fr\/index.php?rest_route=\/wp\/v2\/types\/post"}],"author":[{"embeddable":true,"href":"https:\/\/lemotdujour.fr\/index.php?rest_route=\/wp\/v2\/users\/1"}],"replies":[{"embeddable":true,"href":"https:\/\/lemotdujour.fr\/index.php?rest_route=%2Fwp%2Fv2%2Fcomments&post=5628"}],"version-history":[{"count":7,"href":"https:\/\/lemotdujour.fr\/index.php?rest_route=\/wp\/v2\/posts\/5628\/revisions"}],"predecessor-version":[{"id":12129,"href":"https:\/\/lemotdujour.fr\/index.php?rest_route=\/wp\/v2\/posts\/5628\/revisions\/12129"}],"wp:attachment":[{"href":"https:\/\/lemotdujour.fr\/index.php?rest_route=%2Fwp%2Fv2%2Fmedia&parent=5628"}],"wp:term":[{"taxonomy":"category","embeddable":true,"href":"https:\/\/lemotdujour.fr\/index.php?rest_route=%2Fwp%2Fv2%2Fcategories&post=5628"},{"taxonomy":"post_tag","embeddable":true,"href":"https:\/\/lemotdujour.fr\/index.php?rest_route=%2Fwp%2Fv2%2Ftags&post=5628"}],"curies":[{"name":"wp","href":"https:\/\/api.w.org\/{rel}","templated":true}]}}