{"id":562,"date":"2014-01-10T01:00:00","date_gmt":"2014-01-09T22:00:00","guid":{"rendered":"http:\/\/lemotdujour.fr\/?p=562"},"modified":"2017-05-08T13:20:35","modified_gmt":"2017-05-08T11:20:35","slug":"vendredi-10012014","status":"publish","type":"post","link":"https:\/\/lemotdujour.fr\/?p=562","title":{"rendered":"Vendredi 10\/01\/2014"},"content":{"rendered":"<div class=\"mdjDate\">Vendredi 10\/01\/2014<\/div>\n<div class=\"mdjTexte\">\u00ab\u00a0Siemens E15\u00a0\u00bb<\/div>\n<div class=\"mdjAuteur\">Internet<\/div>\n<div class=\"mdjComplements\">Nous terminerons cette semaine avec une histoire simple et moderne.<\/div>\n<div class=\"mdjComplements\">Apr\u00e8s l&rsquo;envol\u00e9e lyrique d&rsquo;Ariane Mnouchkine, la po\u00e9sie de John Lennon et la longue m\u00e9ditation de Michel Serres, le concept d&rsquo;antifragilit\u00e9 de Taleb voici un moment de pur pragmatisme : une histoire d&rsquo;aujourd&rsquo;hui.<\/div>\n<div class=\"mdjComplements\">Notre lave-vaisselle Siemens ne fonctionnait plus et affichait E15&#8230; samedi soir \ud83d\ude41<\/div>\n<div class=\"mdjComplements\">Nous avons comme des \u00ab\u00a0vieux\u00a0\u00bb regard\u00e9 longuement la notice que nous avions bien rang\u00e9e.<\/div>\n<div class=\"mdjComplements\">Il n&rsquo;\u00e9tait pas question de l&rsquo;erreur E15 mais d&rsquo;autres erreurs et de dizaine de conseils.<\/div>\n<div class=\"mdjComplements\">Au bout de 2 heures de tentatives infructueuses o\u00f9 nous avons essay\u00e9 de comprendre la notice et de faire diverses choses, nous avons raisonn\u00e9 en \u00ab\u00a0jeune\u00a0\u00bb et nous avons saisi sur un moteur de recherche \u00ab\u00a0Siemens E15\u00a0\u00bb (pas un mot de plus)<\/div>\n<div class=\"mdjComplements\">Et hop il y avait la solution, il fallait pencher le lave-vaisselle vers l&rsquo;avant pour qu&rsquo;un surplus d&rsquo;eau qui se trouvait dans un bac de r\u00e9cup\u00e9ration s&rsquo;\u00e9coule. Ce surplus d&rsquo;eau enclenchait un capteur qui avait pour fonction d&rsquo;\u00e9viter des d\u00e9g\u00e2ts des eaux et qui pour faire face \u00e0 ce risque potentiel, arr\u00eatait l&rsquo;arriv\u00e9e d&rsquo;eau.<\/div>\n<div class=\"mdjComplements\">Peu importe la technique, ce qui est extraordinaire pour des \u00ab\u00a0vieux\u00a0\u00bb qui jouent aux\u00a0\u00bb jeunes\u00a0\u00bb c&rsquo;est qu&rsquo;en tapant simplement le code d&rsquo;erreur avec la marque sur internet, ils trouvent en 2 mn une solution simple qui permet de r\u00e9parer imm\u00e9diatement le probl\u00e8me qui nous mettait dans l&#8217;embarras le samedi soir, en nous demandant \u00e0 quel r\u00e9parateur faire appel et ce que cela nous couterait ?<\/div>\n<div class=\"mdjComplements\">Nous vivons une \u00e9poque moderne et formidable.<\/div>\n<div class=\"mdjComplements\"><em>Pour ceux qui ne le savent pas, mon Administration a entendu mon d\u00e9sir et plus encore mon besoin de faire autre chose que le travail qu&rsquo;on me demandait de faire.<\/em><\/div>\n<div class=\"mdjComplements\"><em>J&rsquo;ai donc \u00e9t\u00e9 appel\u00e9 \u00e0 un autre m\u00e9tier, et pour cela il faut que je me forme.<\/em><\/div>\n<div class=\"mdjComplements\"><em>Donc la semaine prochaine, je serai \u00e0 partir de Mardi et jusqu&rsquo;\u00e0 Vendredi \u00e0 Nevers.<\/em><\/div>\n<div class=\"mdjComplements\"><em>Il n&rsquo;y aura donc pas de mot du jour \u00e0 partir de mardi.<\/em><\/div>\n","protected":false},"excerpt":{"rendered":"<p>Vendredi 10\/01\/2014 \u00ab\u00a0Siemens E15\u00a0\u00bb Internet Nous terminerons cette semaine avec une histoire simple et moderne. Apr\u00e8s l&rsquo;envol\u00e9e lyrique d&rsquo;Ariane Mnouchkine, la po\u00e9sie de John Lennon et la longue m\u00e9ditation de Michel Serres, le concept d&rsquo;antifragilit\u00e9 de Taleb voici un moment<\/p>\n","protected":false},"author":1,"featured_media":0,"comment_status":"closed","ping_status":"closed","sticky":false,"template":"","format":"standard","meta":{"footnotes":""},"categories":[1],"tags":[],"class_list":["post-562","post","type-post","status-publish","format-standard","hentry","category-motdujour"],"_links":{"self":[{"href":"https:\/\/lemotdujour.fr\/index.php?rest_route=\/wp\/v2\/posts\/562","targetHints":{"allow":["GET"]}}],"collection":[{"href":"https:\/\/lemotdujour.fr\/index.php?rest_route=\/wp\/v2\/posts"}],"about":[{"href":"https:\/\/lemotdujour.fr\/index.php?rest_route=\/wp\/v2\/types\/post"}],"author":[{"embeddable":true,"href":"https:\/\/lemotdujour.fr\/index.php?rest_route=\/wp\/v2\/users\/1"}],"replies":[{"embeddable":true,"href":"https:\/\/lemotdujour.fr\/index.php?rest_route=%2Fwp%2Fv2%2Fcomments&post=562"}],"version-history":[{"count":1,"href":"https:\/\/lemotdujour.fr\/index.php?rest_route=\/wp\/v2\/posts\/562\/revisions"}],"predecessor-version":[{"id":563,"href":"https:\/\/lemotdujour.fr\/index.php?rest_route=\/wp\/v2\/posts\/562\/revisions\/563"}],"wp:attachment":[{"href":"https:\/\/lemotdujour.fr\/index.php?rest_route=%2Fwp%2Fv2%2Fmedia&parent=562"}],"wp:term":[{"taxonomy":"category","embeddable":true,"href":"https:\/\/lemotdujour.fr\/index.php?rest_route=%2Fwp%2Fv2%2Fcategories&post=562"},{"taxonomy":"post_tag","embeddable":true,"href":"https:\/\/lemotdujour.fr\/index.php?rest_route=%2Fwp%2Fv2%2Ftags&post=562"}],"curies":[{"name":"wp","href":"https:\/\/api.w.org\/{rel}","templated":true}]}}