{"id":5601,"date":"2018-10-31T02:50:29","date_gmt":"2018-10-31T01:50:29","guid":{"rendered":"http:\/\/lemotdujour.fr\/?p=5601"},"modified":"2021-09-26T19:36:32","modified_gmt":"2021-09-26T17:36:32","slug":"mercredi-31-octobre-2018","status":"publish","type":"post","link":"https:\/\/lemotdujour.fr\/?p=5601","title":{"rendered":"Mercredi 31 octobre 2018"},"content":{"rendered":"<div class=\"mdjTexte\">\t\u00ab&nbsp;Bolsonaro : la fulgurante ascension du capitaine de la haine&nbsp;\u00bb<\/div>\n<div class=\"mdjAuteur\">\tTitre d\u2019un article de Lib\u00e9ration consacr\u00e9 \u00e0 l\u2019\u00e9lection br\u00e9silienne Chantal Rayes et Fran\u00e7ois-Xavier Gomez<\/div>\n<p><span style=\"color: #777777; font-family: Arial;\">Jair Bolsonaro, a \u00e9t\u00e9 \u00e9lu Pr\u00e9sident du Br\u00e9sil.<br \/>\n<\/span><\/p>\n<p><span style=\"color: #777777; font-family: Arial;\">Il a des id\u00e9es \u00e9tonnantes, ainsi il veut<br \/>\n<\/span><span style=\"color: #c00000; font-family: Arial;\">\u00ab&nbsp;Donner l&rsquo;acc\u00e8s au port d&rsquo;arme aux gens biens&nbsp;\u00bb.<br \/>\n<\/span><\/p>\n<p><span style=\"color: #777777; font-family: Arial;\">Mais qui sont selon lui les gens biens, les gens bons&nbsp;?<br \/>\n<\/span><\/p>\n<p><span style=\"color: #777777; font-family: Arial;\">En 2003, il avait fait scandale en prenant violemment \u00e0 partie une parlementaire de gauche Maria do Rosario, et lui a lanc\u00e9 cette insulte innommable&nbsp;:<br \/>\n<\/span><span style=\"color: #c00000; font-family: Arial;\">\u00ab&nbsp;Jamais je n&rsquo;irai vous violer, vous ne m\u00e9ritez m\u00eame pas \u00e7a&nbsp;!\u00bb.<br \/>\n<\/span><\/p>\n<p><span style=\"color: #777777; font-family: Arial;\">Il n&rsquo;aime pas le droit du travail, d&rsquo;ailleurs il a promis de quasi l&rsquo;abolir&nbsp;:<br \/>\n<\/span><span style=\"color: #c00000; font-family: Arial;\">\u00ab&nbsp;C&rsquo;est une disgr\u00e2ce d&rsquo;\u00eatre patron dans notre pays, avec toutes ces lois du travail.&nbsp;\u00bb<br \/>\n<\/span><\/p>\n<p><span style=\"color: #777777; font-family: Arial;\">Sa misogynie va jusqu&rsquo;\u00e0 ses propres enfants<br \/>\n<\/span><span style=\"color: #c00000; font-family: Arial;\">\u00ab&nbsp;J&rsquo;ai quatre gar\u00e7ons. Pour le cinqui\u00e8me, j&rsquo;ai eu un coup de mou et \u00e7a a \u00e9t\u00e9 une fille&nbsp;\u00bb.<br \/>\n<\/span><\/p>\n<p><span style=\"color: #777777; font-family: Arial;\">Dans une interview accord\u00e9e au magazine Playboy en 2011, Jair Bolsonaro assure qu&rsquo;il serait incapable d&rsquo;aimer un fils homosexuel&nbsp;:<br \/>\n<\/span><span style=\"color: #c00000; font-family: Arial;\">\u00ab&nbsp;Je pr\u00e9f\u00e9rerais qu&rsquo;il meure dans un accident de voiture plut\u00f4t que de le voir avec un moustachu&nbsp;\u00bb<br \/>\n<\/span><\/p>\n<p><span style=\"color: #777777; font-family: Arial;\">Quand en 2011, une animatrice br\u00e9silienne lui demande lors d&rsquo;une interview t\u00e9l\u00e9vis\u00e9e quelle serait sa r\u00e9action si l&rsquo;un de ses fils tombait amoureux d&rsquo;une femme noire.<br \/>\n<\/span><span style=\"color: #c00000; font-family: Arial;\">\u00ab&nbsp;Je ne discuterais pas de la promiscuit\u00e9 avec qui que ce soit. Il n&rsquo;y a aucune chance que \u00e7a arrive. Mes enfants sont bien \u00e9duqu\u00e9s. Ils n&rsquo;habitent pas dans les m\u00eames endroits que vous&nbsp;\u00bb.<br \/>\n<\/span><\/p>\n<p><span style=\"color: #777777; font-family: Arial;\">En 2017, il part \u00e0 la rencontre d&rsquo;une communaut\u00e9 quilombola, compos\u00e9e de descendants d&rsquo;esclaves en fuite. A la fin de cette visite, il r\u00e9sume:<br \/>\n<\/span><span style=\"color: #c00000; font-family: Arial;\">\u00ab&nbsp;Ils ne font rien ! Ils ne servent m\u00eame pas \u00e0 la reproduction !&nbsp;\u00bb.<br \/>\n<\/span><\/p>\n<p><span style=\"color: #777777; font-family: Arial;\">Il ne fait pas myst\u00e8re de ses pr\u00e9f\u00e9rences sur les m\u00e9thodes de gouvernement. Ainsi il vote en faveur de la destitution de la pr\u00e9sidente Dilma Rousseff et il d\u00e9die, tr\u00e8s officiellement son vote \u00e0<br \/>\n<\/span><span style=\"color: #c00000; font-family: Arial;\">\u00ab&nbsp;la m\u00e9moire du colonel Carlos Alberto Brilhante Ustra&nbsp;\u00bb.<br \/>\n<\/span><\/p>\n<p><span style=\"color: #777777; font-family: Arial;\">Ce militaire est accus\u00e9 de plusieurs assassinats, et il aurait tortur\u00e9 Dilma Rousseff elle-m\u00eame pendant la dictature, alors qu&rsquo;elle \u00e9tait une jeune r\u00e9sistante.<br \/>\n<\/span><\/p>\n<p style=\"margin-left: 28pt;\"><span style=\"color: #777777; font-family: Arial;\">Et il pr\u00e9cise&nbsp;:<\/span><span style=\"color: #c00000; font-family: Arial;\">\u00ab&nbsp;L&rsquo;erreur de la dictature a \u00e9t\u00e9 de torturer sans tuer&nbsp;\u00bb.<br \/>\n<\/span><\/p>\n<p><span style=\"color: #777777; font-family: Arial;\">Car une dictature militaire avait gouvern\u00e9 le Br\u00e9sil entre 1964 et 1985.<br \/>\n<\/span><\/p>\n<p><span style=\"color: #777777; font-family: Arial;\">En ao\u00fbt dernier, alors qu&rsquo;il est en pleine campagne pour la pr\u00e9sidentielle, il explique comment il va remettre de l&rsquo;ordre dans son pays&nbsp;: en donnant l&rsquo;impunit\u00e9 aux policiers&nbsp;:<br \/>\n<\/span><span style=\"color: #c00000; font-family: Arial;\">\u00ab&nbsp;S&rsquo;ils tuent 10, 20 ou 30 personnes, avec 10, 20 ou 30 balles dans la t\u00eate chacun, ils doivent \u00eatre d\u00e9cor\u00e9s, pas poursuivis&nbsp;\u00bb.<br \/>\n<\/span><\/p>\n<p><span style=\"color: #777777; font-family: Arial;\">Voici un floril\u00e8ge que j&rsquo;ai trouv\u00e9 sur plusieurs sites. C&rsquo;est cet homme, misogyne, homophobe, raciste et partisan de la dictature militaire que le suffrage universel a mis, sans fraude, \u00e0 la t\u00eate du Br\u00e9sil, 5\u00e8me pays mondial par la taille, 6\u00e8me par la population et 7\u00e8me par le PIB.<br \/>\n<\/span><\/p>\n<p><span style=\"color: #777777; font-family: Arial;\">Avant le second tour de l&rsquo;\u00e9lection pr\u00e9sidentielle, l&rsquo;\u00e9mission \u00ab<span style=\"color: #0000ff;\">&nbsp;<a style=\"color: #0000ff;\" href=\"https:\/\/www.franceculture.fr\/emissions\/affaires-etrangeres\/le-bresil-avant-le-second-tour-de-lelection-presidentielle\">Affaires Etrang\u00e8res&nbsp;<\/a><\/span>\u00bb a \u00e9t\u00e9 consacr\u00e9e au Br\u00e9sil et \u00e0 l&rsquo;Am\u00e9rique du Sud.<br \/>\n<\/span><\/p>\n<p><span style=\"color: #777777; font-family: Arial;\">Dans cette \u00e9mission, il \u00e9tait surtout question des relations entre Etats d&rsquo;Am\u00e9rique du Sud, avec le Chili et la Colombie \u00e0 droite et le Venezuela de Maduro qui sert de repoussoir aux \u00e9lecteurs de Bolsonaro qui a d\u00e9clar\u00e9&nbsp;:<br \/>\n<\/span><\/p>\n<p style=\"margin-left: 28pt;\"><span style=\"color: #c00000; font-family: Arial;\"> \u00ab&nbsp;Les gens bien au Br\u00e9sil veulent se d\u00e9barrasser du socialisme, ils ne veulent pas d&rsquo;un r\u00e9gime comme celui du Venezuela. Nous ne voulons pas que le Br\u00e9sil soit demain ce que le Venezuela est aujourd&rsquo;hui.&nbsp;\u00bb<br \/>\n<\/span><\/p>\n<p><span style=\"color: #777777; font-family: Arial;\">Des tensions avec le Venezuela sont \u00e0 craindre.<br \/>\n<\/span><\/p>\n<p><span style=\"color: #777777; font-family: Arial;\">Christobal Rovira Kaltwasser, un professeur de sciences politiques \u00e0 Santiago du Chili&nbsp; pense que:<br \/>\n<\/span><\/p>\n<p style=\"margin-left: 28pt;\"><span style=\"color: #c00000; font-family: Arial;\">\u00ab Ce ph\u00e9nom\u00e8ne Bolsonaro n&rsquo;est pas repr\u00e9sentatif du paysage politique d&rsquo;Am\u00e9rique latine, qui a effectivement vir\u00e9 \u00e0 droite, mais reste mod\u00e9r\u00e9 \u00bb.<br \/>\n<\/span><\/p>\n<p><span style=\"color: #777777; font-family: Arial;\">Et un uruguayen<strong>, <\/strong>Andres Malamud<strong>, <\/strong>auquel l&rsquo;\u00e9mission donne la parole affirme&nbsp;:<br \/>\n<\/span><\/p>\n<p style=\"margin-left: 28pt;\"><span style=\"color: #c00000; font-family: Arial;\"> \u00ab&nbsp;Je ne vois pas de sch\u00e9ma uniforme se d\u00e9gager dans la r\u00e9gion, explique-t-il : le Mexique vire \u00e0 gauche la m\u00eame ann\u00e9e o\u00f9 le Br\u00e9sil risque fort de virer \u00e0 droite. En fait, s&rsquo;il y a un sch\u00e9ma quelconque, c&rsquo;est celui de l&rsquo;h\u00e9t\u00e9rog\u00e9n\u00e9it\u00e9, avec certains pays (le Nicaragua et le Venezuela) o\u00f9 la d\u00e9mocratie s&rsquo;est effondr\u00e9e, et d&rsquo;autres (la Colombie et l&rsquo;\u00c9quateur) o\u00f9 elle s&rsquo;est consolid\u00e9e.\u00a0\u00bb&nbsp;\u00bb<br \/>\n<\/span><\/p>\n<p><span style=\"color: #777777; font-family: Arial;\">Au lendemain des \u00e9lections, <span style=\"color: #0000ff;\"><a style=\"color: #0000ff;\" href=\"https:\/\/www.franceculture.fr\/emissions\/linvite-des-matins\/speciale-elections-bresiliennes\">&lt;les matins de France Culture&gt;<\/a><\/span> y ont \u00e9t\u00e9 consacr\u00e9s avec deux invit\u00e9s Olivier Dab\u00e8ne, professeur \u00e0 sciences Po et pr\u00e9sident de l&rsquo;OPALC (Observatoire Politique de l&rsquo;Am\u00e9rique latine et des Cara\u00efbes) et une journaliste franco-br\u00e9silienne, Dani Legras.<br \/>\n<\/span><\/p>\n<p><span style=\"color: #777777; font-family: Arial;\">Olivier Dab\u00e8ne explique qu&rsquo;apr\u00e8s le premier tour l&rsquo;\u00e9lection du candidat d&rsquo;extr\u00eame droite n&rsquo;\u00e9tait pas une surprise. Mais<br \/>\n<\/span><\/p>\n<p style=\"margin-left: 28pt;\"><span style=\"color: #c00000; font-family: Arial;\">\u00ab&nbsp;Si on remonte \u00e0 quelques mois, c&rsquo;est une immense surprise. Il y a un an tout le monde riait de cette candidature, personne ne l&rsquo;a prenait au s\u00e9rieux. Et finalement elle a enfl\u00e9 et ralli\u00e9 beaucoup de supporters \u00e0 gauche et surtout \u00e0 droite. Finalement \u00e0 l&rsquo;issue du premier tour cela devenait mission impossible de [l&#8217;emp\u00eacher de gagner]. [\u2026]<br \/>\n<\/span><\/p>\n<p style=\"margin-left: 28pt;\"><span style=\"color: #c00000; font-family: Arial;\">C&rsquo;est un jour bien triste de voir revenir un nostalgique de la dictature au pouvoir, l\u00e9galement, sans aucune fraude. Le suffrage universel a parl\u00e9.<br \/>\n<\/span><\/p>\n<p style=\"margin-left: 28pt;\"><span style=\"color: #c00000; font-family: Arial;\">Pendant 28 ans, il a \u00e9t\u00e9 [un parlementaire] ignor\u00e9, m\u00e9pris\u00e9. Il n&rsquo;\u00e9tait pas corrompu parce qu&rsquo;aucune entreprise ne s&rsquo;int\u00e9ressait \u00e0 lui, parce qu&rsquo;il \u00e9tait totalement insignifiant..<br \/>\n<\/span><\/p>\n<p><span style=\"color: #777777; font-family: Arial;\">Pendant la campagne c&rsquo;est moins \u00e9vident, car lors de celle-ci des campagnes massives de \u00ab&nbsp;fausses nouvelles&nbsp;\u00bb \u00e9manant de son camp ont envahi les r\u00e9seaux sociaux et au-del\u00e0. Ces campagnes tr\u00e8s couteuses ont probablement fait l&rsquo;objet de financement ill\u00e9gaux et de liens pervers avec certaines puissances \u00e9conomiques<br \/>\n<\/span><\/p>\n<p><a href=\"https:\/\/www.franceculture.fr\/numerique\/comment-detecte-t-les-infox\"><span style=\"font-family: Arial;\"><span style=\"color: #0000ff;\">&lt;Ce site analyse la campagne br\u00e9silienne sous l&rsquo;aspect des fake news&gt;<\/span><\/span><\/a><span style=\"color: #777777; font-family: Arial;\"> On apprend qu&rsquo;un tweet a circul\u00e9 accusant le Parti de Travailleurs (PT) d&rsquo;avoir <em>distribu\u00e9 un biberon avec une t\u00e9tine en forme de p\u00e9nis dans des \u00e9coles maternelles.<br \/>\n<\/em><\/span><\/p>\n<p><span style=\"color: #777777; font-family: Arial;\">Rappelons d&rsquo;o\u00f9 on vient&nbsp;: Lula, ouvrier m\u00e9tallurgiste de profession est \u00e9lu pr\u00e9sident de la R\u00e9publique en 2002, apr\u00e8s avoir fond\u00e9 le Parti des travailleurs (PT), mouvement d&rsquo;inspiration socialiste, il sera pr\u00e9sident du 1er janvier 2003 au 1er janvier 2011. Dilma Rousseff son bras droit lui succ\u00e9da en 2011et fut r\u00e9\u00e9lu. Le Parti des travailleurs permit \u00e0 des millions de br\u00e9siliens \u00e0 sortir de la mis\u00e8re gr\u00e2ce \u00e0 une solide politique de redistribution et \u00e0 un boom \u00e9conomique qui fit du Br\u00e9sil un des grands acteurs \u00e9conomiques du monde.<br \/>\n<\/span><\/p>\n<p><span style=\"color: #777777; font-family: Arial;\">Mais cela, c&rsquo;\u00e9tait avant.<br \/>\n<\/span><\/p>\n<p><span style=\"color: #777777; font-family: Arial;\">La crise \u00e9conomique a rudement touch\u00e9 le Br\u00e9sil dont l&rsquo;endettement a grimp\u00e9, les br\u00e9siliens ont vu leur pouvoir d&rsquo;achat stagner et les difficult\u00e9s \u00e9conomiques au quotidien se d\u00e9velopper.<br \/>\n<\/span><\/p>\n<p><span style=\"color: #777777; font-family: Arial;\">Parall\u00e8lement, l&rsquo;ins\u00e9curit\u00e9, les violences font du Br\u00e9sil un des pays les plus violents de la plan\u00e8te, cr\u00e9ant chez les citoyens un besoin de s\u00e9curit\u00e9, d&rsquo;autorit\u00e9 et de protection auquel visiblement Bolsonaro a fait croire qu&rsquo;il saurait r\u00e9pondre.&nbsp; Olivier Dab\u00e8ne a indiqu\u00e9 qu&rsquo;il y avait actuellement un homicide tous les 8 minutes et a pr\u00e9cis\u00e9 que cela repr\u00e9sentait plus de morts par an (60 000) que tout le conflit isra\u00e9lo-palestinien. <span style=\"color: #0000ff;\"><a style=\"color: #0000ff;\" href=\"http:\/\/<Ce site donne le palmar\u00e9s des pays selon le nombre homicides>\u00ab\u00a0>&lt;Ce site donne le palmar\u00e8s des pays selon le nombre homicides&gt;<\/a><\/span> Sans surprise le Br\u00e9sil l&#8217;emporte avec 25,5 meurtres pour 100 000 habitants devant le Mexique avec 23,4. Les Etats-Unis avec 5,2 est quatri\u00e8me, la France est \u00e0 0,6.<br \/>\n<\/span><\/p>\n<p><span style=\"color: #777777; font-family: Arial;\">Et enfin, il y a la corruption end\u00e9mique. Lula et le Parti des travailleurs n&rsquo;ont pas su lutter contre elle et au contraire s&rsquo;y sont enfonc\u00e9s. Lula est d&rsquo;ailleurs en prison pour de tels faits et Dilma Roussef a \u00e9t\u00e9 destitu\u00e9e.<br \/>\n<\/span><\/p>\n<p><span style=\"color: #777777; font-family: Arial;\">Beaucoup disent que le Parti des travailleurs \u00e9taient moins corrompus que les Partis de Droite. La moiti\u00e9 des d\u00e9put\u00e9s br\u00e9siliens font l&rsquo;objet de poursuites judiciaires pour corruption.<br \/>\n<\/span><\/p>\n<p><span style=\"color: #777777; font-family: Arial;\">Il faut remarquer que dans les urnes si le Parti des Travailleurs a \u00e9t\u00e9 battu il a au moins \u00e9t\u00e9 au second tour, ce qui n&rsquo;est pas le cas de la droite traditionnelle qui a disparu encore davantage que le PT.<br \/>\n<\/span><\/p>\n<p><span style=\"color: #777777; font-family: Arial;\">Mais il y a eu un rejet du PT de la majorit\u00e9 des \u00e9lecteurs br\u00e9siliens qui se sont exprim\u00e9s.<br \/>\n<\/span><\/p>\n<p><span style=\"color: #777777; font-family: Arial;\">La journaliste Dani Legras a reconnu avec tristesse que m\u00eame sa m\u00e8re a vot\u00e9 Bolsonaro, bien que dans sa jeunesse et en tant qu&rsquo;\u00e9tudiante elle a eu \u00e0 souffrir de la dictature militaire. Mais la m\u00e8re de la journaliste minimise le danger d&rsquo;une dictature militaire et affirme que ce dont le Br\u00e9sil a besoin c&rsquo;est d&rsquo;un r\u00e9gime autoritaire sachant lutter contre la violence, l&rsquo;autre raison \u00e9tant de se d\u00e9barrasser du Parti des travailleurs.<br \/>\n<\/span><\/p>\n<p><span style=\"color: #777777; font-family: Arial;\">Olivier Dab\u00e8ne pr\u00e9cise cependant&nbsp;:<br \/>\n<\/span><\/p>\n<p style=\"margin-left: 28pt;\"><span style=\"color: #c00000; font-family: Arial;\">\u00ab&nbsp;Il y a aussi 31 millions de Br\u00e9siliens qui n&rsquo;ont pas vot\u00e9. C&rsquo;est un taux d&rsquo;abstention record. Bolsonaro, ce n&rsquo;est pas le raz-de-mar\u00e9e qu&rsquo;on d\u00e9crit. Il y a des Br\u00e9siliens qui ont choisi de ne pas trancher. Il y a \u00e9norm\u00e9ment de votes blancs et nuls, et cela traduit un malaise.&nbsp;\u00bb<br \/>\n<\/span><\/p>\n<p><span style=\"color: #777777; font-family: Arial;\">Toutefois s&rsquo;ils n&rsquo;ont pas vot\u00e9 c&rsquo;est qu&rsquo;ils acceptaient que cet homme peu recommandable arrive au pouvoir.<br \/>\n<\/span><\/p>\n<p><span style=\"color: #777777; font-family: Arial;\">Homme qui a aussi \u00e9t\u00e9 soutenu et port\u00e9 par les mouvements \u00e9vang\u00e9listes qui soutiennent son programme conservateur.<br \/>\n<\/span><\/p>\n<p><span style=\"color: #777777; font-family: Arial;\">Ce politique qui avoue ne rien y comprendre \u00e0 l&rsquo;\u00e9conomie et pr\u00e9tend donner les cl\u00e9s \u00e0 un \u00e9conomiste ultra lib\u00e9ral admirateur de l&rsquo;\u00e9cole de de Chicago. Cette initiative et tendance lui ont permis d&rsquo;obtenir l&rsquo;appui des milieux \u00e9conomiques vers la fin de la campagne.<br \/>\n<\/span><\/p>\n<p><span style=\"color: #777777; font-family: Arial;\">Evidemment l&rsquo;\u00e9cologie n&rsquo;est pas sa pr\u00e9occupation et la for\u00eat amazonienne va encore davantage \u00eatre exploit\u00e9e et la d\u00e9forestation va progresser.<br \/>\n<\/span><\/p>\n<p><span style=\"color: #777777; font-family: Arial;\">J&rsquo;ai choisi pour exergue pour ce mot du jour le titre d&rsquo;un article de Lib\u00e9ration consacr\u00e9 \u00e0 cette \u00e9lection \u00ab&nbsp;<a href=\"https:\/\/www.liberation.fr\/planete\/2018\/10\/29\/bolsonaro-la-fulgurante-ascension-du-capitaine-de-la-haine_1688678\"><span style=\"color: #0000ff;\">Bolsonaro : la fulgurante ascension du capitaine de la haine<\/span>&nbsp;<\/a>\u00bb<br \/>\n<\/span><\/p>\n<p><span style=\"color: #777777; font-family: Arial;\">Ce qui me pr\u00e9occupe c&rsquo;est cette \u00e9volution \u00e9tonnante des d\u00e9mocraties qui fait basculer les Etats-Unis d&rsquo;Obama \u00e0 Trump, le Br\u00e9sil de Lula \u00e0 Bolsonaro et \u00e0 un degr\u00e9 moindre de Renzi (<em>qui est une personne beaucoup moins lumineuse et int\u00e9ressante que Lula ou Obama<\/em>) \u00e0 Salvani.<br \/>\n<\/span><\/p>\n<p><span style=\"color: #777777; font-family: Arial;\">On pensait \u00eatre dans une dynamique de progr\u00e8s et on retombe plus bas qu&rsquo;on n&rsquo;\u00e9tait avant.<br \/>\n<\/span><\/p>\n<p><span style=\"color: maroon; font-family: Arial;\">&lt;1137&gt;<\/span><\/p>\n","protected":false},"excerpt":{"rendered":"<p>\u00ab&nbsp;Bolsonaro : la fulgurante ascension du capitaine de la haine&nbsp;\u00bb Titre d\u2019un article de Lib\u00e9ration consacr\u00e9 \u00e0 l\u2019\u00e9lection br\u00e9silienne Chantal Rayes et Fran\u00e7ois-Xavier Gomez Jair Bolsonaro, a \u00e9t\u00e9 \u00e9lu Pr\u00e9sident du Br\u00e9sil. Il a des id\u00e9es \u00e9tonnantes, ainsi il veut<\/p>\n","protected":false},"author":1,"featured_media":0,"comment_status":"open","ping_status":"closed","sticky":false,"template":"","format":"standard","meta":{"footnotes":""},"categories":[1],"tags":[116,18,3],"class_list":["post-5601","post","type-post","status-publish","format-standard","hentry","category-motdujour","tag-amerique-du-sud","tag-international","tag-politique"],"_links":{"self":[{"href":"https:\/\/lemotdujour.fr\/index.php?rest_route=\/wp\/v2\/posts\/5601","targetHints":{"allow":["GET"]}}],"collection":[{"href":"https:\/\/lemotdujour.fr\/index.php?rest_route=\/wp\/v2\/posts"}],"about":[{"href":"https:\/\/lemotdujour.fr\/index.php?rest_route=\/wp\/v2\/types\/post"}],"author":[{"embeddable":true,"href":"https:\/\/lemotdujour.fr\/index.php?rest_route=\/wp\/v2\/users\/1"}],"replies":[{"embeddable":true,"href":"https:\/\/lemotdujour.fr\/index.php?rest_route=%2Fwp%2Fv2%2Fcomments&post=5601"}],"version-history":[{"count":9,"href":"https:\/\/lemotdujour.fr\/index.php?rest_route=\/wp\/v2\/posts\/5601\/revisions"}],"predecessor-version":[{"id":12132,"href":"https:\/\/lemotdujour.fr\/index.php?rest_route=\/wp\/v2\/posts\/5601\/revisions\/12132"}],"wp:attachment":[{"href":"https:\/\/lemotdujour.fr\/index.php?rest_route=%2Fwp%2Fv2%2Fmedia&parent=5601"}],"wp:term":[{"taxonomy":"category","embeddable":true,"href":"https:\/\/lemotdujour.fr\/index.php?rest_route=%2Fwp%2Fv2%2Fcategories&post=5601"},{"taxonomy":"post_tag","embeddable":true,"href":"https:\/\/lemotdujour.fr\/index.php?rest_route=%2Fwp%2Fv2%2Ftags&post=5601"}],"curies":[{"name":"wp","href":"https:\/\/api.w.org\/{rel}","templated":true}]}}