{"id":5591,"date":"2018-10-30T01:21:33","date_gmt":"2018-10-30T00:21:33","guid":{"rendered":"http:\/\/lemotdujour.fr\/?p=5591"},"modified":"2021-09-26T19:37:30","modified_gmt":"2021-09-26T17:37:30","slug":"mardi-30-octobre-2018","status":"publish","type":"post","link":"https:\/\/lemotdujour.fr\/?p=5591","title":{"rendered":"Mardi 30 octobre 2018"},"content":{"rendered":"<div class=\"mdjTexte\">\t\u00ab&nbsp;J\u2019ai l\u2019impression d\u2019emporter avec moi un monde mort, aux synagogues d\u00e9truites et aux tombes \u00e9ventr\u00e9es.&nbsp;\u00bb<\/div>\n<div class=\"mdjAuteur\">\tRobert Badinter<\/div>\n<p><span style=\"color: #777777; font-family: Arial;\">Hier, je vous disais que Robert Badinter avait \u00e9t\u00e9 l&rsquo;invit\u00e9 du <span style=\"color: #0000ff;\"><a style=\"color: #0000ff;\" href=\"https:\/\/www.franceinter.fr\/emissions\/l-invite-de-8h20-le-grand-entretien\/l-invite-de-8h20-le-grand-entretien-26-octobre-2018\">7-9 de France Inter du vendredi 26 octobre 2018<\/a><\/span>, mais je ne vous en n&rsquo;ai pas donn\u00e9 la raison.<br \/>\n<\/span><\/p>\n<p><span style=\"color: #777777; font-family: Arial;\">Il avait \u00e9t\u00e9 invit\u00e9 parce qu&rsquo;il vient de publier un livre sur sa grand-m\u00e8re maternelle, \u00ab&nbsp;<a href=\"https:\/\/www.fayard.fr\/documents-temoignages\/idiss-9782213710105\"><strong><span style=\"color: #0000ff;\">Idiss<\/span><\/strong><\/a><strong>&nbsp;<\/strong>\u00bb (edition. Fayard).<br \/>\n<\/span><\/p>\n<p><span style=\"color: #777777; font-family: Arial;\"><img loading=\"lazy\" decoding=\"async\" class=\"wp-image-5599 alignleft\" src=\"https:\/\/lemotdujour.fr\/wp-content\/uploads\/2018\/10\/Idiss-Badinter.jpg\" alt=\"\" width=\"193\" height=\"307\" srcset=\"https:\/\/lemotdujour.fr\/wp-content\/uploads\/2018\/10\/Idiss-Badinter.jpg 340w, https:\/\/lemotdujour.fr\/wp-content\/uploads\/2018\/10\/Idiss-Badinter-189x300.jpg 189w\" sizes=\"auto, (max-width: 193px) 100vw, 193px\" \/>Il a dit lors de cette \u00e9mission en parlant du destin de sa grand-m\u00e8re&nbsp;:<br \/>\n<\/span><\/p>\n<p style=\"margin-left: 28pt;\"><span style=\"color: #c00000; font-family: Arial;\">\u00ab&nbsp;C&rsquo;est l&rsquo;histoire d&rsquo;une migration et de la fuite du r\u00e9gime tsariste. [\u2026] J&rsquo;ai eu le sentiment qu&rsquo;il fallait, avant qu&rsquo;il ne soit trop tard, lui rendre t\u00e9moignage. Les rapports entre les grands parents et les petits enfants ne sont pas de la m\u00eame nature qu&rsquo;avec les parents, c&rsquo;est une source d&rsquo;amour. [\u2026]<br \/>\n<\/span><\/p>\n<p style=\"margin-left: 28pt;\"><span style=\"color: #c00000; font-family: Arial;\">Fuyant le r\u00e9gime tsariste o\u00f9 les pogroms contre les juifs \u00e9taient fr\u00e9quents, c&rsquo;est en France que Idiss est arriv\u00e9e : \u00ab\u00a0On ne mesure pas ce qu&rsquo;\u00e9tait cette tr\u00e8s lointaine \u00e9poque, dans l&#8217;empire allemand et celui du Tsar, le rayonnement de la R\u00e9publique fran\u00e7aise. Celui qui a condamn\u00e9 de la fa\u00e7on la plus violente ces massacres, c&rsquo;est Jaur\u00e8s\u00a0\u00bb. Il rappelle que \u00ab\u00a0le Fran\u00e7ais \u00e9tait alors parl\u00e9 dans toute l&rsquo;Europe continentale. Et sp\u00e9cialement dans l&#8217;empire Russe. Le rayonnement de la langue, l&rsquo;\u00e9clat des \u00e9crivains &#8211; Hugo \u00e9tait l&rsquo;\u00e9crivain le plus vendu en Europe\u00a0\u00bb.<br \/>\n<\/span><\/p>\n<p style=\"margin-left: 28pt;\"><span style=\"color: #c00000; font-family: Arial;\"> La France et surtout la R\u00e9publique, fille de la R\u00e9volution, avaient pour la premi\u00e8re fois en Europe continentale donn\u00e9 aux juifs l&rsquo;\u00e9galit\u00e9 des droits et la possibilit\u00e9 de devenir juge, officier, et la libert\u00e9 compl\u00e8te comme les autres citoyens. D&rsquo;o\u00f9 l&rsquo;axiome de l&rsquo;\u00e9poque : \u00ab\u00a0Heureux comme un juif en France\u00a0\u00bb. C&rsquo;est l\u00e0 o\u00f9 il fallait aller.&nbsp;\u00bb<br \/>\n<\/span><\/p>\n<p><span style=\"color: #777777; font-family: Arial;\">Pour ce m\u00eame livre, Robert Badinter a donn\u00e9 une interview \u00e0 l&rsquo;Express, publi\u00e9 le 23\/10\/2018&nbsp;: <span style=\"color: #0000ff;\"><a style=\"color: #0000ff;\" href=\"https:\/\/www.lexpress.fr\/culture\/robert-badinter-j-emporte-avec-moi-un-monde-mort_2040239.html\">\u00ab&nbsp;J&#8217;emporte avec moi un monde mort&nbsp;\u00bb<\/a><\/span><br \/>\n<\/span><\/p>\n<p><span style=\"color: #777777; font-family: Arial;\">On apprend dans cet article que sa grand-m\u00e8re maternelle, Idiss \u00e9tait originaire du <span style=\"color: #0000ff;\"><a style=\"color: #0000ff;\" href=\"https:\/\/fr.wikipedia.org\/wiki\/Yiddishland\">Yiddishland<\/a>,<\/span> en Bessarabie, r\u00e9gion situ\u00e9e au sud de l&rsquo;Empire tsariste, en lisi\u00e8re de la Roumanie. Elle \u00e9tait n\u00e9e en 1863, pr\u00e8s de Kichinev qui est aujourd&rsquo;hui la capitale de la Moldavie et qu&rsquo;on appelle d\u00e9sormais Chisinau.<br \/>\n<\/span><\/p>\n<p><span style=\"color: #777777; font-family: Arial;\">Kichinev est aussi entr\u00e9 dans l&rsquo;Histoire en raison de deux pogroms qui ont eu lieu au tout d\u00e9but du XX\u00e8me si\u00e8cle. Ces deux \u00e9meutes antis\u00e9mites appel\u00e9s <span style=\"color: #0000ff;\"><a style=\"color: #0000ff;\" href=\"https:\/\/fr.wikipedia.org\/wiki\/Pogroms_de_Kichinev\">pogroms de Kichinev<\/a><\/span> se sont d\u00e9roul\u00e9s en avril 1903 et en octobre 1905.<br \/>\n<\/span><\/p>\n<p><span style=\"color: #777777; font-family: Arial;\">La Moldavie est un ancien Etat de l&rsquo;Union sovi\u00e9tique coinc\u00e9e entre l&rsquo;Ukraine et la Roumanie. <a href=\"https:\/\/www.la-croix.com\/Monde\/Europe\/Moldavie-terre-vide-2017-06-08-1200853341\"><span style=\"color: #0000ff;\">C&rsquo;est aujourd&rsquo;hui le pays le plus pauvre d&rsquo;Europe<\/span><\/a> qui se vide de ses forces vives.<br \/>\n<\/span><\/p>\n<p><span style=\"color: #777777; font-family: Arial;\">Le monde juif, le Yiddishland est \u00e9videmment un monde d\u00e9sormais perdu qui a \u00e9t\u00e9 d\u00e9cim\u00e9 par la Shoah.<br \/>\n<\/span><\/p>\n<p><span style=\"color: #777777; font-family: Arial;\">Robert Badinter explique les raisons qui l&rsquo;ont pouss\u00e9 \u00e0 \u00e9crire ce livre&nbsp;:<br \/>\n<\/span><\/p>\n<p style=\"margin-left: 28pt;\"><span style=\"color: #c00000; font-family: Arial;\">\u00ab&nbsp;Il ne s&rsquo;agit ni d&rsquo;un projet de M\u00e9moires, ni d&rsquo;une biographie exhaustive sur la vie \u00e0 la fois romanesque et tragique d&rsquo;Idiss. C&rsquo;est un geste. Un geste vers mon enfance d&rsquo;abord, et un geste vers mes parents ensuite. J&rsquo;ai compris \u00e0 ce moment-l\u00e0 &#8211; ce qui n&rsquo;est pas sans enseignement pour notre \u00e9poque &#8211; que le fait de pouvoir se dire \u00ab&nbsp;j&rsquo;ai eu des gens bien comme parents&nbsp;\u00bb est un grand r\u00e9confort dans la vie. &nbsp;\u00bb<br \/>\n<\/span><\/p>\n<p><span style=\"color: #777777; font-family: Arial;\">C&rsquo;est pour fuir la violence des pogroms de la Russie tsariste que beaucoup de juifs ont fui cette r\u00e9gion.<br \/>\n<\/span><\/p>\n<p><span style=\"color: #777777; font-family: Arial;\">Robert Badinter parle&nbsp;:<br \/>\n<\/span><\/p>\n<p style=\"margin-left: 28pt;\"><span style=\"color: #c00000; font-family: Arial;\">D&rsquo;\u00ab un destin juif, europ\u00e9en et cruel. Son parcours rel\u00e8ve des grandes migrations de cette p\u00e9riode. [Ma grand-m\u00e8re] fuit une Bessarabie russe domin\u00e9e par le r\u00e9gime tsariste, avec tout ce que cela implique de violences antis\u00e9mites, pour gagner Paris avant la Premi\u00e8re Guerre mondiale. Apr\u00e8s le d\u00e9nuement des d\u00e9buts, \u00e0 force de travail et gr\u00e2ce \u00e0 la prosp\u00e9rit\u00e9 des ann\u00e9es 1920, Idiss et les siens conna\u00eetront une aisance quasi bourgeoise, jusqu&rsquo;\u00e0 ce que survienne le d\u00e9sastre de la d\u00e9faite de 1940 et de l&rsquo;Occupation allemande.&nbsp;\u00bb<br \/>\n<\/span><\/p>\n<p><span style=\"color: #777777; font-family: Arial;\">Et il raconte&nbsp;:<br \/>\n<\/span><\/p>\n<p style=\"margin-left: 28pt;\"><span style=\"color: #c00000; font-family: Arial;\">\u00ab&nbsp;Les fils d&rsquo;Idiss, Avroum et Naftoul, partirent les premiers, vers 1907. Ils prirent la route apr\u00e8s les pogroms meurtriers de Kichinev. Parmi les motivations de leur d\u00e9part pour la France, il y a leur prise de conscience que l&rsquo;antis\u00e9mitisme rendait la poursuite de la vie en Bessarabie impossible. Le sionisme n&rsquo;\u00e9tait encore qu&rsquo;un r\u00eave d&rsquo;intellectuels. Pour eux, la seule solution \u00e9tait de s&rsquo;en aller dans l&rsquo;espoir de trouver les horizons de la libert\u00e9 et de la dignit\u00e9.<br \/>\n<\/span><\/p>\n<p style=\"margin-left: 28pt;\"><span style=\"color: #c00000; font-family: Arial;\">Partir, mais o\u00f9 ?<br \/>\n<\/span><span style=\"color: #c00000; font-family: Arial;\">N&rsquo;importe o\u00f9 vers les villes d&rsquo;Europe centrale &#8211; Berlin, Vienne &#8211; et puis, au-del\u00e0, vers Paris, Londres et, bien-s\u00fbr, les Etats-Unis. Je me souviens d&rsquo;une anecdote qui dit tout de l&rsquo;esprit du temps. Un voisin juif vient faire ses adieux \u00e0 un ami :<br \/>\n<\/span><\/p>\n<p style=\"margin-left: 28pt;\"><span style=\"color: #c00000; font-family: Arial;\">&#8211; \u00ab\u00a0Je m&rsquo;en vais.<br \/>\n<\/span><span style=\"color: #c00000; font-family: Arial;\">&#8211; Mais o\u00f9 vas-tu ?<br \/>\n<\/span><span style=\"color: #c00000; font-family: Arial;\">&#8211; Je vais \u00e0 Chicago.<br \/>\n<\/span><span style=\"color: #c00000; font-family: Arial;\">&#8211; C&rsquo;est loin, \u00e7a&#8230;.\u00a0\u00bb<br \/>\n<\/span><\/p>\n<p style=\"margin-left: 28pt;\"><span style=\"color: #c00000; font-family: Arial;\">Et l&rsquo;autre r\u00e9pond : \u00ab\u00a0Loin d&rsquo;o\u00f9 ?\u00a0\u00bb<br \/>\n<\/span><\/p>\n<p style=\"margin-left: 28pt;\"><span style=\"color: #c00000; font-family: Arial;\">Merveilleuse r\u00e9plique&#8230;&nbsp;\u00bb<br \/>\n<\/span><\/p>\n<p><span style=\"color: #777777; font-family: Arial;\">Et il parle d&rsquo;une \u00e9poque o\u00f9 la langue fran\u00e7aise et la France disposaient d&rsquo;un prestige qu&rsquo;elles n&rsquo;ont plus aujourd&rsquo;hui&nbsp;:<br \/>\n<\/span><\/p>\n<p style=\"margin-left: 28pt;\"><span style=\"color: #c00000; font-family: Arial;\">\u00ab&nbsp;Dans la Russie tsariste, la langue fran\u00e7aise tenait une place toute particuli\u00e8re. On la parlait, l&rsquo;enseignait dans les lyc\u00e9es, les enfants grandissaient dans la culture fran\u00e7aise. On ne mesure pas l&rsquo;amour et sa part de r\u00eave qu&rsquo;une grande partie de la population juive de Bessarabie portait \u00e0 la France et surtout \u00e0 la R\u00e9publique. Chez les \u00e9tudiants, en g\u00e9n\u00e9ral les plus pauvres, la France de la R\u00e9volution fran\u00e7aise restait un exemple lumineux. Apr\u00e8s tout, au XIXe si\u00e8cle, elle \u00e9tait le seul pays d&rsquo;Europe o\u00f9 un juif pouvait \u00eatre titulaire de tous les droits civils et civiques. Il avait le choix de devenir, comme les autres, juge, officier ou professeur. C&rsquo;\u00e9tait quelque chose d&rsquo;inou\u00ef pour des sujets de l&#8217;empire tsariste. D&rsquo;o\u00f9 l&rsquo;expression : \u00ab\u00a0Heureux comme un juif en France.\u00a0\u00bb Ce propos fleurissait dans toute l&rsquo;Europe. Son appel r\u00e9sonnait dans les profondeurs de la Russie tsariste. La r\u00e9alit\u00e9, h\u00e9las, n&rsquo;\u00e9tait pas toujours aussi favorable. &nbsp;\u00bb<br \/>\n<\/span><\/p>\n<p><span style=\"color: #777777; font-family: Arial;\">Et il \u00e9voque aussi l&rsquo;\u00e9cole fran\u00e7aise de cette \u00e9poque&nbsp;:<br \/>\n<\/span><\/p>\n<p style=\"margin-left: 28pt;\"><span style=\"color: #c00000; font-family: Arial;\">\u00ab&nbsp;L&rsquo;\u00e9cole fran\u00e7aise, jusque dans les ann\u00e9es 1930, \u00e9tait une prodigieuse machine assimilatrice. C&rsquo;est pour cela que M. Martin &#8211; l&rsquo;instituteur de ma m\u00e8re, Charlotte &#8211; me para\u00eet symbolique. Il prenait sur lui la charge des heures suppl\u00e9mentaires, car il y voyait le devoir d&rsquo;int\u00e9grer les petits immigr\u00e9s. Tous les enfants de \u00ab\u00a0d\u00e9barqu\u00e9s\u00a0\u00bb allaient \u00e0 l&rsquo;\u00e9cole ; pas question de s&rsquo;y soustraire. Tout cela eut un r\u00f4le majeur dans l&rsquo;int\u00e9gration de g\u00e9n\u00e9rations d&rsquo;\u00e9trangers dans la R\u00e9publique, et en particulier de juifs d&rsquo;Europe centrale. &nbsp;\u00bb<br \/>\n<\/span><\/p>\n<p><span style=\"color: #777777; font-family: Arial;\">En revanche, Lyon qu&rsquo;on a appel\u00e9 par la suite la capitale de la r\u00e9sistance ne lui a pas laiss\u00e9 un souvenir bienveillant&nbsp;:<br \/>\n<\/span><\/p>\n<p style=\"margin-left: 28pt;\"><span style=\"color: #c00000; font-family: Arial;\"> \u00ab&nbsp;Oui, j&rsquo;\u00e9tais r\u00e9volt\u00e9 par le spectacle de cette ville ruisselante de p\u00e9tainisme. C&rsquo;\u00e9tait bien pire qu&rsquo;\u00e0 Paris. Dans la capitale, la plupart des Parisiens attribuaient leurs souffrances aux Allemands. Les Lyonnais, eux, \u00e9taient plus enclins \u00e0 incriminer les juifs, surtout \u00e9trangers. Il r\u00e9gnait une atmosph\u00e8re avilissante, d&rsquo;une m\u00e9diocrit\u00e9 inou\u00efe, marqu\u00e9e par l&rsquo;adoration pour un vieillard comme le Mar\u00e9chal qui incarnait un pass\u00e9 glorieux. J&rsquo;\u00e9tais constern\u00e9 par les parades et le c\u00e9r\u00e9monial ridicule qui entouraient le r\u00e9gime. Au lyc\u00e9e, les adolescents \u00e9taient rassembl\u00e9s pour le salut aux couleurs et le chant en choeur de Mar\u00e9chal, nous voil\u00e0 ! C&rsquo;\u00e9tait une \u00e9poque d&rsquo;une grande bassesse. Le cadet des fils d&rsquo;Idiss, Naftoul, a \u00e9t\u00e9 d\u00e9nonc\u00e9 par une voisine apr\u00e8s la mort de ma grand-m\u00e8re. A la Lib\u00e9ration, la d\u00e9latrice a \u00e9t\u00e9 identifi\u00e9e, et ma m\u00e8re s&rsquo;est rendue \u00e0 une convocation pour la rencontrer. Elle lui demanda :<br \/>\n<\/span><\/p>\n<p style=\"margin-left: 28pt;\"><span style=\"color: #c00000; font-family: Arial;\">&#8211; \u00ab\u00a0Mon fr\u00e8re \u00e9tait-il d\u00e9sagr\u00e9able ?<br \/>\n<\/span><span style=\"color: #c00000; font-family: Arial;\">&#8211; Non, il \u00e9tait tr\u00e8s aimable.<br \/>\n<\/span><span style=\"color: #c00000; font-family: Arial;\">&#8211; Alors pourquoi avoir d\u00e9nonc\u00e9 sa pr\u00e9sence aux autorit\u00e9s ?\u00a0\u00bb<br \/>\n<\/span><\/p>\n<p style=\"margin-left: 28pt;\"><span style=\"color: #c00000; font-family: Arial;\">Et la femme de faire cet aveu : \u00ab\u00a0Mais pour les meubles !\u00a0\u00bb&nbsp;\u00bb<br \/>\n<\/span><\/p>\n<p><span style=\"color: #777777; font-family: Arial;\">Et il conclut sur cette r\u00e9flexion philosophique et historique&nbsp;:<br \/>\n<\/span><\/p>\n<p style=\"margin-left: 28pt;\"><span style=\"color: #c00000; font-family: Arial;\">\u00ab&nbsp;Ecrire sur Idiss, c&rsquo;est exhumer un univers englouti. Une Atlantide culturelle. [\u2026]. Il m&rsquo;arrive de r\u00e9fl\u00e9chir, au M\u00e9morial, devant la liste interminable des victimes de la Shoah, et je suis pris de vertige devant les crimes commis, notamment \u00e0 l&rsquo;\u00e9gard des enfants. Face \u00e0 l&rsquo;\u00e9nigme de ce massacre des innocents, je songe que Dieu, ces jours-l\u00e0, avait d\u00e9tourn\u00e9 son regard de la terre. <strong>J&rsquo;ai l&rsquo;impression d&#8217;emporter avec moi un monde mort, aux synagogues d\u00e9truites et aux tombes \u00e9ventr\u00e9es.<\/strong> Et je me dois d&rsquo;en t\u00e9moigner, pour que l&rsquo;oubli ne l&#8217;emporte pas tout \u00e0 fait. Bien s\u00fbr, je reconstitue certains d\u00e9tails par l&rsquo;imagination, mais j&rsquo;esp\u00e8re avoir \u00e9t\u00e9 fid\u00e8le \u00e0 l&rsquo;essentiel. A cette occasion, j&rsquo;ai rev\u00e9cu par la pens\u00e9e tout ce qu&rsquo;a d\u00fb endurer Idiss, \u00e0 la toute fin de sa vie, dans le Paris de 1942. Les derni\u00e8res ann\u00e9es de l&rsquo;Occupation furent terribles. \u00bb<br \/>\n<\/span><\/p>\n<p><span style=\"color: #777777; font-family: Arial;\">Un t\u00e9moignage poignant et qui rappelle d&rsquo;o\u00f9 nous venons et o\u00f9 surtout il ne faut pas retourner.<br \/>\n<\/span><\/p>\n<p><span style=\"color: maroon; font-family: Arial;\">&lt;1136&gt;<\/span><\/p>\n","protected":false},"excerpt":{"rendered":"<p>\u00ab&nbsp;J\u2019ai l\u2019impression d\u2019emporter avec moi un monde mort, aux synagogues d\u00e9truites et aux tombes \u00e9ventr\u00e9es.&nbsp;\u00bb Robert Badinter Hier, je vous disais que Robert Badinter avait \u00e9t\u00e9 l&rsquo;invit\u00e9 du 7-9 de France Inter du vendredi 26 octobre 2018, mais je ne<\/p>\n","protected":false},"author":1,"featured_media":0,"comment_status":"open","ping_status":"closed","sticky":false,"template":"","format":"standard","meta":{"footnotes":""},"categories":[1],"tags":[12,17,103],"class_list":["post-5591","post","type-post","status-publish","format-standard","hentry","category-motdujour","tag-documentaire","tag-histoire","tag-racisme"],"_links":{"self":[{"href":"https:\/\/lemotdujour.fr\/index.php?rest_route=\/wp\/v2\/posts\/5591","targetHints":{"allow":["GET"]}}],"collection":[{"href":"https:\/\/lemotdujour.fr\/index.php?rest_route=\/wp\/v2\/posts"}],"about":[{"href":"https:\/\/lemotdujour.fr\/index.php?rest_route=\/wp\/v2\/types\/post"}],"author":[{"embeddable":true,"href":"https:\/\/lemotdujour.fr\/index.php?rest_route=\/wp\/v2\/users\/1"}],"replies":[{"embeddable":true,"href":"https:\/\/lemotdujour.fr\/index.php?rest_route=%2Fwp%2Fv2%2Fcomments&post=5591"}],"version-history":[{"count":7,"href":"https:\/\/lemotdujour.fr\/index.php?rest_route=\/wp\/v2\/posts\/5591\/revisions"}],"predecessor-version":[{"id":12133,"href":"https:\/\/lemotdujour.fr\/index.php?rest_route=\/wp\/v2\/posts\/5591\/revisions\/12133"}],"wp:attachment":[{"href":"https:\/\/lemotdujour.fr\/index.php?rest_route=%2Fwp%2Fv2%2Fmedia&parent=5591"}],"wp:term":[{"taxonomy":"category","embeddable":true,"href":"https:\/\/lemotdujour.fr\/index.php?rest_route=%2Fwp%2Fv2%2Fcategories&post=5591"},{"taxonomy":"post_tag","embeddable":true,"href":"https:\/\/lemotdujour.fr\/index.php?rest_route=%2Fwp%2Fv2%2Ftags&post=5591"}],"curies":[{"name":"wp","href":"https:\/\/api.w.org\/{rel}","templated":true}]}}