{"id":5583,"date":"2018-10-29T02:27:30","date_gmt":"2018-10-29T01:27:30","guid":{"rendered":"http:\/\/lemotdujour.fr\/?p=5583"},"modified":"2021-09-26T19:38:29","modified_gmt":"2021-09-26T17:38:29","slug":"lundi-29-octobre-2018","status":"publish","type":"post","link":"https:\/\/lemotdujour.fr\/?p=5583","title":{"rendered":"Lundi 29 octobre 2018"},"content":{"rendered":"<div class=\"mdjTexte\">\t\u00ab&nbsp;Pour moi, jusqu\u2019\u00e0 la fin de mes jours, tant que j\u2019aurai un souffle Monsieur Faurisson, vous ne serez jamais, vous et vos pareils que des faussaires de l\u2019Histoire.\u00bb<\/div>\n<div class=\"mdjAuteur\">\tRobert Badinter, 12 mars 2007. 17\u00e8me chambre correctionnelle du Tribunal de Grande Instance de Paris.<\/div>\n<p><span style=\"color: #777777; font-family: Arial;\">Robert Faurisson est mort le 21 octobre 2018. Il fut le premier n\u00e9gationniste embl\u00e9matique, il est mort mais ses id\u00e9es perdurent. Dieudonn\u00e9 par exemple lui a rendu hommage.<br \/>\n<\/span><\/p>\n<p><span style=\"color: #777777; font-family: Arial;\">Et parall\u00e8lement, l&rsquo;antis\u00e9mitisme qui s&rsquo;\u00e9tait terr\u00e9 depuis la seconde guerre mondiale resurgit en Occident avec de plus en plus de vigueur.<br \/>\n<\/span><\/p>\n<p><span style=\"color: #777777; font-family: Arial;\">Georges Bernanos l&rsquo;avait \u00e9crit&nbsp;: \u00ab&nbsp;Hitler a d\u00e9shonor\u00e9 \u00e0 jamais le mot antis\u00e9mitisme&nbsp;\u00bb. Donc on ne pouvait plus rien dire.<br \/>\n<\/span><\/p>\n<p><span style=\"color: #777777; font-family: Arial;\"><em>Pour \u00eatre juste avec Bernanos, cette phrase est sortie de son contexte et m\u00eame s&rsquo;il appartint dans sa jeunesse \u00e0 l&rsquo;Action Fran\u00e7aise, il ne peut pas \u00eatre class\u00e9 simplement parmi les anti-s\u00e9mites. <\/em>&lt;<span style=\"color: #0000ff;\"><a style=\"color: #0000ff;\" href=\"https:\/\/www.liberation.fr\/tribune\/2008\/09\/02\/bernanos-et-les-bien-pensants_79217\">Lire \u00e0 ce propos la tribune de Philippe Lan\u00e7on dans Lib\u00e9ration le 2 septembre 2008<\/a><\/span>&gt;<br \/>\n<\/span><\/p>\n<p><a href=\"https:\/\/www.ouest-france.fr\/education\/etudiant\/frederique-vidal-preoccupee-par-la-recrudescence-d-actes-antisemites-dans-l-enseignement-superieur-6034625\"><span style=\"font-family: Arial;\">&lt;<span style=\"color: #0000ff;\">M\u00eame dans l&rsquo;Universit\u00e9&gt;<\/span><\/span><\/a><span style=\"color: #777777; font-family: Arial;\">, que l&rsquo;on pourrait esp\u00e9rer \u00e9pargn\u00e9 par ce sentiment primaire et haineux l&rsquo;antis\u00e9mitisme progresse.<br \/>\n<\/span><\/p>\n<p><span style=\"color: #777777; font-family: Arial;\">Et aux Etats-Unis les actes antis\u00e9mites sont aussi en forte progression. Un <span style=\"color: #0000ff;\"><a style=\"color: #0000ff;\" href=\"https:\/\/abonnes.lemonde.fr\/les-decodeurs\/article\/2018\/10\/27\/aux-etats-unis-les-actes-antisemites-en-forte-progression_5375602_4355770.html?\">&lt;article du Monde&gt;<\/a> <\/span>nous apprend que le nombre d&rsquo;actes antis\u00e9mites recens\u00e9s par l&rsquo;Anti-Defamation League a augment\u00e9 de 57 % entre 2016 et 2017.<br \/>\n<\/span><\/p>\n<p><span style=\"color: #777777; font-family: Arial;\">Et la fusillade qui a lieu ce week end et qui a fait 11 morts dans une synagogue \u00e0 Pittsburgh (Pennsylvanie), samedi 27 octobre, \u00ab est probablement l&rsquo;attaque la plus meurtri\u00e8re contre la communaut\u00e9 juive de l&rsquo;histoire des Etats-Unis \u00bb, a estim\u00e9 Jonathan Greenblatt, le directeur de l&rsquo;Anti-Defamation League (ADL), principale association de lutte contre l&rsquo;antis\u00e9mitisme du pays. Mais cette fusillade n&rsquo;est pas une attaque isol\u00e9e, puisqu&rsquo;il y a eu une recrudescence des actes antis\u00e9mites sur le sol am\u00e9ricain.<br \/>\n<\/span><\/p>\n<p><a href=\"http:\/\/www.lefigaro.fr\/actualite-france\/2017\/10\/24\/01016-20171024ARTFIG00309-ces-francais-juifs-qui-fuient-la-violence-des-banlieues.php\"><span style=\"font-family: Arial;\">E<span style=\"color: #0000ff;\">n France, des familles juives ne se sentant plus en s\u00e9curit\u00e9 dans leur quartier<\/span><\/span><\/a><span style=\"color: #777777; font-family: Arial;\"> d\u00e9m\u00e9nagent vers d&rsquo;autres lieux.<br \/>\n<\/span><\/p>\n<p><span style=\"color: #777777; font-family: Arial;\">Cette triste r\u00e9alit\u00e9 a plusieurs causes. Dans certains milieux de gauche on explique cela par l&rsquo;assimilation que font certains entre la communaut\u00e9 juive et la politique de l&rsquo;Etat d&rsquo;Isra\u00ebl. Ce qui ne rend l&rsquo;antis\u00e9mitisme ni d\u00e9fendable, ni justifiable.<br \/>\n<\/span><\/p>\n<p><span style=\"color: #777777; font-family: Arial;\">Mais dans un certain nombre de cas, on constate qu&rsquo;est de retour ce \u00ab&nbsp;fantasme antis\u00e9mite traditionnel&nbsp;\u00bb du juif qui est riche et qu&rsquo;on peut faire payer. Ce fut las cas du meurtre<span style=\"color: #0000ff;\"> <a style=\"color: #0000ff;\" href=\"https:\/\/fr.wikipedia.org\/wiki\/Affaire_du_gang_des_barbares\">d&rsquo;Ilan Halimi<\/a> <\/span>mais aussi d&rsquo;affaires plus r\u00e9centes.<br \/>\n<\/span><\/p>\n<p><span style=\"color: #777777; font-family: Arial;\">Il existe des juifs riches, mais il existe aussi des musulmans riches, des protestants riches, des catholiques riches, des bouddhistes riches, des hindouistes riches et m\u00eame des ath\u00e9es riches.<br \/>\n<\/span><\/p>\n<p><span style=\"color: #777777; font-family: Arial;\">Il existe aussi des juifs pauvres <a href=\"https:\/\/www.lesinrocks.com\/2014\/11\/13\/actualite\/jw-got-mone-docu-trouve-pas-distributeur-11535221\/\"><span style=\"color: #0000ff;\">&lt;Et selon lesinrocks ce n&rsquo;est pas facile de faire diffuser&gt;<\/span><\/a> un documentaire sur ce sujet.<br \/>\n<\/span><\/p>\n<p><span style=\"color: #777777; font-family: Arial;\">Robert Badinter qui \u00e9tait l&rsquo;invit\u00e9 du 7-9 de France Inter du vendredi 26 octobre 2018. Dans cette \u00e9mission il raconte que l&rsquo;entraide n&rsquo;existait pas vraiment, avant-guerre, dans la communaut\u00e9 juive entre les quelques riches et la masse des pauvres.<br \/>\n<\/span><\/p>\n<p><span style=\"color: #777777; font-family: Arial;\">Mais pour que cet antis\u00e9mitisme puisse resurgir, il a fallu des hommes comme Faurisson pour nier la shoah, nier les chambres \u00e0 gaz, nier le g\u00e9nocide juif.<br \/>\n<\/span><\/p>\n<p><span style=\"color: #777777; font-family: Arial;\">Car le g\u00e9nocide est un crime tr\u00e8s sp\u00e9cial dans l&rsquo;Histoire d&rsquo;homo sapiens. On tue tout le monde qui appartient \u00e0 une communaut\u00e9 sp\u00e9cifique, d\u00e9sign\u00e9e comme telle.<br \/>\n<\/span><\/p>\n<p><span style=\"color: #777777; font-family: Arial;\">Il y a eu d&rsquo;autres g\u00e9nocides, celui des arm\u00e9niens, celui des tziganes, celui des Tutsis au Rwanda.<br \/>\n<\/span><\/p>\n<p><span style=\"color: #777777; font-family: Arial;\">Faurisson a invent\u00e9 ce concept d&rsquo; \u00ab&nbsp;escroquerie politico-financi\u00e8re&nbsp;\u00bb pour tenter de jeter la suspicion sur la r\u00e9alit\u00e9 du g\u00e9nocide&nbsp;, en essayant d&rsquo;expliquer que c&rsquo;\u00e9tait un complot pour obtenir des avantages politiques et financiers.<br \/>\n<\/span><\/p>\n<p><span style=\"color: #777777; font-family: Arial;\">Lors d&rsquo;une \u00e9mission d&rsquo;ARTE, le 11 novembre 2006, Robert Badinter l&rsquo;a alors trait\u00e9 de \u00ab&nbsp;<strong>faussaire de l&rsquo;Histoire<\/strong>&nbsp;\u00bb.<br \/>\n<\/span><\/p>\n<p><span style=\"color: #777777; font-family: Arial;\">Robert Faurisson a <a href=\"https:\/\/www.nouvelobs.com\/societe\/20070312.OBS6459\/robert-faurisson-attaque-badinter-en-diffamation.html\"><span style=\"color: #0000ff;\">alors assign\u00e9 en diffamation Robert Badinter<\/span><\/a> pour l&rsquo;avoir qualifi\u00e9 ainsi.<br \/>\n<\/span><\/p>\n<p><span style=\"color: #777777; font-family: Arial;\">Et au centre de ce mot du jour, je voudrais partager la saine col\u00e8re de Robert Badinter lors de ce proc\u00e8s qui fut bien s\u00fbr a son avantage.<br \/>\n<\/span><\/p>\n<p style=\"margin-left: 28pt;\"><span style=\"color: #c00000; font-family: Arial;\">\u00ab&nbsp;Tout \u00e0 l&rsquo;heure vous avez encore r\u00e9p\u00e9t\u00e9&nbsp;: \u00ab&nbsp;cette escroquerie politico-financi\u00e8re&nbsp;\u00bb<br \/>\n<\/span><span style=\"color: #c00000; font-family: Arial;\">Alors \u00e7a veut dire quoi&nbsp;? Si on traduit dans sa v\u00e9rit\u00e9 humaine comme moi je l&rsquo;ai v\u00e9cu.<br \/>\n<\/span><span style=\"color: #c00000; font-family: Arial;\">\u00c7a veut dire que tout ceux qui sont morts, mes parents et les autres, tous ceux-l\u00e0 sont devenus les instruments conscients utilis\u00e9s par tous les juifs, pour quoi faire&nbsp;?<br \/>\n<\/span><\/p>\n<p style=\"margin-left: 28pt;\"><span style=\"color: #c00000; font-family: Arial;\">Pour arracher des r\u00e9parations auxquelles ils n&rsquo;auraient pas eu droit&nbsp;?<br \/>\n<\/span><\/p>\n<p style=\"margin-left: 28pt;\"><span style=\"color: #c00000; font-family: Arial;\">Je me souviens de ma m\u00e8re qui recevait de mis\u00e9rables indemnit\u00e9s dont il ne restait rien. Alors elle \u00e9tait quoi&nbsp;? La complice d&rsquo;une escroquerie politico financi\u00e8re&nbsp;? C&rsquo;\u00e9tait \u00e7a qu&rsquo;elle faisait \u00e0 cet instant-l\u00e0&nbsp;?<br \/>\n<\/span><\/p>\n<p style=\"margin-left: 28pt;\"><img decoding=\"async\" class=\"alignright\" src=\"https:\/\/lemotdujour.fr\/wp-content\/uploads\/2018\/10\/102818_1723_Lundi29octo2.jpg\" alt=\"\" align=\"left\"><span style=\"color: #c00000; font-family: Arial;\">Et ses fils, nous \u00e9tions quoi&nbsp;? Des profiteurs, les b\u00e9n\u00e9ficiaires de cette escroquerie&nbsp;?<br \/>\n<\/span><\/p>\n<p style=\"margin-left: 28pt;\"><span style=\"color: #c00000; font-family: Arial;\">Les mots ont un sens, sauf pour ceux qui les utilisent comme vous.<br \/>\n<\/span><\/p>\n<p style=\"margin-left: 28pt;\"><span style=\"color: #c00000; font-family: Arial;\">Pour qu&rsquo;il n&rsquo;y ait aucune \u00e9quivoque, pour que les choses soient claires<br \/>\n<\/span><\/p>\n<p style=\"margin-left: 28pt;\"><span style=\"color: #c00000; font-family: Arial;\">Pour moi, jusqu&rsquo;\u00e0 la fin de mes jours, tant que j&rsquo;aurai un souffle Monsieur Faurisson, vous ne serez jamais, vous et vos pareils que des faussaires de l&rsquo;Histoire.<br \/>\n<\/span><\/p>\n<p style=\"margin-left: 28pt;\"><span style=\"color: #c00000; font-family: Arial;\">Des faussaires de l&rsquo;Histoire et de l&rsquo;Histoire la plus tragique qui soit, dont j&rsquo;esp\u00e8re que l&rsquo;Histoire tirera la le\u00e7on et gardera le souvenir&nbsp;\u00bb.<br \/>\n<\/span><\/p>\n<p><a href=\"https:\/\/www.youtube.com\/watch?time_continue=3&amp;v=T6PKspRATa4\"><span style=\"font-family: Arial;\"><span style=\"color: #0000ff;\">&lt;Ici la vid\u00e9o de cette intervention&gt;<\/span><\/span><\/a><span style=\"color: #0000ff; font-family: Arial;\"><br \/>\n<\/span><\/p>\n<p><span style=\"color: #777777; font-family: Arial;\">Je crois qu&rsquo;il faut la regarder.<\/span><\/p>\n<p><span style=\"color: #777777; font-family: Arial;\">France Inter avait consacr\u00e9, en 2017, une \u00e9mission d&rsquo;\u00ab<span style=\"color: #0000ff;\">&nbsp;<a style=\"color: #0000ff;\" href=\"https:\/\/www.franceinter.fr\/emissions\/affaires-sensibles\/affaires-sensibles-28-mars-2017\">Affaires sensibles&nbsp;<\/a><\/span>\u00bb \u00e0 cet \u00e9pisode et plus g\u00e9n\u00e9ralement aux faussaires de l&rsquo;Histoire.<br \/>\n<\/span><\/p>\n<p><span style=\"color: #777777; font-family: Arial;\">Lors de l&rsquo;\u00e9mission de France Inter de vendredi pr\u00e9cit\u00e9, Robert Badinter est revenu sur ce moment&nbsp;:<br \/>\n<\/span><\/p>\n<p style=\"margin-left: 28pt;\"><span style=\"color: #c00000; font-family: Arial;\">\u00ab&nbsp;Je me souviens de cette passion qui m&rsquo;a emport\u00e9e, c&rsquo;\u00e9tait insupportable. Il m&rsquo;avait assign\u00e9 parce que j&rsquo;avais, de m\u00e9moire, un jour, dit que la derni\u00e8re affaire que j&rsquo;ai plaid\u00e9e dans ma vie c&rsquo;\u00e9tait contre Faurisson et les r\u00e9visionnistes, ils avaient \u00e9t\u00e9 condamn\u00e9s comme faussaires de l&rsquo;histoire. Ce n&rsquo;\u00e9tait pas faussaires de l&rsquo;histoire, c&rsquo;\u00e9tait qu&rsquo;ils avaient manqu\u00e9 au devoir de l&rsquo;historien. D&rsquo;o\u00f9 l&rsquo;assignation\u00a0\u00bb.<br \/>\n<\/span><\/p>\n<p style=\"margin-left: 28pt;\"><span style=\"color: #c00000; font-family: Arial;\"> \u00ab\u00a0Mais de l&rsquo;entendre, de le voir, \u00e0 ce moment-l\u00e0, j&rsquo;ai revu tout ce que j&rsquo;avais connu, j&rsquo;ai mesur\u00e9 l&rsquo;infamie des propos r\u00e9visionnistes&#8230; ma grand-m\u00e8re paternelle avait pr\u00e8s de 80 ans quand on l&rsquo;a jet\u00e9e dans le wagon qui l&rsquo;a emmen\u00e9e \u00e0 Auschwitz\u2026 \u00e7a c&rsquo;est l&rsquo;illustration du crime contre l&rsquo;humanit\u00e9&nbsp;\u00bb.<br \/>\n<\/span><\/p>\n<p><span style=\"color: #777777; font-family: Arial;\">La grand-m\u00e8re paternelle est morte dans le wagon \u00e0 bestiaux, pendant le voyage.<br \/>\n<\/span><\/p>\n<p><span style=\"color: #800000;\">&lt;1135&gt;<\/span><\/p>\n","protected":false},"excerpt":{"rendered":"<p>\u00ab&nbsp;Pour moi, jusqu\u2019\u00e0 la fin de mes jours, tant que j\u2019aurai un souffle Monsieur Faurisson, vous ne serez jamais, vous et vos pareils que des faussaires de l\u2019Histoire.\u00bb Robert Badinter, 12 mars 2007. 17\u00e8me chambre correctionnelle du Tribunal de Grande<\/p>\n","protected":false},"author":1,"featured_media":0,"comment_status":"open","ping_status":"closed","sticky":false,"template":"","format":"standard","meta":{"footnotes":""},"categories":[1],"tags":[24,17,103],"class_list":["post-5583","post","type-post","status-publish","format-standard","hentry","category-motdujour","tag-actualite","tag-histoire","tag-racisme"],"_links":{"self":[{"href":"https:\/\/lemotdujour.fr\/index.php?rest_route=\/wp\/v2\/posts\/5583","targetHints":{"allow":["GET"]}}],"collection":[{"href":"https:\/\/lemotdujour.fr\/index.php?rest_route=\/wp\/v2\/posts"}],"about":[{"href":"https:\/\/lemotdujour.fr\/index.php?rest_route=\/wp\/v2\/types\/post"}],"author":[{"embeddable":true,"href":"https:\/\/lemotdujour.fr\/index.php?rest_route=\/wp\/v2\/users\/1"}],"replies":[{"embeddable":true,"href":"https:\/\/lemotdujour.fr\/index.php?rest_route=%2Fwp%2Fv2%2Fcomments&post=5583"}],"version-history":[{"count":7,"href":"https:\/\/lemotdujour.fr\/index.php?rest_route=\/wp\/v2\/posts\/5583\/revisions"}],"predecessor-version":[{"id":12134,"href":"https:\/\/lemotdujour.fr\/index.php?rest_route=\/wp\/v2\/posts\/5583\/revisions\/12134"}],"wp:attachment":[{"href":"https:\/\/lemotdujour.fr\/index.php?rest_route=%2Fwp%2Fv2%2Fmedia&parent=5583"}],"wp:term":[{"taxonomy":"category","embeddable":true,"href":"https:\/\/lemotdujour.fr\/index.php?rest_route=%2Fwp%2Fv2%2Fcategories&post=5583"},{"taxonomy":"post_tag","embeddable":true,"href":"https:\/\/lemotdujour.fr\/index.php?rest_route=%2Fwp%2Fv2%2Ftags&post=5583"}],"curies":[{"name":"wp","href":"https:\/\/api.w.org\/{rel}","templated":true}]}}