{"id":5568,"date":"2018-10-25T02:53:14","date_gmt":"2018-10-25T00:53:14","guid":{"rendered":"http:\/\/lemotdujour.fr\/?p=5568"},"modified":"2021-09-26T19:49:27","modified_gmt":"2021-09-26T17:49:27","slug":"jeudi-25-octobre-2018","status":"publish","type":"post","link":"https:\/\/lemotdujour.fr\/?p=5568","title":{"rendered":"Jeudi 25 octobre 2018"},"content":{"rendered":"<div class=\"mdjTexte\">\t\u00ab&nbsp;Ce n\u2019est pas de la faute des \u00e9v\u00eaques si J\u00e9sus n\u2019a choisi que des hommes comme ap\u00f4tres&nbsp;\u00bb<\/div>\n<div class=\"mdjAuteur\">\tUn participant au dernier synode de l\u2019Eglise catholique qui a permis \u00e0 des religieuses de participer sur le th\u00e8me \u00ab&nbsp;la place des femmes dans l\u2019Eglise et l\u2019\u00e9ducation des jeunes filles&nbsp;\u00bb, mais sans droit de vote et presqu\u2019aucun espace pour parler<\/div>\n<p><span style=\"color: #777777; font-family: Arial;\">Sur France Inter, Giulia Fo\u00efs r\u00e9alise une chronique hebdomadaire, dans laquelle elle s&rsquo;int\u00e9resse aux questions li\u00e9es au genre.<br \/>\n<\/span><\/p>\n<p><span style=\"color: #777777; font-family: Arial;\">Le <a href=\"https:\/\/www.franceinter.fr\/emissions\/la-chronique-de-giulia-fois\/la-chronique-de-giulia-fois-23-octobre-2018\"><span style=\"color: #0000ff;\">mardi 23 octobre 2018<\/span><\/a> elle a fait une chronique sur diff\u00e9rents sujets et je voudrai en partager un avec vous, concernant les femmes, l&rsquo;\u00e9glise catholique et la lente \u00e9volution de cette derni\u00e8re par rapport aux premi\u00e8res.<br \/>\n<\/span><\/p>\n<p><span style=\"color: #777777; font-family: Arial;\">Et nous apprenons ainsi qu&rsquo;a eu lieu, la semaine derni\u00e8re un synode quasi r\u00e9volutionnaire dans l&rsquo;Eglise Catholique.<br \/>\n<\/span><\/p>\n<p><span style=\"color: #777777; font-family: Arial;\">Pour savoir exactement ce que signifie synode, je me suis tourn\u00e9 vers des sp\u00e9cialistes, \u00e0 savoir des journalistes du quotidien \u00ab&nbsp;<a href=\"https:\/\/croire.la-croix.com\/Definitions\/Lexique\/Synode\/Qu-est-ce-qu-un-synode\"><span style=\"color: #0000ff;\">La Croix<\/span>&nbsp;<\/a>\u00bb, qui pose justement cette question&nbsp;: Qu&rsquo;est-ce qu&rsquo;un synode?<br \/>\n<\/span><\/p>\n<p><span style=\"color: #777777; font-family: Arial;\">Nous apprenons donc que dans la tradition de l&rsquo;Eglise, le synode est une assembl\u00e9e d&rsquo;\u00e9v\u00eaques en principe et c&rsquo;est un organe consultatif pour le Pape. Pour \u00eatre complet sa signification est plus large car il peut s&rsquo;agir d&rsquo;une assembl\u00e9e locale, un synode dioc\u00e9sain, qui regroupe des eccl\u00e9siastiques de plus basse hi\u00e9rarchie que les \u00e9v\u00eaques.<br \/>\n<\/span><\/p>\n<p><span style=\"color: #777777; font-family: Arial;\">Par ailleurs, les autres religions chr\u00e9tiennes protestantes et orthodoxes connaissent aussi des assembl\u00e9es appel\u00e9es synodes avec une signification un peu diff\u00e9rente. Pour en savoir un peu plus, il faut aller sur <a href=\"https:\/\/fr.wikipedia.org\/wiki\/Synode\"><span style=\"color: #0000ff;\">Wikipedia<\/span><\/a><span style=\"color: #0000ff;\">.<\/span><br \/>\n<\/span><\/p>\n<p><span style=\"color: #777777; font-family: Arial;\">Revenons aux explications du synode catholique par \u00ab&nbsp;La Croix&nbsp;\u00bb<br \/>\n<\/span><\/p>\n<p style=\"margin-left: 28pt;\"><span style=\"color: #c00000; font-family: Arial;\">\u00ab&nbsp;Le mot synode vient du grec. Il est form\u00e9 de odos (chemin) et sun (ensemble). Il signifie \u00ab\u00a0<strong>faire route ensemble<\/strong>\u00a0\u00bb mais \u00e9galement \u00ab\u00a0franchir un m\u00eame seuil\u00a0\u00bb, \u00ab\u00a0<strong>habiter ensemble<\/strong>\u00ab\u00a0, donc se r\u00e9unir. Le synode (ou le concile) d\u00e9signe dans l&rsquo;\u00c9glise une assembl\u00e9e r\u00e9unie pour d\u00e9lib\u00e9rer et prendre des d\u00e9cisions en mati\u00e8re de doctrine ou de discipline. [\u2026]<br \/>\n<\/span><\/p>\n<p style=\"margin-left: 28pt;\"><span style=\"color: #c00000; font-family: Arial;\">Il ne faut pas confondre le synode avec le concile qui a un caract\u00e8re \u0153cum\u00e9nique et au cours duquel tous les \u00e9v\u00eaques du monde sont appel\u00e9s \u00e0 participer. Lors d&rsquo;un concile, les \u00e9v\u00eaques abordent les questions qu&rsquo;ils souhaitent et leur vote a autorit\u00e9 sur les d\u00e9cisions du pape.&nbsp;\u00bb<br \/>\n<\/span><\/p>\n<p><span style=\"color: #777777; font-family: Arial;\">Pourquoi ce dernier synode fut il r\u00e9volutionnaire&nbsp;?<br \/>\n<\/span><\/p>\n<p><span style=\"color: #777777; font-family: Arial;\">Parce que jusqu&rsquo;\u00e0 pr\u00e9sent, \u00ab&nbsp;faire route ensemble&nbsp;\u00bb, \u00ab&nbsp;habiter ensemble&nbsp;\u00bb signifiait dans la tradition catholique&nbsp;: \u00eatre ensemble sans pr\u00e9sence f\u00e9minine.<br \/>\n<\/span><\/p>\n<p><span style=\"color: #777777; font-family: Arial;\">Normal, me direz-vous puisqu&rsquo;il s&rsquo;agit d&rsquo;\u00e9v\u00eaques et que les catholiques veulent des \u00e9v\u00eaques du genre masculin.<br \/>\n<\/span><\/p>\n<p><span style=\"color: #777777; font-family: Arial;\">Ce n&rsquo;est pas aussi simple, puisque depuis Paul VI, peuvent participer, toujours selon \u00ab&nbsp;La Croix&nbsp;\u00bb&nbsp;:<br \/>\n<\/span><\/p>\n<p style=\"margin-left: 28pt;\"><span style=\"color: #c00000; font-family: Arial;\">\u00ab&nbsp;Des religieux, des recteurs et des dirigeants de mouvements et d&rsquo;associations nomm\u00e9s par le pape en qualit\u00e9 de p\u00e8res synodaux et d&rsquo;experts.&nbsp;\u00bb<br \/>\n<\/span><\/p>\n<p><span style=\"color: #777777; font-family: Arial;\">Et donc ce qui fut r\u00e9volutionnaire, c&rsquo;est que des femmes ont \u00e9t\u00e9 enfin invit\u00e9es.<br \/>\n<\/span><\/p>\n<p><span style=\"color: #777777; font-family: Arial;\">Mais, s&rsquo;il y a r\u00e9volution, il y a r\u00e9volution lente.<br \/>\n<\/span><\/p>\n<p><span style=\"color: #777777; font-family: Arial;\">Voici ce qu&rsquo;en dit Giulia Fo\u00efs<br \/>\n<\/span><\/p>\n<p style=\"margin-left: 28pt;\"><span style=\"color: #c00000; font-family: Arial;\">\u00ab&nbsp; R\u00e9unis en synode, en fin de semaine derni\u00e8re, \u00e0 Rome, les \u00e9v\u00eaques ont invit\u00e9 des religieuses \u00e0 se joindre au d\u00e9bat\u2026<br \/>\n<\/span><span style=\"color: #c00000; font-family: Arial;\">Eh ben oui\u2026<br \/>\n<\/span><span style=\"color: #c00000; font-family: Arial;\">Comme quoi, on peut porter calotte et accorder aux femmes le droit de porter cerveau. Le droit de s&rsquo;en servir, m\u00eame, surtout &nbsp;quand \u00e7a les concerne directement.<br \/>\n<\/span><\/p>\n<p style=\"margin-left: 28pt;\"><span style=\"color: #c00000; font-family: Arial;\">Le th\u00e8me du synode&nbsp;?<br \/>\n<\/span><span style=\"color: #c00000; font-family: Arial;\">La place des femmes dans l&rsquo;\u00e9glise, l&rsquo;\u00e9ducation des jeunes filles, la \u00ab&nbsp;n\u00e9cessaire lutte, je cite, contre la culture machiste&nbsp;\u00bb du dogme et de l&rsquo;institution\u2026<br \/>\n<\/span><span style=\"color: #c00000; font-family: Arial;\">Du coup, les femmes \u00e9taient l\u00e0, cette fois.<br \/>\n<\/span><span style=\"color: #c00000; font-family: Arial;\">Elles \u00e9taient au moins\u2026 Oh ! Douze, les religieuses. Soit 10% des participants.<br \/>\n<\/span><\/p>\n<p style=\"margin-left: 28pt;\"><span style=\"color: #c00000; font-family: Arial;\">Ok, ce n&rsquo;est pas beaucoup, mais elles ont pu parler.<br \/>\n<\/span><span style=\"color: #c00000; font-family: Arial;\">A la pause-caf\u00e9, notamment, disait l&rsquo;une d&rsquo;entre elle \u00e0 l&rsquo;AFP.<br \/>\n<\/span><span style=\"color: #c00000; font-family: Arial;\">Alors \u00e9videmment, comme seuls les hommes ont le droit de vote au synode, elles n&rsquo;ont pas eu leur mot \u00e0 dire sur le texte final\u2026<br \/>\n<\/span><\/p>\n<p style=\"margin-left: 28pt;\"><span style=\"color: #c00000; font-family: Arial;\">Une p\u00e9tition a bien circul\u00e9 pour ouvrir le vote aux femmes\u2026<br \/>\n<\/span><span style=\"color: #c00000; font-family: Arial;\">Mais bon, comme le rappelait l&rsquo;un des participants&nbsp;: ce n&rsquo;est pas de la faute des \u00e9v\u00eaques si J\u00e9sus n&rsquo;a choisi que des hommes comme ap\u00f4tres.<br \/>\n<\/span><span style=\"color: #c00000; font-family: Arial;\">Ben oui.<br \/>\n<\/span><span style=\"color: #c00000; font-family: Arial;\">Et la pomme, ce n&rsquo;est pas la faute d&rsquo;Adam non plus, ok&nbsp;?<br \/>\n<\/span><span style=\"color: #c00000; font-family: Arial;\">Mais baste, point de pol\u00e9mique au Vatican de gr\u00e2ce.<br \/>\n<\/span><span style=\"color: #c00000; font-family: Arial;\">R\u00e9jouissons-nous qu&rsquo;elles aient \u00e9t\u00e9 invit\u00e9es \u00e0 participer.<br \/>\n<\/span><span style=\"color: #c00000; font-family: Arial;\">Parce que du coup, elles ont tout bien \u00e9cout\u00e9 quand les hommes ont parl\u00e9.&nbsp;\u00bb<br \/>\n<\/span><\/p>\n<p><span style=\"color: #777777; font-family: Arial;\">Vous allez me dire que c&rsquo;est de nouveau la question de notre regard du verre \u00e0 moiti\u00e9 vide ou du verre \u00e0 moiti\u00e9 plein.<br \/>\n<\/span><\/p>\n<p>&nbsp;<\/p>\n<p><span style=\"color: #777777; font-family: Arial;\"><img loading=\"lazy\" decoding=\"async\" class=\"alignnone size-full wp-image-5570\" src=\"https:\/\/lemotdujour.fr\/wp-content\/uploads\/2018\/10\/Un-synode.jpg\" alt=\"\" width=\"620\" height=\"349\" srcset=\"https:\/\/lemotdujour.fr\/wp-content\/uploads\/2018\/10\/Un-synode.jpg 620w, https:\/\/lemotdujour.fr\/wp-content\/uploads\/2018\/10\/Un-synode-300x169.jpg 300w\" sizes=\"auto, (max-width: 620px) 100vw, 620px\" \/><\/span><\/p>\n<p><span style=\"color: #777777; font-family: Arial;\">A vrai dire, pour moi je verrai plut\u00f4t un verre quasi vide, ou un verre presque pas rempli.<br \/>\n<\/span><\/p>\n<p><span style=\"color: #777777; font-family: Arial;\">L&rsquo;\u00c9glise n&rsquo;a pas invent\u00e9 la soci\u00e9t\u00e9 patriarcale, mais y a tr\u00e8s largement contribu\u00e9 et a permis de l&rsquo;entretenir.<br \/>\n<\/span><\/p>\n<p><span style=\"color: #777777; font-family: Arial;\">C&rsquo;est une de ses tares, parmi d&rsquo;autres.<br \/>\n<\/span><\/p>\n<p><span style=\"color: maroon; font-family: Arial;\">&lt;1133&gt;<\/span><\/p>\n","protected":false},"excerpt":{"rendered":"<p>\u00ab&nbsp;Ce n\u2019est pas de la faute des \u00e9v\u00eaques si J\u00e9sus n\u2019a choisi que des hommes comme ap\u00f4tres&nbsp;\u00bb Un participant au dernier synode de l\u2019Eglise catholique qui a permis \u00e0 des religieuses de participer sur le th\u00e8me \u00ab&nbsp;la place des femmes<\/p>\n","protected":false},"author":1,"featured_media":0,"comment_status":"open","ping_status":"closed","sticky":false,"template":"","format":"standard","meta":{"footnotes":""},"categories":[1],"tags":[114,36,34],"class_list":["post-5568","post","type-post","status-publish","format-standard","hentry","category-motdujour","tag-eglise","tag-feminisme","tag-religion"],"_links":{"self":[{"href":"https:\/\/lemotdujour.fr\/index.php?rest_route=\/wp\/v2\/posts\/5568","targetHints":{"allow":["GET"]}}],"collection":[{"href":"https:\/\/lemotdujour.fr\/index.php?rest_route=\/wp\/v2\/posts"}],"about":[{"href":"https:\/\/lemotdujour.fr\/index.php?rest_route=\/wp\/v2\/types\/post"}],"author":[{"embeddable":true,"href":"https:\/\/lemotdujour.fr\/index.php?rest_route=\/wp\/v2\/users\/1"}],"replies":[{"embeddable":true,"href":"https:\/\/lemotdujour.fr\/index.php?rest_route=%2Fwp%2Fv2%2Fcomments&post=5568"}],"version-history":[{"count":3,"href":"https:\/\/lemotdujour.fr\/index.php?rest_route=\/wp\/v2\/posts\/5568\/revisions"}],"predecessor-version":[{"id":12137,"href":"https:\/\/lemotdujour.fr\/index.php?rest_route=\/wp\/v2\/posts\/5568\/revisions\/12137"}],"wp:attachment":[{"href":"https:\/\/lemotdujour.fr\/index.php?rest_route=%2Fwp%2Fv2%2Fmedia&parent=5568"}],"wp:term":[{"taxonomy":"category","embeddable":true,"href":"https:\/\/lemotdujour.fr\/index.php?rest_route=%2Fwp%2Fv2%2Fcategories&post=5568"},{"taxonomy":"post_tag","embeddable":true,"href":"https:\/\/lemotdujour.fr\/index.php?rest_route=%2Fwp%2Fv2%2Ftags&post=5568"}],"curies":[{"name":"wp","href":"https:\/\/api.w.org\/{rel}","templated":true}]}}