{"id":5561,"date":"2018-10-24T02:23:21","date_gmt":"2018-10-24T00:23:21","guid":{"rendered":"http:\/\/lemotdujour.fr\/?p=5561"},"modified":"2021-09-26T19:52:25","modified_gmt":"2021-09-26T17:52:25","slug":"mercredi-24-octobre-2018","status":"publish","type":"post","link":"https:\/\/lemotdujour.fr\/?p=5561","title":{"rendered":"Mercredi 24 octobre 2018"},"content":{"rendered":"<div class=\"mdjTexte\">\t\u00ab&nbsp;Dans des soci\u00e9t\u00e9s grisonnantes, le poids politique des personnes \u00e2g\u00e9es augmentera constamment et dans des \u00e9conomies en mutation rapide, leur capacit\u00e9 \u00e0 s\u2019adapter p\u00e9riclitera&nbsp;\u00bb<\/div>\n<div class=\"mdjAuteur\">\tEdoardo Campanella<\/div>\n<p><span style=\"color: #777777; font-family: Arial;\">Brice Couturier a lors de<span style=\"color: #0000ff;\"> <a style=\"color: #0000ff;\" href=\"https:\/\/www.franceculture.fr\/emissions\/le-tour-du-monde-des-idees\/le-tour-du-monde-des-idees-du-vendredi-19-octobre-2018\">sa chronique du 19 octobre 2018<\/a> <\/span>\u00e9voqu\u00e9 un article d&rsquo;un universitaire espagnol Edoardo Campanella qui explique une partie de la mont\u00e9e du populisme dans les pays occidentaux par l&rsquo;attitude d&rsquo;une majorit\u00e9 de seniors dont le poids d\u00e9mographique est de plus en plus pr\u00e9gnant dans le corps \u00e9lectoral de nos d\u00e9mocraties.<br \/>\n<\/span><\/p>\n<p><span style=\"color: #777777; font-family: Arial;\">La r\u00e9alit\u00e9 \u00e9lectorale est que les jeunes g\u00e9n\u00e9rations se d\u00e9sint\u00e9ressent en grande partie du processus \u00e9lectoral qu&rsquo;ils estiment sans grand int\u00e9r\u00eat.<br \/>\n<\/span><\/p>\n<p><span style=\"color: #777777; font-family: Arial;\">Contrairement aux personnes \u00e2g\u00e9es qui continuent \u00e0 accomplir leur devoir d&rsquo;\u00e9lecteur bien davantage que leurs enfants et petits-enfants.<br \/>\n<\/span><\/p>\n<p><span style=\"color: #777777; font-family: Arial;\">A cette r\u00e9alit\u00e9 comportementale, s&rsquo;ajoute le fait que leur nombre devient intrins\u00e8quement plus important du fait du vieillissement d\u00e9mographique des Europ\u00e9ens.<br \/>\n<\/span><\/p>\n<p><span style=\"color: #777777; font-family: Arial;\">Edoardo Campanelle explique dans son article \u00ab&nbsp;<a href=\"https:\/\/www.project-syndicate.org\/commentary\/aging-populations-fuel-pensioner-populism-by-edoardo-campanella-2018-10\/french\"><span style=\"color: #0000ff;\">Le populisme des retrait\u00e9s va-t-il s&rsquo;installer ?<\/span>&nbsp;<\/a>\u00bb sur le site de \u00ab&nbsp;project-syndicate&nbsp;\u00bb&nbsp;:<br \/>\n<\/span><\/p>\n<p style=\"margin-left: 28pt;\"><span style=\"color: #c00000; font-family: Arial;\">\u00ab&nbsp;Le populisme de droite qui a surgi ces derni\u00e8res ann\u00e9es dans de nombreuses d\u00e9mocraties occidentales pourrait durer bien plus qu&rsquo;un feu de paille dans le paysage politique. Au-del\u00e0 de la crise \u00e9conomique mondiale d\u00e9clench\u00e9e en 2008 puis de la crise migratoire, qui cr\u00e9\u00e8rent toutes deux le terreau fertile des partis populistes, le vieillissement de la population occidentale va continuer d&rsquo;infl\u00e9chir les dynamiques politiques en faveur des populistes.<br \/>\n<\/span><\/p>\n<p style=\"margin-left: 28pt;\"><span style=\"color: #c00000; font-family: Arial;\">Il appara\u00eet, en effet, que les \u00e9lecteurs \u00e2g\u00e9s sont plut\u00f4t sympathisants des mouvements nationalistes.<br \/>\n<\/span><\/p>\n<p style=\"margin-left: 28pt;\"><span style=\"color: #c00000; font-family: Arial;\">Au Royaume-Uni, les personnes \u00e2g\u00e9es ont vot\u00e9 massivement en faveur du d\u00e9part de l&rsquo;Union europ\u00e9enne, et ce sont elles qui, aux \u00c9tats-Unis, ont offert la pr\u00e9sidence \u00e0 Donald Trump. Ni le parti Droit et justice (PiS) en Pologne, ni le Fidesz en Hongrie ne seraient parvenus au pouvoir sans le soutien enthousiaste des plus vieux. Et en Italie, la Ligue doit son succ\u00e8s, en bonne part, \u00e0 la fa\u00e7on dont elle a su exploiter le m\u00e9contentement du troisi\u00e8me \u00e2ge dans le Nord.&nbsp;\u00bb<br \/>\n<\/span><\/p>\n<p><span style=\"color: #777777; font-family: Arial;\">Il reconnait cependant qu&rsquo;il existe des exceptions \u00e0 cette r\u00e8gle, notamment en France et au Br\u00e9sil&nbsp;:<br \/>\n<\/span><\/p>\n<p style=\"margin-left: 28pt;\"><span style=\"color: #c00000; font-family: Arial;\">\u00ab&nbsp;Seule Marine Le Pen, du Rassemblement national (ex Front national) en France \u2013 ainsi, peut-\u00eatre, que Jair Bolsonaro au Br\u00e9sil&nbsp;\u2013 peut compter, parmi les populistes de l&rsquo;heure, sur le soutien des jeunes \u00e9lecteurs.&nbsp;\u00bb<br \/>\n<\/span><\/p>\n<p><span style=\"color: #777777; font-family: Arial;\">En France <span style=\"color: #0000ff;\"><a style=\"color: #0000ff;\" href=\"https:\/\/www.publicsenat.fr\/article\/politique\/presidentielle-la-sociologie-du-vote-59189\">au premier tour<\/a>,<\/span> Macron a r\u00e9alis\u00e9 un score de 23,7% mais les 60-69 ans ont vot\u00e9 \u00e0 26 % pour lui et ceux de 70 ans et plus \u00e0 27%. Il faut noter que ce dernier vote (celui des 70 ans et plus) s&rsquo;\u00e9tait port\u00e9 quasi majoritairement sur Fillon (45%). En France, les plus de 70 ans ont donc vot\u00e9 massivement (72% quand m\u00eame) pour les deux candidats qui souhaitaient le plus r\u00e9former ou s&rsquo;attaquer \u00e0 l&rsquo;Etat providence, vous choisirez le verbe qui vous va le mieux selon vos convictions politiques.<br \/>\n<\/span><\/p>\n<p><span style=\"color: #777777; font-family: Arial;\">On pourrait aussi dire que c&rsquo;\u00e9tait les deux candidats qui rassuraient le plus ou inqui\u00e9taient le moins, le monde \u00e9conomique.<br \/>\n<\/span><\/p>\n<p><span style=\"color: #777777; font-family: Arial;\">Mais la France fait, pour l&rsquo;instant encore, figure d&rsquo;exception selon Edoardo Campanelle&nbsp;:<br \/>\n<\/span><\/p>\n<p style=\"margin-left: 28pt;\"><span style=\"color: #c00000; font-family: Arial;\">\u00ab&nbsp;Le plus probable est qu&rsquo;un sentiment croissant d&rsquo;ins\u00e9curit\u00e9 pousse les plus \u00e2g\u00e9s dans les bras des populistes. Si l&rsquo;on met de c\u00f4t\u00e9s les particularismes de chaque pays, les partis nationalistes proposent tous de contenir les forces de la mondialisation, qui affectent plus que les autres les personnes \u00e2g\u00e9es.&nbsp;\u00bb<br \/>\n<\/span><\/p>\n<p><span style=\"color: #777777; font-family: Arial;\">Dans la plupart des autres pays, les personnes \u00e2g\u00e9es ne sont pas vraiment en phase avec les aspirations des leaders \u00e9conomiques et plut\u00f4t que des r\u00e9formes de l&rsquo;\u00e9tat social, ils r\u00e9clameraient selon l&rsquo;universitaire espagnol plut\u00f4t davantage d&rsquo;autorit\u00e9 et de fermet\u00e9 pour lutter contre l&rsquo;ins\u00e9curit\u00e9 et l&rsquo;immigration.<br \/>\n<\/span><\/p>\n<p><span style=\"color: #777777; font-family: Arial;\">Campanelle pointe trois raisons<br \/>\n<\/span><\/p>\n<ul>\n<li><span style=\"color: #777777; font-family: Arial;\">L&rsquo;attachement aux valeurs traditionnelles et \u00e0 un monde connu qui leur parait trop bouscul\u00e9 par l&rsquo;apport d&rsquo;immigr\u00e9s venant d&rsquo;autres civilisations&nbsp;;<br \/>\n<\/span><\/li>\n<li><span style=\"color: #777777; font-family: Arial;\">La peur des travailleurs vieux d&rsquo;\u00eatre exclus du march\u00e9 du travail et ne plus trouver leur place dans le monde \u00e9conomique d&rsquo;aujourd&rsquo;hui&nbsp;;<br \/>\n<\/span><\/li>\n<\/ul>\n<p style=\"margin-left: 28pt;\"><span style=\"color: #c00000; font-family: Arial;\">\u00ab&nbsp;De m\u00eame, la mondialisation et le progr\u00e8s technologique perturbent souvent les industries traditionnelles ou qui reposent sur un savoir-faire, o\u00f9 l&rsquo;exp\u00e9rience est un facteur d&#8217;emploi. L&rsquo;essor de l&rsquo;\u00e9conomie num\u00e9rique, o\u00f9 dominent les trentenaires, voire les moins de trente ans, rel\u00e8gue aussi vers les marges les travailleurs plus vieux. Mais \u00e0 la diff\u00e9rence d&rsquo;autrefois, les syst\u00e8mes de retraite, qui se d\u00e9composent, ne peuvent plus absorber ces chocs du march\u00e9 du travail. En cons\u00e9quence, les travailleurs les plus vieux qui perdent leur emploi sont condamn\u00e9s au ch\u00f4mage de longue dur\u00e9e. &nbsp;\u00bb<br \/>\n<\/span><\/p>\n<p><span style=\"color: #777777; font-family: Arial;\">Enfin, la crainte, qui n&rsquo;est pas infond\u00e9e, sur la p\u00e9rennit\u00e9 et le niveau des pensions de retraite&nbsp;:<br \/>\n<\/span><\/p>\n<p style=\"margin-left: 28pt;\"><span style=\"color: #c00000; font-family: Arial;\">\u00ab&nbsp;En outre, les retrait\u00e9s ont aujourd&rsquo;hui des raisons de craindre la menace pour leurs pensions que repr\u00e9sentent leurs propres enfants. Les jeunes, insatisfaits de syst\u00e8mes \u00e9conomiques qui jouent clairement en faveur des retrait\u00e9s, commencent \u00e0 revendiquer une redistribution plus \u00e9quitable entre g\u00e9n\u00e9rations de ressources devenues plus rares. Ainsi le Mouvement 5 \u00e9toiles italien, qui gouverne en coalition avec la Ligue, a-t-il r\u00e9cemment appel\u00e9 \u00e0 la cr\u00e9ation d&rsquo;un \u00ab&nbsp;revenu citoyen&nbsp;\u00bb, qui serait octroy\u00e9 \u00e0 toute personne au ch\u00f4mage, sans crit\u00e8re d&rsquo;\u00e2ge. Alors que les populistes de droite attirent \u00e0 eux les \u00e9lecteurs \u00e2g\u00e9s, les populistes de gauche ont gagn\u00e9 des partisans dans les g\u00e9n\u00e9rations plus jeunes.&nbsp;\u00bb<br \/>\n<\/span><\/p>\n<p><span style=\"color: #777777; font-family: Arial;\">L&rsquo;ensemble de ces \u00ab&nbsp;pr\u00e9occupations&nbsp;\u00bb qui sont r\u00e9elles constitue pour les partis politiques nationalistes une ressource dont ils usent pour convaincre l&rsquo;\u00e9lectorat \u00e2g\u00e9 de voter pour eux&nbsp;:<br \/>\n<\/span><\/p>\n<p style=\"margin-left: 28pt;\"><span style=\"color: #c00000; font-family: Arial;\">\u00ab&nbsp;De ce fait, les politiciens nationalistes recourent souvent \u00e0 une <a href=\"https:\/\/www.project-syndicate.org\/onpoint\/the-global-nostalgia-epidemic-by-edoardo-campanella-2018-07?barrier=accesspaylog\"><span style=\"color: blue; text-decoration: underline;\"><span style=\"color: #0000ff; text-decoration: underline;\">rh\u00e9torique de la nostalgie<\/span><\/span><\/a>, gr\u00e2ce \u00e0 laquelle ils mobilisent leurs partisans \u00e2g\u00e9s. Pour sa part, Trump a promis de ramener des emplois dans la \u00ab&nbsp;ceinture de la rouille&nbsp;\u00bb, qui fut autrefois le centre de l&rsquo;industrie manufacturi\u00e8re am\u00e9ricaine. De m\u00eame, on ne saurait trouver de symbole plus clair de la r\u00e9sistance au changement que le mur qu&rsquo;il propose de construire \u00e0 la fronti\u00e8re des \u00c9tats-Unis et du Mexique. Et la r\u00e9pression qu&rsquo;il a engag\u00e9e contre l&rsquo;immigration ill\u00e9gale ainsi que l&rsquo;interdiction d&rsquo;entrer aux \u00c9tats-Unis impos\u00e9e aux ressortissants de pays \u00e0 majorit\u00e9 musulmane montrent son adh\u00e9sion \u00e0 une nation am\u00e9ricaine \u00ab&nbsp;pure&nbsp;\u00bb.<br \/>\n<\/span><\/p>\n<p style=\"margin-left: 28pt;\"><span style=\"color: #c00000; font-family: Arial;\">En Europe continentale, les populistes de droite veulent eux aussi revenir en arri\u00e8re, au temps d&rsquo;avant l&rsquo;euro et de l&rsquo;espace Schengen de libre circulation dans la plupart des pays de l&rsquo;Union. Et ils tentent de s\u00e9duire directement les \u00e9lecteurs \u00e2g\u00e9s en promettant d&rsquo;abaisser l&rsquo;\u00e2ge de la retraite et d&rsquo;augmenter les pensions (ce sont deux mesures phares de la Ligue italienne).&nbsp;\u00bb<br \/>\n<\/span><\/p>\n<p><span style=\"color: #777777; font-family: Arial;\">On ne peut que souscrire \u00e0 l&rsquo;expression du d\u00e9fi qui se pose aux soci\u00e9t\u00e9s modernes&nbsp;:<br \/>\n<\/span><\/p>\n<p style=\"margin-left: 28pt;\"><span style=\"color: #c00000; font-family: Arial;\">Quoi qu&rsquo;il en soit, la vague populiste est \u00e0 tel point gonfl\u00e9e par la d\u00e9mographie qu&rsquo;elle n&rsquo;est probablement pas pr\u00eate d&rsquo;atteindre son point culminant. <strong>Dans des soci\u00e9t\u00e9s grisonnantes, le poids politique des personnes \u00e2g\u00e9es augmentera constamment&nbsp;; et dans des \u00e9conomies en mutation rapide, leur capacit\u00e9 \u00e0 s&rsquo;adapter p\u00e9riclitera<\/strong>. Les \u00e9lecteurs les plus vieux demanderont par cons\u00e9quent de plus en plus de s\u00e9curit\u00e9 socio-\u00e9conomique, et des populistes irresponsables attendront en embuscade pour s&rsquo;attirer leurs bonnes gr\u00e2ces.<br \/>\n<\/span><\/p>\n<p><span style=\"color: #777777; font-family: Arial;\">Edoardo Campanelle&nbsp;se pose la question de ce qu&rsquo;il convient de faire. Sa vision lib\u00e9rale plairait probablement \u00e0 Emmanuel Macron puisqu&rsquo;il donne l&rsquo;injonction aux \u00ab&nbsp;personnes \u00e2g\u00e9es&nbsp;\u00bb de se prendre en charge et d&rsquo;\u00eatre pr\u00eat de faire face aux perturbations actuelles, la politique devant simplement les aider \u00e0 r\u00e9aliser ces objectifs.<br \/>\n<\/span><\/p>\n<p style=\"margin-left: 28pt;\"><span style=\"color: #c00000; font-family: Arial;\">\u00ab&nbsp;Peut-on faire quelque chose&nbsp;? Pour contenir la mar\u00e9e nationaliste, les partis traditionnels doivent instamment \u00e9laborer un nouveau pacte social qui puisse r\u00e9pondre au sentiment d&rsquo;ins\u00e9curit\u00e9 croissant des \u00e9lecteurs les plus vieux. Ils devront trouver un meilleur \u00e9quilibre entre ouverture et protection, innovation et r\u00e9gulation&nbsp;; et ils devront le faire sans tomber dans le pi\u00e8ge r\u00e9gressif tendu par les populistes.<br \/>\n<\/span><\/p>\n<p style=\"margin-left: 28pt;\"><span style=\"color: #c00000; font-family: Arial;\">La r\u00e9ponse ne r\u00e9side pas dans l&rsquo;\u00e9touffement des forces de la mondialisation, mais dans la capacit\u00e9 \u00e0 les rendre plus tol\u00e9rables. Les citoyens de tous \u00e2ges doivent \u00eatre pr\u00eats \u00e0 faire face aux perturbations actuelles et futures. En ce sens, il est pr\u00e9f\u00e9rable d&rsquo;aider les personnes \u00e2g\u00e9es \u00e0 se prendre en charge plut\u00f4t que de se contenter de les prot\u00e9ger. Pour la plupart, les \u00e9conomies avanc\u00e9es ne pourront tout simplement pas se permettre d&rsquo;allouer de nouvelles et \u00e9normes prestations \u00e0 un groupe d&rsquo;int\u00e9r\u00eats surdimensionn\u00e9. Qui plus est, les mesures qui rendent les gens d\u00e9pendants de quelque forme que ce soit de soutien ext\u00e9rieur posent, pour le moins, un probl\u00e8me moral.<br \/>\n<\/span><\/p>\n<p style=\"margin-left: 28pt;\"><span style=\"color: #c00000; font-family: Arial;\">Au lieu de cela, les gouvernements devraient s&rsquo;attacher \u00e0 renforcer les qualifications de la main-d&rsquo;\u0153uvre \u00e2g\u00e9e, en cr\u00e9ant plus d&rsquo;opportunit\u00e9s pour qu&rsquo;anciennes et jeunes g\u00e9n\u00e9rations puissent travailler ensemble, et en responsabilisant les perturbateurs du march\u00e9 du travail sur les cons\u00e9quences socio-\u00e9conomiques de leur activit\u00e9. Les aides aux plus vuln\u00e9rables ne devraient \u00eatre accord\u00e9es qu&rsquo;en dernier ressort.&nbsp;\u00bb<br \/>\n<\/span><\/p>\n<p><span style=\"color: #777777; font-family: Arial;\">La solution n&rsquo;est certes pas simple.<br \/>\n<\/span><\/p>\n<p><span style=\"color: #777777; font-family: Arial;\">Et je crains que cette pr\u00e9diction&nbsp;: \u00ab&nbsp;,<span style=\"color: #c00000;\">Les \u00e9conomies avanc\u00e9es ne pourront tout simplement pas se permettre d&rsquo;allouer de nouvelles et \u00e9normes prestations \u00e0 un groupe d&rsquo;int\u00e9r\u00eats surdimensionn\u00e9<span style=\"color: #777777;\">.&nbsp;\u00bb se r\u00e9alise.<br \/>\n<\/span><\/span><\/span><\/p>\n<p><span style=\"color: #777777; font-family: Arial;\">Mais la capacit\u00e9 de s&rsquo;adapter des personnes \u00e2g\u00e9es dont parle Campanelle doit quand m\u00eame \u00eatre observ\u00e9e avec bienveillance.<br \/>\n<\/span><\/p>\n<p><span style=\"color: #777777; font-family: Arial;\">La question qui se pose de plus en plus est de savoir quelle place la soci\u00e9t\u00e9 laisse aux vieux.<br \/>\n<\/span><\/p>\n<p><span style=\"color: #777777; font-family: Arial;\">Dans le monde du travail d\u00e9j\u00e0 cette question se pose, je ne crois pas raisonnable de croire qu&rsquo;une personne de 30 ans et une personne de 60 ans soient interchangeables. Certes il faut s&rsquo;adapter le mieux qu&rsquo;on peut, mais je pense que si on suit simplement les conseils de cet universitaire espagnol et on laisse faire les r\u00e8gles de l&rsquo;\u00e9conomie moderne on trouvera assez rapidement que l&#8217;employ\u00e9 de 60 ans n&rsquo;est pas assez comp\u00e9titif et que le mieux s&rsquo;est de s&rsquo;en d\u00e9barrasser au plus vite. Le march\u00e9 de l&#8217;emploi fonctionne d&rsquo;ailleurs ainsi en grande partie.<br \/>\n<\/span><\/p>\n<p><span style=\"color: #777777; font-family: Arial;\">Il faut r\u00e9fl\u00e9chir \u00e0 la place des vieux dans une soci\u00e9t\u00e9 qui vieillit. Et pas seulement dire qu&rsquo;ils n&rsquo;ont qu&rsquo;\u00e0 faire comme les jeunes.<br \/>\n<\/span><\/p>\n<p><span style=\"color: #777777; font-family: Arial;\">Sinon je pense que les forces nationalistes et populistes verront s&rsquo;ouvrir des boulevards \u00e0 leurs ambitions politiques.<br \/>\n<\/span><\/p>\n<p><span style=\"color: #777777; font-family: Arial;\">Et h\u00e9las, ils ne disposent d&rsquo;aucune solution raisonnable et p\u00e9renne.<br \/>\n<\/span><\/p>\n<p><span style=\"color: maroon; font-family: Arial;\">&lt;1132&gt;<\/span><\/p>\n","protected":false},"excerpt":{"rendered":"<p>\u00ab&nbsp;Dans des soci\u00e9t\u00e9s grisonnantes, le poids politique des personnes \u00e2g\u00e9es augmentera constamment et dans des \u00e9conomies en mutation rapide, leur capacit\u00e9 \u00e0 s\u2019adapter p\u00e9riclitera&nbsp;\u00bb Edoardo Campanella Brice Couturier a lors de sa chronique du 19 octobre 2018 \u00e9voqu\u00e9 un article<\/p>\n","protected":false},"author":1,"featured_media":0,"comment_status":"open","ping_status":"closed","sticky":false,"template":"","format":"standard","meta":{"footnotes":""},"categories":[1],"tags":[49,3,7],"class_list":["post-5561","post","type-post","status-publish","format-standard","hentry","category-motdujour","tag-futur","tag-politique","tag-societe"],"_links":{"self":[{"href":"https:\/\/lemotdujour.fr\/index.php?rest_route=\/wp\/v2\/posts\/5561","targetHints":{"allow":["GET"]}}],"collection":[{"href":"https:\/\/lemotdujour.fr\/index.php?rest_route=\/wp\/v2\/posts"}],"about":[{"href":"https:\/\/lemotdujour.fr\/index.php?rest_route=\/wp\/v2\/types\/post"}],"author":[{"embeddable":true,"href":"https:\/\/lemotdujour.fr\/index.php?rest_route=\/wp\/v2\/users\/1"}],"replies":[{"embeddable":true,"href":"https:\/\/lemotdujour.fr\/index.php?rest_route=%2Fwp%2Fv2%2Fcomments&post=5561"}],"version-history":[{"count":5,"href":"https:\/\/lemotdujour.fr\/index.php?rest_route=\/wp\/v2\/posts\/5561\/revisions"}],"predecessor-version":[{"id":12138,"href":"https:\/\/lemotdujour.fr\/index.php?rest_route=\/wp\/v2\/posts\/5561\/revisions\/12138"}],"wp:attachment":[{"href":"https:\/\/lemotdujour.fr\/index.php?rest_route=%2Fwp%2Fv2%2Fmedia&parent=5561"}],"wp:term":[{"taxonomy":"category","embeddable":true,"href":"https:\/\/lemotdujour.fr\/index.php?rest_route=%2Fwp%2Fv2%2Fcategories&post=5561"},{"taxonomy":"post_tag","embeddable":true,"href":"https:\/\/lemotdujour.fr\/index.php?rest_route=%2Fwp%2Fv2%2Ftags&post=5561"}],"curies":[{"name":"wp","href":"https:\/\/api.w.org\/{rel}","templated":true}]}}