{"id":556,"date":"2014-01-07T01:00:00","date_gmt":"2014-01-06T22:00:00","guid":{"rendered":"http:\/\/lemotdujour.fr\/?p=556"},"modified":"2018-01-20T11:19:29","modified_gmt":"2018-01-20T10:19:29","slug":"mardi-07012014","status":"publish","type":"post","link":"https:\/\/lemotdujour.fr\/?p=556","title":{"rendered":"Mardi 07\/01\/2014"},"content":{"rendered":"<div class=\"mdjDate\">Mardi 07\/01\/2014<\/div>\n<div class=\"mdjTexte\">\u00ab\u00a0Quand je suis all\u00e9 \u00e0 l&rsquo;\u00e9cole, ils m&rsquo;ont demand\u00e9 ce que je voulais \u00eatre quand je serais grand. J&rsquo;ai r\u00e9pondu \u00ab\u00a0heureux\u00a0\u00bb.<\/div>\n<div class=\"mdjTexte\">Ils m&rsquo;ont dit que je n&rsquo;avais pas compris la question, j&rsquo;ai r\u00e9pondu qu&rsquo;ils n&rsquo;avaient pas compris la vie.\u00a0\u00bb<\/div>\n<div class=\"mdjAuteur\">John Lennon<\/div>\n<div><span style=\"color: #800000;\">&lt;215&gt;<\/span><\/div>\n","protected":false},"excerpt":{"rendered":"<p>Mardi 07\/01\/2014 \u00ab\u00a0Quand je suis all\u00e9 \u00e0 l&rsquo;\u00e9cole, ils m&rsquo;ont demand\u00e9 ce que je voulais \u00eatre quand je serais grand. J&rsquo;ai r\u00e9pondu \u00ab\u00a0heureux\u00a0\u00bb. Ils m&rsquo;ont dit que je n&rsquo;avais pas compris la question, j&rsquo;ai r\u00e9pondu qu&rsquo;ils n&rsquo;avaient pas compris la<\/p>\n","protected":false},"author":1,"featured_media":0,"comment_status":"closed","ping_status":"closed","sticky":false,"template":"","format":"standard","meta":{"footnotes":""},"categories":[1],"tags":[38,54,6],"class_list":["post-556","post","type-post","status-publish","format-standard","hentry","category-motdujour","tag-education","tag-humanisme","tag-philosophie"],"_links":{"self":[{"href":"https:\/\/lemotdujour.fr\/index.php?rest_route=\/wp\/v2\/posts\/556","targetHints":{"allow":["GET"]}}],"collection":[{"href":"https:\/\/lemotdujour.fr\/index.php?rest_route=\/wp\/v2\/posts"}],"about":[{"href":"https:\/\/lemotdujour.fr\/index.php?rest_route=\/wp\/v2\/types\/post"}],"author":[{"embeddable":true,"href":"https:\/\/lemotdujour.fr\/index.php?rest_route=\/wp\/v2\/users\/1"}],"replies":[{"embeddable":true,"href":"https:\/\/lemotdujour.fr\/index.php?rest_route=%2Fwp%2Fv2%2Fcomments&post=556"}],"version-history":[{"count":4,"href":"https:\/\/lemotdujour.fr\/index.php?rest_route=\/wp\/v2\/posts\/556\/revisions"}],"predecessor-version":[{"id":3952,"href":"https:\/\/lemotdujour.fr\/index.php?rest_route=\/wp\/v2\/posts\/556\/revisions\/3952"}],"wp:attachment":[{"href":"https:\/\/lemotdujour.fr\/index.php?rest_route=%2Fwp%2Fv2%2Fmedia&parent=556"}],"wp:term":[{"taxonomy":"category","embeddable":true,"href":"https:\/\/lemotdujour.fr\/index.php?rest_route=%2Fwp%2Fv2%2Fcategories&post=556"},{"taxonomy":"post_tag","embeddable":true,"href":"https:\/\/lemotdujour.fr\/index.php?rest_route=%2Fwp%2Fv2%2Ftags&post=556"}],"curies":[{"name":"wp","href":"https:\/\/api.w.org\/{rel}","templated":true}]}}