{"id":5557,"date":"2018-10-23T02:55:36","date_gmt":"2018-10-23T00:55:36","guid":{"rendered":"http:\/\/lemotdujour.fr\/?p=5557"},"modified":"2021-09-26T22:26:36","modified_gmt":"2021-09-26T20:26:36","slug":"mardi-23-octobre-2018","status":"publish","type":"post","link":"https:\/\/lemotdujour.fr\/?p=5557","title":{"rendered":"Mardi 23 octobre 2018"},"content":{"rendered":"<div class=\"mdjTexte\">\t\u00ab&nbsp;Que nous apprend le cancer sur la vie&nbsp;?\u00bb<\/div>\n<div class=\"mdjAuteur\">\tR\u00e9flexions personnelles sur cette maladie<\/div>\n<p><span style=\"color: #777777; font-family: Arial;\">Le cancer fait mourir beaucoup de personnes autour de nous et porte en lui un imaginaire inqui\u00e9tant.<br \/>\n<\/span><\/p>\n<p><span style=\"color: #777777; font-family: Arial;\">C&rsquo;est aussi une r\u00e9alit\u00e9, j&rsquo;\u00e9voquais hier notre amie Fran\u00e7oise, il y a quelques ann\u00e9es notre amie C\u00e9cile fut \u00e9galement emport\u00e9e par ce mal et beaucoup plus t\u00f4t dans son histoire de vie.<br \/>\n<\/span><\/p>\n<p><span style=\"color: #777777; font-family: Arial;\">Je poursuis, depuis quelques ann\u00e9es, moi-m\u00eame, une histoire intime avec cette maladie.<br \/>\n<\/span><\/p>\n<p><span style=\"color: #777777; font-family: Arial;\">Parmi vous, il en est qui ont perdu des \u00eatres aim\u00e9s que la science actuelle des hommes n&rsquo;a pas su pr\u00e9munir d&rsquo;une fin pr\u00e9matur\u00e9e.<br \/>\n<\/span><\/p>\n<p><span style=\"color: #777777; font-family: Arial;\">C&rsquo;est bien s\u00fbr tr\u00e8s encourageant quand on apprend que les recherches r\u00e9centes offrent de nouvelles pistes de gu\u00e9rison qui viennent d&rsquo;\u00eatre honor\u00e9es&nbsp;: Lundi 1er octobre, le prix Nobel de m\u00e9decine 2018 a \u00e9t\u00e9 d\u00e9cern\u00e9 conjointement \u00e0 l&rsquo;Am\u00e9ricain James P. Allison et au Japonais Tasuku Honjo<span style=\"color: #0000ff;\"> <a style=\"color: #0000ff;\" href=\"https:\/\/www.e-cancer.fr\/Actualites-et-evenements\/Actualites\/Le-prix-Nobel-de-medecine-2018-recompense-des-travaux-sur-le-traitement-du-cancer\">pour leurs travaux sur l&rsquo;immunoth\u00e9rapie<\/a>.<\/span><br \/>\n<\/span><\/p>\n<p><span style=\"color: #777777; font-family: Arial;\">Mais ce n&rsquo;est pas de cette lutte scientifique contre la maladie que je souhaite parler aujourd&rsquo;hui, ni d&rsquo;explications scientifiques sur l&rsquo;apparition et le d\u00e9veloppement du cancer. Dans <span style=\"color: #0000ff;\"><a style=\"color: #0000ff;\" href=\"https:\/\/lemotdujour.fr\/?p=3055\">le mot du jour du 29 septembre 2017<\/a><\/span>, j&rsquo;avais indiqu\u00e9 ce <a href=\"https:\/\/www.youtube.com\/watch?v=gxtqGhhomQE\"><span style=\"color: #0000ff;\">&lt;Lien&gt;<\/span><\/a> vers une vid\u00e9o du site \u00ab&nbsp;science \u00e9tonnante&nbsp;\u00bb dans laquelle, le cr\u00e9ateur de ce site David Louapre \u00e9tait all\u00e9 interroger des m\u00e9decins de l&rsquo;Institut Gustave Roussy.<br \/>\n<\/span><\/p>\n<p><span style=\"color: #777777; font-family: Arial;\">Mon propos tente d&rsquo;approcher une r\u00e9flexion philosophique.<br \/>\n<\/span><\/p>\n<p><span style=\"color: #777777; font-family: Arial;\">Je me souviens que tr\u00e8s jeune et encore tr\u00e8s peu pr\u00e9occup\u00e9 par cette maladie, avoir entendu parler un professeur de m\u00e9decine qui d&rsquo;apr\u00e8s mes souvenirs \u00e9tait le professeur Jean Bernard.<br \/>\n<\/span><\/p>\n<p><span style=\"color: #777777; font-family: Arial;\">Et ce qu&rsquo;il a dit m&rsquo;a beaucoup marqu\u00e9, m\u00eame si je n&rsquo;en avais approfondi la signification.<br \/>\n<\/span><\/p>\n<p><span style=\"color: #777777; font-family: Arial;\">Il avait exprim\u00e9 cette r\u00e9alit\u00e9 qu&rsquo;il voyait dans les laboratoires&nbsp;:<br \/>\n<\/span><\/p>\n<p style=\"margin-left: 28pt;\"><span style=\"color: #c00000; font-family: Arial;\">\u00ab&nbsp;Qu&rsquo;est-ce que le cancer en fin de compte&nbsp;? Ce sont des cellules qui ne veulent pas mourir. Nous avons dans nos laboratoires des cellules canc\u00e9reuses, pr\u00e9lev\u00e9es sur des humains qui sont morts depuis de nombreuses ann\u00e9es.&nbsp;\u00bb<br \/>\n<\/span><\/p>\n<p><span style=\"color: #777777; font-family: Arial;\">Le cancer ce sont des cellules qui ne veulent pas mourir&nbsp;!<br \/>\n<\/span><\/p>\n<p><span style=\"color: #777777; font-family: Arial;\">Elles se reproduisent \u00e0 un rythme acc\u00e9l\u00e9r\u00e9 et ne meurent pas en proportion.<br \/>\n<\/span><\/p>\n<p><span style=\"color: #777777; font-family: Arial;\">Ce sont des parties, des \u00e9l\u00e9ments d&rsquo;un corps global, d&rsquo;un corps humain ou animal.<br \/>\n<\/span><\/p>\n<p><span style=\"color: #777777; font-family: Arial;\">Ces \u00e9l\u00e9ments ne veulent pas mourir et de ce fait, ils font mourir le corps dont ils ne sont qu&rsquo;un \u00e9l\u00e9ment.<br \/>\n<\/span><\/p>\n<p><span style=\"color: #777777; font-family: Arial;\">Alors je ne peux pas m&#8217;emp\u00eacher de penser \u00e0 cette cat\u00e9gorie de transhumanistes qui ne veulent pas mourir, qui poursuivent le fantasme de <span style=\"color: #0000ff;\"><a style=\"color: #0000ff;\" href=\"https:\/\/fr.wikipedia.org\/wiki\/%C3%89pop%C3%A9e_de_Gilgamesh\">Gilgamesh<\/a><\/span> celui de devenir immortel ou a-mortel.<br \/>\n<\/span><\/p>\n<p><span style=\"color: #777777; font-family: Arial;\">Un article de \u00ab&nbsp;Science et vie&nbsp;\u00bb pose cette question&nbsp;: <a href=\"https:\/\/www.science-et-vie.com\/corps-et-sante\/pourquoi-meurt-on-8881\"><span style=\"color: #0000ff;\">\u00ab&nbsp;Pourquoi meurt-on ?&nbsp;\u00bb<\/span><\/a><span style=\"color: #0000ff;\">.<\/span><br \/>\n<\/span><\/p>\n<p style=\"margin-left: 28pt;\"><span style=\"color: #c00000; font-family: Arial;\">\u00ab&nbsp;Comment expliquer qu&rsquo;on ait \u00e9t\u00e9 mis au monde pour, un jour, mourir\u2009? [\u2026] Au fil des g\u00e9n\u00e9rations, la s\u00e9lection naturelle n&rsquo;aurait-elle pas d\u00fb \u00e9liminer les g\u00e8nes qui, in fine, nous sont fatals\u2009? L\u00e0 r\u00e9side justement le secret. [\u2026]<br \/>\n<\/span><\/p>\n<p style=\"margin-left: 28pt;\"><span style=\"color: #c00000; font-family: Arial;\">Car si mourir para\u00eet inacceptable au niveau de l&rsquo;individu, c&rsquo;est tout le contraire \u00e0 l&rsquo;\u00e9chelle de l&rsquo;esp\u00e8ce\u2009: si nous mourons, c&rsquo;est parce que la finalit\u00e9 de la vie n&rsquo;est pas sa pr\u00e9servation, mais sa perp\u00e9tuation.<br \/>\n<\/span><\/p>\n<p style=\"margin-left: 28pt;\"><span style=\"color: #c00000; font-family: Arial;\">Une fois que l&rsquo;individu a rempli sa mission de reproduction, la s\u00e9lection naturelle ne le pr\u00e9serve plus. En sorte, c&rsquo;est notre facult\u00e9 \u00e0 donner la vie qui, m\u00e9caniquement, signe notre arr\u00eat de mort.<br \/>\n<\/span><\/p>\n<p style=\"margin-left: 28pt;\"><span style=\"color: #c00000; font-family: Arial;\">Pour comprendre cette surprenante conclusion, il faut avoir \u00e0 l&rsquo;esprit une loi intangible\u2009: au sein d&rsquo;une m\u00eame esp\u00e8ce, entre un individu dot\u00e9 d&rsquo;une faible long\u00e9vit\u00e9 mais se reproduisant abondamment, et un individu vivant longtemps tout en se reproduisant peu, le premier obtiendra les faveurs de la s\u00e9lection naturelle, via une diffusion plus importante de ses g\u00e8nes au cours des g\u00e9n\u00e9rations.<br \/>\n<\/span><\/p>\n<p style=\"margin-left: 28pt;\"><span style=\"color: #c00000; font-family: Arial;\">[\u2026] En tout cas, d\u00e8s que les organismes vivants ne sont plus capables de se reproduire, la s\u00e9lection naturelle laisse s&rsquo;accumuler les mutations d\u00e9l\u00e9t\u00e8res dans leurs g\u00e9nomes, lesquelles les m\u00e8nent \u00e0 une mort in\u00e9luctable.<br \/>\n<\/span><\/p>\n<p style=\"margin-left: 28pt;\"><span style=\"color: #c00000; font-family: Arial;\">[\u2026] Si nous mourons, c&rsquo;est pour mieux donner la vie. Tel est le v\u00e9ritable paradoxe de notre finitude.&nbsp;\u00bb<br \/>\n<\/span><\/p>\n<p><span style=\"color: #777777; font-family: Arial;\">Les \u00eatres vivants que nous sommes ont vocation \u00e0 se reproduire et \u00e0 survivre par leur descendance.<br \/>\n<\/span><\/p>\n<p><span style=\"color: #777777; font-family: Arial;\">C&rsquo;est \u00e0 nouveau ce combat entre l&rsquo;Ego et le Nous, le Nous de l&rsquo;esp\u00e8ce.<br \/>\n<\/span><\/p>\n<p><span style=\"color: #777777; font-family: Arial;\">Il existe m\u00eame des esp\u00e8ces qui meurent en se reproduisant. On pense \u00e0 la mante religieuse qui au terme de l&rsquo;accouplement voit la femelle d\u00e9vorer le m\u00e2le. Il en existe d&rsquo;autres comme <span style=\"color: #0000ff;\"><a style=\"color: #0000ff;\" href=\"https:\/\/www.futura-sciences.com\/planete\/actualites\/faune-selection-sexuelle-marsupiaux-males-meurent-apres-amour-49499\/\">certains marsupiaux<\/a><\/span> qui s&rsquo;\u00e9puisent lors d&rsquo;une fr\u00e9n\u00e9sie d&rsquo;accouplement&nbsp;:<br \/>\n<\/span><\/p>\n<p style=\"margin-left: 28pt;\"><span style=\"color: #c00000; font-family: Arial;\">\u00ab&nbsp;Certains d&rsquo;entre eux se reproduisent avec diff\u00e9rentes femelles pendant de longues heures et finissent par mourir d&rsquo;\u00e9puisement. Selon des chercheurs australiens, ce comportement sexuel particulier leur permettrait de fertiliser le plus grand nombre de femelles possible et d&rsquo;assurer ainsi leur descendance.&nbsp;\u00bb<br \/>\n<\/span><\/p>\n<p><span style=\"color: #777777; font-family: Arial;\">Tout comportement excessif est d\u00e9raisonnable.<br \/>\n<\/span><\/p>\n<p><span style=\"color: #777777; font-family: Arial;\">Je crois que nous avons raison d&rsquo;aspirer \u00e0 une belle et longue vie qui ne soit pas bris\u00e9e pr\u00e9matur\u00e9ment par une maladie brutale.<br \/>\n<\/span><\/p>\n<p><span style=\"color: #777777; font-family: Arial;\">Les scientifiques et les m\u00e9decins sont donc l\u00e9gitimes \u00e0 chercher des moyens pour essayer de r\u00e9aliser ces objectifs.<br \/>\n<\/span><\/p>\n<p><span style=\"color: #777777;\"><span style=\"font-family: Arial;\">Mais lorsque le cofondateur de PayPal&nbsp;: Peter Thiel&nbsp; dit <\/span><span style=\"font-family: Times New Roman;\"><br \/>\n<\/span><\/span><\/p>\n<p style=\"margin-left: 28pt;\"><span style=\"color: #c00000; font-family: Arial;\">\u00ab&nbsp;Je pense qu&rsquo;il y a probablement trois grandes fa\u00e7ons d&rsquo;aborder la mort. L&rsquo;accepter, la nier ou la combattre. Je crois que notre soci\u00e9t\u00e9 est domin\u00e9e par des gens qui sont dans le d\u00e9ni ou l&rsquo;acceptation&nbsp;; pour ma part je pr\u00e9f\u00e8re la combattre.&nbsp;\u00bb<br \/>\n<\/span><\/p>\n<p><span style=\"color: #777777; font-family: Arial;\"><span style=\"color: #0000ff;\">(<a style=\"color: #0000ff;\" href=\"https:\/\/lemotdujour.fr\/?p=5517\">cit\u00e9 par Harari<\/a><\/span>)<br \/>\n<\/span><\/p>\n<p><span style=\"color: #777777; font-family: Arial;\">Je crois qu&rsquo;il a tort. Il faut accepter la mort, sans cela nous nous comportons comme un cancer pour notre esp\u00e8ce.<br \/>\n<\/span><\/p>\n<p><span style=\"color: #777777; font-family: Arial;\">Je finirai ce mot du jour un peu \u00e2pre par une reproduction du tableau de Gustav Klimt&nbsp;: \u00ab&nbsp;<strong>La Vie<\/strong> <strong>et<\/strong> <strong>la Mort&nbsp;\u00bb <\/strong>achev\u00e9 en 1916<strong>.<br \/>\n<\/strong><\/span><\/p>\n<p><img decoding=\"async\" src=\"https:\/\/lemotdujour.fr\/wp-content\/uploads\/2018\/10\/102118_1924_Mardi23octo1.jpg\" alt=\"\"><span style=\"color: #777777; font-family: Arial;\"><br \/>\n<\/span><\/p>\n<p><span style=\"color: maroon; font-family: Arial;\">&lt;1131&gt;<\/span><\/p>\n","protected":false},"excerpt":{"rendered":"<p>\u00ab&nbsp;Que nous apprend le cancer sur la vie&nbsp;?\u00bb R\u00e9flexions personnelles sur cette maladie Le cancer fait mourir beaucoup de personnes autour de nous et porte en lui un imaginaire inqui\u00e9tant. C&rsquo;est aussi une r\u00e9alit\u00e9, j&rsquo;\u00e9voquais hier notre amie Fran\u00e7oise, il<\/p>\n","protected":false},"author":1,"featured_media":0,"comment_status":"open","ping_status":"closed","sticky":false,"template":"","format":"standard","meta":{"footnotes":""},"categories":[1],"tags":[49,19,6],"class_list":["post-5557","post","type-post","status-publish","format-standard","hentry","category-motdujour","tag-futur","tag-personnel","tag-philosophie"],"_links":{"self":[{"href":"https:\/\/lemotdujour.fr\/index.php?rest_route=\/wp\/v2\/posts\/5557","targetHints":{"allow":["GET"]}}],"collection":[{"href":"https:\/\/lemotdujour.fr\/index.php?rest_route=\/wp\/v2\/posts"}],"about":[{"href":"https:\/\/lemotdujour.fr\/index.php?rest_route=\/wp\/v2\/types\/post"}],"author":[{"embeddable":true,"href":"https:\/\/lemotdujour.fr\/index.php?rest_route=\/wp\/v2\/users\/1"}],"replies":[{"embeddable":true,"href":"https:\/\/lemotdujour.fr\/index.php?rest_route=%2Fwp%2Fv2%2Fcomments&post=5557"}],"version-history":[{"count":4,"href":"https:\/\/lemotdujour.fr\/index.php?rest_route=\/wp\/v2\/posts\/5557\/revisions"}],"predecessor-version":[{"id":12181,"href":"https:\/\/lemotdujour.fr\/index.php?rest_route=\/wp\/v2\/posts\/5557\/revisions\/12181"}],"wp:attachment":[{"href":"https:\/\/lemotdujour.fr\/index.php?rest_route=%2Fwp%2Fv2%2Fmedia&parent=5557"}],"wp:term":[{"taxonomy":"category","embeddable":true,"href":"https:\/\/lemotdujour.fr\/index.php?rest_route=%2Fwp%2Fv2%2Fcategories&post=5557"},{"taxonomy":"post_tag","embeddable":true,"href":"https:\/\/lemotdujour.fr\/index.php?rest_route=%2Fwp%2Fv2%2Ftags&post=5557"}],"curies":[{"name":"wp","href":"https:\/\/api.w.org\/{rel}","templated":true}]}}