{"id":5550,"date":"2018-10-22T00:40:00","date_gmt":"2018-10-21T22:40:00","guid":{"rendered":"http:\/\/lemotdujour.fr\/?p=5550"},"modified":"2021-09-26T22:28:37","modified_gmt":"2021-09-26T20:28:37","slug":"lundi-22-octobre-2018","status":"publish","type":"post","link":"https:\/\/lemotdujour.fr\/?p=5550","title":{"rendered":"Lundi 22 octobre 2018"},"content":{"rendered":"<div class=\"mdjTexte\">\t\u00ab&nbsp;Une enfance heureuse&nbsp;\u00bb<\/div>\n<div class=\"mdjAuteur\">\tMarie-Fran\u00e7oise Seyler<\/div>\n<p><span style=\"color: #777777; font-family: Arial;\">Nous vivons une \u00e9poque de mutation consid\u00e9rable mais ce n&rsquo;est pas la premi\u00e8re fois que notre soci\u00e9t\u00e9 a \u00e9t\u00e9 confront\u00e9e \u00e0 ce type d&rsquo;\u00e9volution&nbsp;: d&rsquo;un monde connu vers un nouveau monde.<br \/>\n<\/span><\/p>\n<p><span style=\"color: #777777; font-family: Arial;\">Ce fut le cas de nos ain\u00e9s qui venaient du monde rural et se sont int\u00e9gr\u00e9s dans le monde urbain, c&rsquo;est ce qu&rsquo;on a appel\u00e9 l&rsquo;exode rural.<br \/>\n<\/span><\/p>\n<p><span style=\"color: #777777; font-family: Arial;\">Wikip\u00e9dia nous apprend que c&rsquo;est entre 1850 et 1860 que la population rurale fran\u00e7aise avait atteint son maximum (en valeur absolue) avec 26,8 millions de ruraux. \u00c0 partir de cette date, les effectifs de la population rurale ont commenc\u00e9 \u00e0 d\u00e9cro\u00eetre en France. La France a d&rsquo;ailleurs connu un exode rural plus tardif que les autres pays d&rsquo;Europe occidentale et d&rsquo;Am\u00e9rique du Nord.<br \/>\n<\/span><\/p>\n<p><img decoding=\"async\" class=\"alignleft\" src=\"https:\/\/lemotdujour.fr\/wp-content\/uploads\/2018\/10\/102118_1637_Lundi22octo1.jpg\" alt=\"\" align=\"left\"><span style=\"color: #777777; font-family: Arial;\">Pour Marie-Fran\u00e7oise Seyler que nous appelions Fran\u00e7oise, cet exode fut encore plus tardif puisqu&rsquo;elle raconte dans ce livre \u00ab&nbsp;<a href=\"https:\/\/fr.shopping.rakuten.com\/offer\/buy\/1006557033\/une-enfance-heureuse-dans-la-lorraine-d-apres-guerre-de-marie-francoise-seyler.html\"><span style=\"color: #0000ff;\">Une enfance heureuse<\/span>&nbsp;<\/a>\u00bb le d\u00e9but de sa vie au milieu du XX\u00e8me si\u00e8cle dans une famille agricole vivant dans un village au pays de Bitche&nbsp;: Petit-R\u00e9derging.<br \/>\n<\/span><\/p>\n<p><span style=\"color: #777777; font-family: Arial;\">Elle raconte comment pour financer les \u00e9tudes d&rsquo;un enfant, son p\u00e8re vendait une b\u00eate et la r\u00e9alit\u00e9 de la vie villageoise de cette \u00e9poque.<br \/>\n<\/span><\/p>\n<p><span style=\"color: #777777; font-family: Arial;\">Dans la pr\u00e9face de ce livre son fr\u00e8re Jean-Marie, relate comment il expliquait \u00e0 ses enfants&nbsp;: \u00ab&nbsp;J&rsquo;ai connu le Moyen \u00c2ge&nbsp;\u00bb.<br \/>\n<\/span><\/p>\n<p><span style=\"color: #777777; font-family: Arial;\">J&rsquo;ai rencontr\u00e9 Fran\u00e7oise en 1976, en arrivant \u00e0 Strasbourg pour poursuivre des \u00e9tudes.<br \/>\n<\/span><\/p>\n<p><span style=\"color: #777777; font-family: Arial;\">Annie a rencontr\u00e9 Fran\u00e7oise un an plus tard.<br \/>\n<\/span><\/p>\n<p><span style=\"color: #777777; font-family: Arial;\">Parfois Annie et moi nous croisions dans la maison de Fran\u00e7oise, sans jamais nous remarquer.<br \/>\n<\/span><\/p>\n<p><span style=\"color: #777777; font-family: Arial;\">Apr\u00e8s plus de 10 ans, en 1988, Fran\u00e7oise a conseill\u00e9 \u00e0 Annie de s&rsquo;int\u00e9resser \u00e0 moi et depuis nous vivons ensemble.<br \/>\n<\/span><\/p>\n<p><span style=\"color: #777777; font-family: Arial;\">Lorsque chacun de nos enfants est n\u00e9, c&rsquo;est Fran\u00e7oise qui est venu pour nous aider, nous conseiller et \u00eatre l\u00e0 tout simplement.<br \/>\n<\/span><\/p>\n<p><span style=\"color: #777777; font-family: Arial;\">C&rsquo;est encore elle qui nous a appris et a fait avec nous les merveilleux g\u00e2teaux de No\u00ebl alsacien.<br \/>\n<\/span><\/p>\n<p><span style=\"color: #777777; font-family: Arial;\">Et au-del\u00e0 du mat\u00e9riel, nous avons \u00e9chang\u00e9 tant de choses immat\u00e9rielles lors de nos rencontres dans lesquelles sa bienveillance, son humanisme, son \u00e9thique \u00e9taient comme un phare qui permettait d&rsquo;\u00e9clairer la route.<br \/>\n<\/span><\/p>\n<p><span style=\"color: #777777; font-family: Arial;\">Michel Rocard a \u00e9crit&nbsp;: \u00ab Dans les cinq plus beaux moments d&rsquo;une vie, il y a un (ou des) coup(s) de foudre amoureux, la naissance d&rsquo;un enfant, une belle performance artistique ou professionnelle, un exploit sportif, un voyage magnifique, enfin n&rsquo;importe quoi, mais jamais une satisfaction li\u00e9e \u00e0 l&rsquo;argent.&nbsp;\u00bb<br \/>\n<\/span><\/p>\n<p><span style=\"color: #777777; font-family: Arial;\">C&rsquo;est ainsi qu&rsquo;Annie et moi avons v\u00e9cu l&rsquo;amiti\u00e9 de Fran\u00e7oise : un des plus beaux moments de notre vie.<br \/>\n<\/span><\/p>\n<p><span style=\"color: #777777; font-family: Arial;\">Pendant de nombreuses ann\u00e9es elle a affront\u00e9 son terrible cancer, les yeux ouverts plein de lucidit\u00e9 et de force. Elle continuait \u00e0 voyager, \u00e0 faire de longues randonn\u00e9es et finalement aussi \u00e9crire.<br \/>\n<\/span><\/p>\n<p><span style=\"color: #777777; font-family: Arial;\">Puisqu&rsquo;elle a \u00e9crit un autre livre sur la vie d&rsquo;antan \u00e0 la campagne&nbsp;: \u00ab&nbsp;<span style=\"color: #0000ff;\"><a style=\"color: #0000ff;\" href=\"https:\/\/livre.fnac.com\/a6530393\/M-F-Seyler-Les-couleurs-des-saisons\">couleurs des saisons&nbsp;<\/a><\/span>\u00bb et un roman toujours sur ce sujet du lien entre le monde rural d&rsquo;hier et le monde d&rsquo;aujourd&rsquo;hui&nbsp;: \u00ab&nbsp;<a href=\"https:\/\/www.librairieflammarion.fr\/livre\/9938636-le-nouveau-monde-d-anna-m-francoise-seyler-a-propos-de\"><span style=\"color: #0000ff;\">Le nouveau monde d&rsquo;Anna&nbsp;<\/span>\u00bb<\/a>, un autre livre a \u00e9t\u00e9 \u00e9crit et devrait \u00eatre \u00e9dit\u00e9 prochainement.<br \/>\n<\/span><\/p>\n<p><span style=\"color: #777777; font-family: Arial;\">Jusque dans son dernier combat avec la mort, elle fut pour nous un exemple et une le\u00e7on de vie. Sa c\u00e9r\u00e9monie d&rsquo;Adieu eut lieu le jour o\u00f9 j&rsquo;entrais dans ma soixanti\u00e8me ann\u00e9e.<br \/>\n<\/span><\/p>\n<p><span style=\"color: #777777; font-family: Arial;\"><strong>Le vrai tombeau des morts est le c\u0153ur des vivants. <\/strong><\/span><\/p>\n<p><span style=\"color: #800000;\">&lt;1130&gt;<\/span><\/p>\n","protected":false},"excerpt":{"rendered":"<p>\u00ab&nbsp;Une enfance heureuse&nbsp;\u00bb Marie-Fran\u00e7oise Seyler Nous vivons une \u00e9poque de mutation consid\u00e9rable mais ce n&rsquo;est pas la premi\u00e8re fois que notre soci\u00e9t\u00e9 a \u00e9t\u00e9 confront\u00e9e \u00e0 ce type d&rsquo;\u00e9volution&nbsp;: d&rsquo;un monde connu vers un nouveau monde. Ce fut le cas<\/p>\n","protected":false},"author":1,"featured_media":0,"comment_status":"open","ping_status":"closed","sticky":false,"template":"","format":"standard","meta":{"footnotes":""},"categories":[1],"tags":[29,19,7],"class_list":["post-5550","post","type-post","status-publish","format-standard","hentry","category-motdujour","tag-hommage","tag-personnel","tag-societe"],"_links":{"self":[{"href":"https:\/\/lemotdujour.fr\/index.php?rest_route=\/wp\/v2\/posts\/5550","targetHints":{"allow":["GET"]}}],"collection":[{"href":"https:\/\/lemotdujour.fr\/index.php?rest_route=\/wp\/v2\/posts"}],"about":[{"href":"https:\/\/lemotdujour.fr\/index.php?rest_route=\/wp\/v2\/types\/post"}],"author":[{"embeddable":true,"href":"https:\/\/lemotdujour.fr\/index.php?rest_route=\/wp\/v2\/users\/1"}],"replies":[{"embeddable":true,"href":"https:\/\/lemotdujour.fr\/index.php?rest_route=%2Fwp%2Fv2%2Fcomments&post=5550"}],"version-history":[{"count":7,"href":"https:\/\/lemotdujour.fr\/index.php?rest_route=\/wp\/v2\/posts\/5550\/revisions"}],"predecessor-version":[{"id":12182,"href":"https:\/\/lemotdujour.fr\/index.php?rest_route=\/wp\/v2\/posts\/5550\/revisions\/12182"}],"wp:attachment":[{"href":"https:\/\/lemotdujour.fr\/index.php?rest_route=%2Fwp%2Fv2%2Fmedia&parent=5550"}],"wp:term":[{"taxonomy":"category","embeddable":true,"href":"https:\/\/lemotdujour.fr\/index.php?rest_route=%2Fwp%2Fv2%2Fcategories&post=5550"},{"taxonomy":"post_tag","embeddable":true,"href":"https:\/\/lemotdujour.fr\/index.php?rest_route=%2Fwp%2Fv2%2Ftags&post=5550"}],"curies":[{"name":"wp","href":"https:\/\/api.w.org\/{rel}","templated":true}]}}