{"id":554,"date":"2014-01-06T01:00:00","date_gmt":"2014-01-05T22:00:00","guid":{"rendered":"http:\/\/lemotdujour.fr\/?p=554"},"modified":"2017-05-08T13:20:32","modified_gmt":"2017-05-08T11:20:32","slug":"lundi-06012014","status":"publish","type":"post","link":"https:\/\/lemotdujour.fr\/?p=554","title":{"rendered":"Lundi 06\/01\/2014"},"content":{"rendered":"<div class=\"mdjDate\">Lundi 06\/01\/2014<\/div>\n<div class=\"mdjTexte\">\u00abEt surtout, surtout, disons \u00e0 nos enfants qu\u2019ils arrivent sur terre quasiment au d\u00e9but d\u2019une histoire et non pas \u00e0 sa fin d\u00e9senchant\u00e9e. <br \/>Ils en sont encore aux tout premiers chapitres d\u2019une longue et fabuleuse \u00e9pop\u00e9e <br \/>dont ils seront, non pas les rouages muets, mais au contraire, les in\u00e9vitables auteurs.\u00bb<\/div>\n<div class=\"mdjAuteur\">Ariane Mnouchkine<\/div>\n<div class=\"mdjComplements\">Mediapart, depuis plusieurs ann\u00e9es, propose de commencer l\u2019ann\u00e9e avec des v\u0153ux offerts par des personnes qui ont quelque chose \u00e0 dire.<\/div>\n<div class=\"mdjComplements\">Ce fut St\u00e9phane Hessel en 2010, Moncef Marzouki en 2011, \u00c9douard Martin en 2012.<\/div>\n<div class=\"mdjComplements\">En 2014 ils ont fait appel \u00e0 Ariane Mnouchkine, la metteure en sc\u00e8ne et fondatrice du Th\u00e9\u00e2tre du Soleil.<\/div>\n<div class=\"mdjComplements\">Voici ces v\u0153ux :<\/div>\n<div class=\"mdjCiter\">\u00ab Mes ch\u00e8res concitoyennes, mes chers concitoyens,<\/div>\n<div class=\"mdjCiter\">\u00c0 l\u2019aube de cette ann\u00e9e 2014, je vous souhaite beaucoup de bonheur.<\/div>\n<div class=\"mdjCiter\">Une fois dit \u00e7a\u2026 qu\u2019ai-je dit? Que souhait\u00e9-je vraiment ?<\/div>\n<div class=\"mdjCiter\">Je m\u2019explique :<\/div>\n<div class=\"mdjCiter\">Je nous souhaite d\u2019abord une fuite p\u00e9rilleuse et ensuite un immense chantier.<\/div>\n<div class=\"mdjCiter\">D\u2019abord fuir la peste de cette tristesse gluante, que par tombereaux entiers, tous les jours, on d\u00e9verse sur nous, cette vase venimeuse, faite de haine de soi, de haine de l\u2019autre, de m\u00e9fiance de tout le monde, de ressentiments passifs et contagieux, d\u2019amertumes st\u00e9riles, de hargnes pers\u00e9cutoires.<\/div>\n<div class=\"mdjCiter\">Fuir l\u2019incr\u00e9dulit\u00e9 ricanante, enfl\u00e9e de sa propre importance, fuir les triomphants proph\u00e8tes de l\u2019\u00e9chec in\u00e9vitable, fuir les pleureurs et vestales d\u2019un pass\u00e9 avort\u00e9 \u00e0 jamais et barrant tout futur.<\/div>\n<div class=\"mdjCiter\">Une fois r\u00e9ussie cette difficile \u00e9vasion, je nous souhaite un chantier, un chantier colossal, pharaonique, himalayesque, inou\u00ef, surhumain parce que justement totalement humain. Le chantier des chantiers.<\/div>\n<div class=\"mdjCiter\">Ce chantier sur la palissade duquel, d\u00e8s les \u00e9lections pass\u00e9es, nos \u00e9lus s\u2019empressent d\u2019apposer l\u2019\u00e9criteau : \u201cChantier Interdit Au Public\u201c<\/div>\n<div class=\"mdjCiter\">Je crois que j\u2019ose parler de la d\u00e9mocratie.<\/div>\n<div class=\"mdjCiter\">Etre consult\u00e9s de temps \u00e0 autre ne suffit plus. Plus du tout. D\u00e9clarons-nous, tous, responsables de tout.<\/div>\n<div class=\"mdjCiter\">Entrons sur ce chantier. Pas besoin de violence. De cris, de rage. Pas besoin d\u2019hostilit\u00e9. Juste besoin de confiance. De regards. D\u2019\u00e9coute. De constance.<\/div>\n<div class=\"mdjCiter\">L\u2019Etat, en l\u2019occurrence, c\u2019est nous.<\/div>\n<div class=\"mdjCiter\">Ouvrons des laboratoires, ou rejoignons ceux, innombrables d\u00e9j\u00e0, o\u00f9, \u00e0 tant de questions et de probl\u00e8mes, des femmes et des hommes trouvent des r\u00e9ponses, imaginent et proposent des solutions qui ne demandent qu\u2019\u00e0 \u00eatre exp\u00e9riment\u00e9es et mises en pratique, avec audace et prudence, avec confiance et exigence.<\/div>\n<div class=\"mdjCiter\">Ajoutons partout, \u00e0 celles qui existent d\u00e9j\u00e0, des petites zones libres.<\/div>\n<div class=\"mdjCiter\">Oui, de ces petits exemples courageux qui incitent au courage cr\u00e9atif.<\/div>\n<div class=\"mdjCiter\">Exp\u00e9rimentons, nous-m\u00eames, exp\u00e9rimentons, humblement, joyeusement et sans arrogance. Que l\u2019\u00e9chec soit notre professeur, pas notre censeur. Cent fois sur le m\u00e9tier remettons notre ouvrage. Scrutons nos \u00e9prouvettes minuscules ou nos alambics \u00e9normes afin de progresser concr\u00e8tement dans notre recherche d\u2019une meilleure soci\u00e9t\u00e9 humaine. Car c\u2019est du minuscule au cosmique que ce travail nous entrainera et entraine d\u00e9j\u00e0 ceux qui s\u2019y confrontent. Comme les po\u00e8tes qui savent qu\u2019il faut, tant\u00f4t \u00e9crire une ode \u00e0 la tomate ou \u00e0 la soupe de congre, tant\u00f4t \u00e9crire Les Ch\u00e2timents. Sauver une herbe m\u00e9dicinale en Amazonie, garantir aux femmes la libert\u00e9, l\u2019\u00e9galit\u00e9, la vie souvent.<\/div>\n<div class=\"mdjCiter\">Et surtout, surtout, disons \u00e0 nos enfants qu\u2019ils arrivent sur terre quasiment au d\u00e9but d\u2019une histoire et non pas \u00e0 sa fin d\u00e9senchant\u00e9e. Ils en sont encore aux tout premiers chapitres d\u2019une longue et fabuleuse \u00e9pop\u00e9e dont ils seront, non pas les rouages muets, mais au contraire, les in\u00e9vitables auteurs.<\/div>\n<div class=\"mdjCiter\">Il faut qu\u2019ils sachent que, \u00f4 merveille, ils ont une \u0153uvre, faite de mille \u0153uvres, \u00e0 accomplir, ensemble, avec leurs enfants et les enfants de leurs enfants.<\/div>\n<div class=\"mdjCiter\">Disons-le, haut et fort, car, beaucoup d\u2019entre eux ont entendu le contraire, et je crois, moi, que cela les d\u00e9sesp\u00e8re.<\/div>\n<div class=\"mdjCiter\">Quel plus riche h\u00e9ritage pouvons-nous l\u00e9guer \u00e0 nos enfants que la joie de savoir que la gen\u00e8se n\u2019est pas encore termin\u00e9e et qu\u2019elle leur appartient.<\/div>\n<div class=\"mdjCiter\">Qu\u2019attendons-nous ? L\u2019ann\u00e9e 2014 ? La voici.\u00a0\u00bb<\/div>\n<div class=\"mdjComplements\">PS : Les deux po\u00e8tes cit\u00e9s sont Pablo Neruda et Victor Hugo \u00bb<\/div>\n<div class=\"mdjComplements\">Que l&rsquo;optimisme de la volont\u00e9 vous accompagne<\/div>\n","protected":false},"excerpt":{"rendered":"<p>Lundi 06\/01\/2014 \u00abEt surtout, surtout, disons \u00e0 nos enfants qu\u2019ils arrivent sur terre quasiment au d\u00e9but d\u2019une histoire et non pas \u00e0 sa fin d\u00e9senchant\u00e9e. Ils en sont encore aux tout premiers chapitres d\u2019une longue et fabuleuse \u00e9pop\u00e9e dont ils<\/p>\n","protected":false},"author":1,"featured_media":0,"comment_status":"closed","ping_status":"closed","sticky":false,"template":"","format":"standard","meta":{"footnotes":""},"categories":[1],"tags":[],"class_list":["post-554","post","type-post","status-publish","format-standard","hentry","category-motdujour"],"_links":{"self":[{"href":"https:\/\/lemotdujour.fr\/index.php?rest_route=\/wp\/v2\/posts\/554","targetHints":{"allow":["GET"]}}],"collection":[{"href":"https:\/\/lemotdujour.fr\/index.php?rest_route=\/wp\/v2\/posts"}],"about":[{"href":"https:\/\/lemotdujour.fr\/index.php?rest_route=\/wp\/v2\/types\/post"}],"author":[{"embeddable":true,"href":"https:\/\/lemotdujour.fr\/index.php?rest_route=\/wp\/v2\/users\/1"}],"replies":[{"embeddable":true,"href":"https:\/\/lemotdujour.fr\/index.php?rest_route=%2Fwp%2Fv2%2Fcomments&post=554"}],"version-history":[{"count":1,"href":"https:\/\/lemotdujour.fr\/index.php?rest_route=\/wp\/v2\/posts\/554\/revisions"}],"predecessor-version":[{"id":555,"href":"https:\/\/lemotdujour.fr\/index.php?rest_route=\/wp\/v2\/posts\/554\/revisions\/555"}],"wp:attachment":[{"href":"https:\/\/lemotdujour.fr\/index.php?rest_route=%2Fwp%2Fv2%2Fmedia&parent=554"}],"wp:term":[{"taxonomy":"category","embeddable":true,"href":"https:\/\/lemotdujour.fr\/index.php?rest_route=%2Fwp%2Fv2%2Fcategories&post=554"},{"taxonomy":"post_tag","embeddable":true,"href":"https:\/\/lemotdujour.fr\/index.php?rest_route=%2Fwp%2Fv2%2Ftags&post=554"}],"curies":[{"name":"wp","href":"https:\/\/api.w.org\/{rel}","templated":true}]}}