{"id":552,"date":"2014-01-03T01:00:00","date_gmt":"2014-01-02T22:00:00","guid":{"rendered":"http:\/\/lemotdujour.fr\/?p=552"},"modified":"2017-05-08T13:20:31","modified_gmt":"2017-05-08T11:20:31","slug":"vendredi-03012014","status":"publish","type":"post","link":"https:\/\/lemotdujour.fr\/?p=552","title":{"rendered":"Vendredi 03\/01\/2014"},"content":{"rendered":"<div class=\"mdjDate\">Vendredi 03\/01\/2014<\/div>\n<div class=\"mdjTexte\">\u00ab<em>\u00a0<\/em>Au fond, la seule diff\u00e9rence entre Monsieur Madoff et les gouvernements occidentaux, <br \/>c\u2019est que Monsieur Madoff est en prison, \u00e0 part \u00e7a ils font la m\u00eame chose (\u2026)\u00a0\u00bb<\/div>\n<div class=\"mdjAuteur\">Jacques Attali<\/div>\n<div class=\"mdjComplements\">C&rsquo;est ce qu&rsquo;il a dit lors du Grand rendez-vous d&rsquo;Europe 1 du 29\/12<\/div>\n<div class=\"mdjComplements\">Et il a ajout\u00e9 :<\/div>\n<div class=\"mdjCiter\">\u00ab\u00a0Une nouvelle crise aura lieu. Regardez les chiffres :<\/div>\n<div class=\"mdjCiter\">Partout la dette publique augmente,<\/div>\n<div class=\"mdjCiter\">Partout la planche \u00e0 billets fonctionne,<\/div>\n<div class=\"mdjCiter\">Partout les moteurs r\u00e9els de la croissance,<\/div>\n<div class=\"mdjCiter\">qui devraient \u00eatre le progr\u00e8s technique, ne fonctionnent pas\u2026\u00a0\u00bb<\/div>\n<div class=\"mdjComplements\"><a href=\"http:\/\/www.europe1.fr\/MediaCenter\/Emissions\/Le-grand-rendez-vous\/Sons\/Le-grand-rendez-vous-avec-Jacques-Attali-1756305\/&quot; \\t &quot;_blank\">http:\/\/www.europe1.fr\/MediaCenter\/Emissions\/Le-grand-rendez-vous\/Sons\/Le-grand-rendez-vous-avec-Jacques-Attali-1756305\/<\/a><\/div>\n<div class=\"mdjComplements\">J&rsquo;avais lu une blague : on avait demand\u00e9 \u00e0 Madoff d&rsquo;o\u00f9 lui \u00e9tait venu l&rsquo;id\u00e9e de son escroquerie de type de <a href=\"http:\/\/fr.wikipedia.org\/wiki\/Cha%C3%AEne_de_Ponzi\">chaine Ponzi <\/a>?<\/div>\n<div class=\"mdjComplements\">et il avait r\u00e9pondu de la S\u00e9curit\u00e9 Sociale Fran\u00e7aise qui creusait des trous pour en remplir d&rsquo;autres&#8230;<\/div>\n<div class=\"mdjComplements\">Lors de cette \u00e9mission, jacques Attali toujours aussi pessimiste consid\u00e8re qu&rsquo;il reste tr\u00e8s peu de temps au gouvernement pour engager des vraies et profondes r\u00e9formes de l&rsquo;Etat, des collectivit\u00e9s et du syst\u00e8me de redistribution.<\/div>\n<div class=\"mdjComplements\">Que le ciel vous tienne en joie jusqu&rsquo;\u00e0 la catastrophe comme dirait Philippe Meyer influenc\u00e9 par Jacques Attali<\/div>\n","protected":false},"excerpt":{"rendered":"<p>Vendredi 03\/01\/2014 \u00ab\u00a0Au fond, la seule diff\u00e9rence entre Monsieur Madoff et les gouvernements occidentaux, c\u2019est que Monsieur Madoff est en prison, \u00e0 part \u00e7a ils font la m\u00eame chose (\u2026)\u00a0\u00bb Jacques Attali C&rsquo;est ce qu&rsquo;il a dit lors du Grand<\/p>\n","protected":false},"author":1,"featured_media":0,"comment_status":"closed","ping_status":"closed","sticky":false,"template":"","format":"standard","meta":{"footnotes":""},"categories":[1],"tags":[],"class_list":["post-552","post","type-post","status-publish","format-standard","hentry","category-motdujour"],"_links":{"self":[{"href":"https:\/\/lemotdujour.fr\/index.php?rest_route=\/wp\/v2\/posts\/552","targetHints":{"allow":["GET"]}}],"collection":[{"href":"https:\/\/lemotdujour.fr\/index.php?rest_route=\/wp\/v2\/posts"}],"about":[{"href":"https:\/\/lemotdujour.fr\/index.php?rest_route=\/wp\/v2\/types\/post"}],"author":[{"embeddable":true,"href":"https:\/\/lemotdujour.fr\/index.php?rest_route=\/wp\/v2\/users\/1"}],"replies":[{"embeddable":true,"href":"https:\/\/lemotdujour.fr\/index.php?rest_route=%2Fwp%2Fv2%2Fcomments&post=552"}],"version-history":[{"count":1,"href":"https:\/\/lemotdujour.fr\/index.php?rest_route=\/wp\/v2\/posts\/552\/revisions"}],"predecessor-version":[{"id":553,"href":"https:\/\/lemotdujour.fr\/index.php?rest_route=\/wp\/v2\/posts\/552\/revisions\/553"}],"wp:attachment":[{"href":"https:\/\/lemotdujour.fr\/index.php?rest_route=%2Fwp%2Fv2%2Fmedia&parent=552"}],"wp:term":[{"taxonomy":"category","embeddable":true,"href":"https:\/\/lemotdujour.fr\/index.php?rest_route=%2Fwp%2Fv2%2Fcategories&post=552"},{"taxonomy":"post_tag","embeddable":true,"href":"https:\/\/lemotdujour.fr\/index.php?rest_route=%2Fwp%2Fv2%2Ftags&post=552"}],"curies":[{"name":"wp","href":"https:\/\/api.w.org\/{rel}","templated":true}]}}