{"id":5493,"date":"2018-10-05T02:26:07","date_gmt":"2018-10-05T00:26:07","guid":{"rendered":"http:\/\/lemotdujour.fr\/?p=5493"},"modified":"2021-09-28T20:37:41","modified_gmt":"2021-09-28T18:37:41","slug":"vendredi-5-octobre-2018","status":"publish","type":"post","link":"https:\/\/lemotdujour.fr\/?p=5493","title":{"rendered":"Vendredi 5 octobre 2018"},"content":{"rendered":"<div class=\"mdjTexte\">\t\u00ab&nbsp;la r\u00e9volution agricole a donn\u00e9 aux hommes le pouvoir d\u2019assurer la survie et la reproduction des animaux domestiques, tout en ignorant leurs besoins subjectifs&nbsp;&nbsp;\u00bb<\/div>\n<div class=\"mdjAuteur\">\tYuval Noah Harari, \u00ab&nbsp;Homo deus&nbsp;\u00bb page 97<\/div>\n<p><span style=\"color: #777777; font-family: Arial;\">Reprenons notre cheminement \u00e0 travers le livre de Harari&nbsp;: \u00ab&nbsp;Homo deus&nbsp;\u00bb<br \/>\n<\/span><\/p>\n<p><span style=\"color: #777777; font-family: Arial;\">Nous en \u00e9tions rest\u00e9s avec la r\u00e9volution agricole, l&rsquo;apparition du monoth\u00e9isme et la s\u00e9paration absolue de l&rsquo;homme et des autres animaux.<br \/>\n<\/span><\/p>\n<p><span style=\"color: #777777; font-family: Arial;\">A partir de ce moment, homo sapiens ne se pense plus comme un animal plus \u00e9volu\u00e9, plus intelligent, disposant d&rsquo;une place privil\u00e9gi\u00e9e dans la chaine alimentaire. L&rsquo;homme ne se pense tout simplement plus comme un animal, mais d&rsquo;une essence toute diff\u00e9rente.<br \/>\n<\/span><\/p>\n<p><span style=\"color: #777777; font-family: Arial;\">Dieu entre dans l&rsquo;imaginaire d&rsquo;homo sapiens. Les croyants diraient homo sapiens d\u00e9couvre Dieu.<br \/>\n<\/span><\/p>\n<p><span style=\"color: #777777; font-family: Arial;\">Toujours est-il que l&rsquo;homme se vit alors d&rsquo;essence divine, les animaux n&rsquo;ont rien de commun avec \u00ab&nbsp;les enfants de Dieu&nbsp;\u00bb, pas d&rsquo;intelligence et surtout pas d&rsquo;\u00e9motion.<br \/>\n<\/span><\/p>\n<p><span style=\"color: #777777; font-family: Arial;\">Et la r\u00e9volution agricole va cr\u00e9er une cat\u00e9gorie tr\u00e8s particuli\u00e8re d&rsquo;animal&nbsp;: l&rsquo;animal domestique.<br \/>\n<\/span><\/p>\n<p><span style=\"color: #777777; font-family: Arial;\">Pour Harari<br \/>\n<\/span><\/p>\n<p style=\"margin-left: 28pt;\"><span style=\"color: #c00000; font-family: Arial;\">\u00ab&nbsp;La Bible, avec sa croyance en la singularit\u00e9 humaine, a \u00e9t\u00e9 l&rsquo;un des sous-produits de la r\u00e9volution agricole qui a initi\u00e9 une nouvelle phase entre humain et animal. L&rsquo;av\u00e8nement de l&rsquo;agriculture a produit de nouvelles vagues d&rsquo;extinctions de masse, mais a surtout cr\u00e9\u00e9 une nouvelle forme de vie sur terre&nbsp;: les animaux domestiqu\u00e9s&nbsp;\u00bb (P 92)<br \/>\n<\/span><\/p>\n<p><span style=\"color: #777777; font-family: Arial;\">Harari fait un sch\u00e9ma de la biomasse sur terre des grands animaux distinguant les humains, les animaux sauvages et les animaux domestiques.<br \/>\n<\/span><\/p>\n<p><span style=\"color: #777777; font-family: Arial;\">Il arrive alors \u00e0 ce camembert.<br \/>\n<\/span><\/p>\n<p><img decoding=\"async\" class=\"alignleft\" src=\"https:\/\/lemotdujour.fr\/wp-content\/uploads\/2018\/10\/100418_2125_Vendredi5oc1.jpg\" alt=\"\" align=\"left\"><span style=\"color: #777777; font-family: Arial;\">C&rsquo;est un sch\u00e9ma assez impressionnant. Les humains et leurs animaux domestiques occupent plus de 90% de cette biomasse.<br \/>\n<\/span><\/p>\n<p><span style=\"color: #777777; font-family: Arial;\">Mais parmi les animaux domestiques, s&rsquo;il existe une sous-cat\u00e9gorie appel\u00e9s animaux de compagnie, qui sont plut\u00f4t bien trait\u00e9s, il n&rsquo;en va pas de m\u00eame pour les millions d&rsquo;animaux domestiques qu&rsquo;homo sapiens utilise pour sa nourriture.<br \/>\n<\/span><\/p>\n<p style=\"margin-left: 28pt;\"><span style=\"color: #c00000; font-family: Arial;\">\u00ab&nbsp;Les esp\u00e8ces domestiqu\u00e9s ont malheureusement pay\u00e9 leur succ\u00e8s collectif sans pr\u00e9c\u00e9dent de souffrances individuelles sans pr\u00e9c\u00e9dent. Si le r\u00e8gne animal a exp\u00e9riment\u00e9 maints types de douleurs et de malheurs depuis des millions d&rsquo;ann\u00e9es, la r\u00e9volution agricole a engendr\u00e9 de nouvelles formes de souffrance qui n&rsquo;ont fait qu&#8217;empirer avec le temps (p 93)&nbsp;\u00bb<br \/>\n<\/span><\/p>\n<p><span style=\"color: #777777; font-family: Arial;\">Peut-\u00eatre que l&rsquo;une ou l&rsquo;autre, \u00e0 ce stade, se pose la question mais pourquoi Harari s&rsquo;int\u00e9resse t&rsquo;il tellement \u00e0 cette relation ancienne entre les hommes et les autres animaux&nbsp;? Alors que \u00ab&nbsp;Homo deus&nbsp;\u00bb est cens\u00e9 donner des id\u00e9es et des perspectives sur l&rsquo;homme du futur qui veut devenir \u00e0 l&rsquo;\u00e9gal de Dieu&nbsp;: ma\u00eetriser la vie, la mort, les instincts et disposer de toute l&rsquo;information n\u00e9cessaire (big data) et des algorithmes permettant d&rsquo;analyser l&rsquo;information rapidement afin de pouvoir prendre \u00e0 chaque instant, la d\u00e9cision la plus rationnelle.<br \/>\n<\/span><\/p>\n<p><span style=\"color: #777777; font-family: Arial;\">D&rsquo;abord comme je l&rsquo;ai transcrit dans le mot de lundi<br \/>\n<\/span><\/p>\n<p style=\"margin-left: 28pt;\"><span style=\"color: #c00000; font-family: Arial;\">\u00ab&nbsp;Ce livre retrace les origines de notre conditionnement actuel afin d&rsquo;en desserrer l&#8217;emprise, de nous permettre d&rsquo;agir autrement et d&rsquo;envisager notre avenir de mani\u00e8re bien plus imaginative.&nbsp;\u00bb<br \/>\n<\/span><\/p>\n<p><span style=\"color: #777777; font-family: Arial;\">Notre relation et notre vision du monde animal, ainsi que le mythe de notre s\u00e9paration \u00ab&nbsp;\u00e9tanche&nbsp;\u00bb avec les animaux est un de ces conditionnements.<br \/>\n<\/span><\/p>\n<p><span style=\"color: #777777; font-family: Arial;\">Et j&rsquo;ajouterai que dans notre comportement avec les animaux nous avons d\u00e9j\u00e0 tous les pr\u00e9mices de ce conditionnement d&rsquo;&nbsp;\u00ab&nbsp;homo deus&nbsp;\u00bb<br \/>\n<\/span><\/p>\n<p><span style=\"color: #777777; font-family: Arial;\">Harari ne remet pas forc\u00e9ment en cause le fait que les humains mangent d&rsquo;autres animaux, comme le lion mange la gazelle&nbsp;:<br \/>\n<\/span><\/p>\n<p style=\"margin-left: 28pt;\"><span style=\"color: #c00000; font-family: Arial;\"> \u00ab&nbsp;Ce qui rend le sort des animaux domestiqu\u00e9s particuli\u00e8rement dur, ce n&rsquo;est pas uniquement la fa\u00e7on dont ils meurent, mais surtout la mani\u00e8re dont ils vivent.[\u2026]<br \/>\n<\/span><\/p>\n<p style=\"margin-left: 28pt;\"><span style=\"color: #c00000; font-family: Arial;\">La racine du probl\u00e8me est que les animaux domestiqu\u00e9s ont h\u00e9rit\u00e9 de leurs anc\u00eatres sauvages de nombreux besoins physiques, \u00e9motionnels et sociaux jug\u00e9s superflus dans les \u00e9levages humains. Les fermiers ignorent syst\u00e9matiquement ces besoins sans subir la moindre sanction \u00e9conomique.<br \/>\n<\/span><\/p>\n<p style=\"margin-left: 28pt;\"><span style=\"color: #c00000; font-family: Arial;\">Ils enferment les animaux dans des cages minuscules, mutilent cornes et queues, s\u00e9parent les m\u00e8res de leur prog\u00e9niture, et \u00e9l\u00e8vent s\u00e9lectivement des monstruosit\u00e9s. Les animaux souffrent terriblement, mais vivent et se multiplient.[\u2026]&nbsp;\u00bb<br \/>\n<\/span><\/p>\n<p><img decoding=\"async\" class=\"alignleft\" src=\"https:\/\/lemotdujour.fr\/wp-content\/uploads\/2018\/10\/100418_2125_Vendredi5oc2.jpg\" alt=\"\" align=\"left\"><\/p>\n<p><span style=\"color: #777777; font-family: Arial;\">Quand Harari parle de fermier, il me semble juste d&rsquo;ajouter qu&rsquo;il parle d&rsquo;agriculteurs qui ont perdu toute relation avec leurs b\u00eates, dans une volont\u00e9 de plus en plus fort d&rsquo;industrialisation des processus qui ne regarde plus que les animaux sous forme de mati\u00e8res premi\u00e8res capables de produire des prot\u00e9ines. Il existe encore des paysans qui ont un autre rapport avec leurs animaux. <\/span><\/p>\n<p><span style=\"color: #777777; font-family: Arial;\">Mais pour compl\u00e9ter son propos, Yuval Noah Harari s&rsquo;int\u00e9resse particuli\u00e8rement, pour l&rsquo;exemple, aux cochons et \u00e0 la femelle du cochon.<br \/>\n<\/span><\/p>\n<p style=\"margin-left: 28pt;\"><span style=\"color: #c00000; font-family: Arial;\">\u00ab&nbsp;Pour survivre et se reproduire, \u00e0 l&rsquo;\u00e9tat sauvage, les sangliers d&rsquo;autrefois avaient besoin de parcourir d&rsquo;immenses territoires, de se familiariser avec ce milieu tout en se m\u00e9fiant des pi\u00e8ges ou des pr\u00e9dateurs. Ils avaient en outre besoin de communiquer et de coop\u00e9rer avec leurs cong\u00e9n\u00e8res formant ainsi des groupes complexes domin\u00e9s par de vieilles matriarches exp\u00e9riment\u00e9es. [\u2026]<br \/>\n<\/span><\/p>\n<p style=\"margin-left: 28pt;\"><span style=\"color: #c00000; font-family: Arial;\">Les descendants des sangliers \u2013 les cochons domestiqu\u00e9s \u2013 ont h\u00e9rit\u00e9 de leur intelligence, de leur curiosit\u00e9 et de leurs comp\u00e9tences sociales. [\u2026] Les truies reconnaissent les couinements de leurs porcelets qui, \u00e2g\u00e9s de deux jours, diff\u00e9rencient d\u00e9j\u00e0 les appels de leur m\u00e8re de ceux des autres truies.<br \/>\n<\/span><\/p>\n<p style=\"margin-left: 28pt;\"><span style=\"color: #c00000; font-family: Arial;\">Le professeur Stanley Curtis de la Pennsylvania State University a entra\u00een\u00e9 deux cochons \u2013 Hamlet et Omelette \u2013 \u00e0 actionner un levier avec leur groin et il s&rsquo;est aper\u00e7u qu&rsquo;ils ne tardaient pas \u00e0 rivaliser avec les primates en mati\u00e8re d&rsquo;apprentissage et de jeux vid\u00e9o.<br \/>\n<\/span><\/p>\n<p style=\"margin-left: 28pt;\"><span style=\"color: #c00000; font-family: Arial;\">Aujourd&rsquo;hui, la plupart des truies \u00e9lev\u00e9es dans les fermes industrielles ne pratiquent pas les jeux vid\u00e9o. Leurs maitres humains les enferment dans de minuscules box de gestation, habituellement de deux m\u00e8tres sur soixante centim\u00e8tres. Les box en question ont un sol de b\u00e9ton et les barreaux m\u00e9talliques, et ne permettent gu\u00e8re aux truies enceintes de se retourner ou de dormir sur le flanc, encore moins de marcher. Apr\u00e8s trois mois et demi dans de telles conditions, les truies sont plac\u00e9es dans des box l\u00e9g\u00e8rement plus larges, o\u00f9 elles mettent au monde et allaitent leurs porcelets. Dans la nature, ils t\u00e8teraient leurs m\u00e8res de dix \u00e0 20 semaines&nbsp;; dans les fermes industrielles, ils sont sevr\u00e9s de force au bout de 2 \u00e0 4 semaines et envoy\u00e9s ailleurs pour \u00eatre engraiss\u00e9s et abattus. La m\u00e8re est aussit\u00f4t engross\u00e9e \u00e0 nouveau et replac\u00e9e dans son box de gestation pour un nouveau cycle&nbsp;\u00bb <em>pages 95 &amp; 96<\/em><br \/>\n<\/span><\/p>\n<p><span style=\"color: #777777; font-family: Arial;\">La truie dispose de tout ce qui est indispensable pour survivre et se reproduire&nbsp;: nourriture, vaccin, protection contre les intemp\u00e9ries et ins\u00e9mination artificielle.<br \/>\n<\/span><\/p>\n<p><span style=\"color: #777777; font-family: Arial;\">Harari ajoute&nbsp;:<br \/>\n<\/span><\/p>\n<p style=\"margin-left: 28pt;\"><span style=\"color: #c00000; font-family: Arial;\">\u00ab&nbsp;La truie n&rsquo;a plus objectivement besoin d&rsquo;explorer son environnement, de frayer avec ses cong\u00e9n\u00e8res, de s&rsquo;attacher \u00e0 ses petits ou m\u00eame de marcher. D&rsquo;un point de vue subjectif, elle \u00e9prouve encore un besoin tr\u00e8s intense de faire toutes ces choses et souffre terriblement si ces besoins ne sont pas assouvis. Les truies enferm\u00e9es dans des box de gestation manifestent en alternance des sentiments de frustration intense et de d\u00e9sespoir extr\u00eame. [\u2026]<br \/>\n<\/span><\/p>\n<p style=\"margin-left: 28pt;\"><span style=\"color: #c00000; font-family: Arial;\">Tragiquement, la r\u00e9volution agricole a donn\u00e9 aux hommes le pouvoir d&rsquo;assurer la survie et la reproduction des animaux domestiques, tout en ignorant leurs besoins subjectifs&nbsp;\u00bb <em>P 97<\/em><br \/>\n<\/span><\/p>\n<p><span style=\"color: #777777; font-family: Arial;\">Et il pose cette question&nbsp;:<br \/>\n<\/span><\/p>\n<p style=\"margin-left: 28pt;\"><span style=\"color: #c00000; font-family: Arial;\">\u00ab&nbsp;Comment pouvons-nous \u00eatre s\u00fbrs que des animaux comme les cochons poss\u00e8dent effectif un monde subjectif de besoins, de sensations et d&rsquo;\u00e9motions&nbsp;? Ne sommes-nous pas coupable d&rsquo;humaniser les animaux&nbsp;?&nbsp;\u00bb<br \/>\n<\/span><\/p>\n<p><span style=\"color: #777777; font-family: Arial;\">Et sa r\u00e9ponse est limpide, dans la mesure o\u00f9 l&rsquo;on accepte de changer son conditionnement, de sortir de la d\u00e9ification d&rsquo;homo sapiens et de se rappeler que nous sommes des mammif\u00e8res. C&rsquo;est-\u00e0-dire des animaux qui ont un lien particulier avec leurs petits qui est l&rsquo;allaitement.<br \/>\n<\/span><\/p>\n<p style=\"margin-left: 28pt;\"><span style=\"color: #c00000; font-family: Arial;\">\u00ab&nbsp;En v\u00e9rit\u00e9, attribuer des \u00e9motions aux cochons, ce n&rsquo;est pas les humaniser, mais les mammif\u00e9riser&nbsp;\u00bb<br \/>\n<\/span><\/p>\n<p><span style=\"color: #777777; font-family: Arial;\">Et de ces r\u00e9flexions Harari am\u00e8ne \u00e0 la science la plus moderne et explique l&rsquo;\u00e9motion par des algorithmes biochimiques&nbsp;:<br \/>\n<\/span><\/p>\n<p style=\"margin-left: 28pt;\"><span style=\"color: #c00000; font-family: Arial;\">\u00ab&nbsp;Les \u00e9motions sont plut\u00f4t des algorithmes biochimiques vitaux pour la survie et la reproduction de tous les mammif\u00e8res.&nbsp;\u00bb<br \/>\n<\/span><\/p>\n<p><span style=\"color: #777777; font-family: Arial;\">Et il explique tout cela \u00e0 partir de la page 97. Car en effet les animaux ont un sentiment fort \u00e0 l&rsquo;\u00e9gard de leurs petits, c&rsquo;est une souffrance quand on les prive de leurs pr\u00e9sence de mani\u00e8re pr\u00e9matur\u00e9e, les animaux ont des \u00e9motions.<\/span><\/p>\n<p><span style=\"color: #777777; font-family: Arial;\">Il est juste de dire que m\u00eame pour les humains, il existait une \u00e9poque o\u00f9 dans l&rsquo;\u00e9ducation des jeunes homo sapiens au d\u00e9but du XX\u00e8me si\u00e8cle, des pr\u00e9tendus sp\u00e9cialistes passaient totalement \u00e0 c\u00f4t\u00e9 des besoins \u00e9motionnels des enfants. Il cite ainsi<span style=\"color: #0000ff;\"> <a style=\"color: #0000ff;\" href=\"https:\/\/fr.wikipedia.org\/wiki\/John_Broadus_Watson\">John Watson<\/a>.<\/span><br \/>\n<\/span><\/p>\n<p><span style=\"color: #777777; font-family: Arial;\">Les animaux ont des \u00e9motions, ils ont aussi une capacit\u00e9 d&rsquo;interaction avec les humains quand on les laisse exprimer ces facult\u00e9s. Et pour ne pas \u00eatre trop long et finir par un r\u00e9cit r\u00e9v\u00e9lateur, je voudrais rapporter l&rsquo;histoire du cheval \u00ab&nbsp;<strong>Hans le malin<\/strong>&nbsp;\u00bb qu&rsquo;il raconte dans son livre&nbsp;:<br \/>\n<\/span><\/p>\n<p><span style=\"color: #777777; font-family: Arial;\">Au d\u00e9but des ann\u00e9es 1890, un cheval baptis\u00e9 Hans le Malin devint une c\u00e9l\u00e9brit\u00e9 en Allemagne. En effet, il arrivait \u00e0 comprendre et annoncer le r\u00e9sultat de multiplications en donnant le bon nombre de coups de sabots. Cependant, apr\u00e8s qu&rsquo;une commission scientifique l&rsquo;eut observ\u00e9, il s&rsquo;av\u00e9ra que ce cheval se contentait d&rsquo;observer soigneusement le langage du corps de son public. Quand Hans le Malin approchait du chiffre exact, il \u00e9tait capable de lire la posture du corps et la physionomie afin d&rsquo;arr\u00eater ses coups de sabots au bon moment. Il n&rsquo;avait pas donc cette capacit\u00e9 humaine du calcul mais il avait une autre capacit\u00e9 meilleure que celle des humains&nbsp;: il avait une bien meilleure observation du comportement des humains.<br \/>\n<\/span><\/p>\n<p><span style=\"color: #777777; font-family: Arial;\">Vous trouverez sur internet des sites qui raconte plus en d\u00e9tail cette histoire&nbsp;:<span style=\"color: #0000ff;\"> <a style=\"color: #0000ff;\" href=\"http:\/\/www.axolot.info\/?p=660\">&lt;Ici une page&gt;<\/a> <\/span>et <span style=\"color: #0000ff;\">&lt;<a style=\"color: #0000ff;\" href=\"http:\/\/theconversation.com\/podcast-hans-le-malin-le-cheval-qui-savait-lire-et-compter-102446\">Ici un podcast<\/a>&gt;<\/span><br \/>\n<\/span><\/p>\n<p><span style=\"color: maroon; font-family: Arial;\">&lt;1124&gt;<span style=\"color: #777777;\"><br \/>\n<\/span><\/span><\/p>\n","protected":false},"excerpt":{"rendered":"<p>\u00ab&nbsp;la r\u00e9volution agricole a donn\u00e9 aux hommes le pouvoir d\u2019assurer la survie et la reproduction des animaux domestiques, tout en ignorant leurs besoins subjectifs&nbsp;&nbsp;\u00bb Yuval Noah Harari, \u00ab&nbsp;Homo deus&nbsp;\u00bb page 97 Reprenons notre cheminement \u00e0 travers le livre de Harari&nbsp;:<\/p>\n","protected":false},"author":1,"featured_media":0,"comment_status":"open","ping_status":"closed","sticky":false,"template":"","format":"standard","meta":{"footnotes":""},"categories":[1],"tags":[54,48,6],"class_list":["post-5493","post","type-post","status-publish","format-standard","hentry","category-motdujour","tag-humanisme","tag-nature","tag-philosophie"],"_links":{"self":[{"href":"https:\/\/lemotdujour.fr\/index.php?rest_route=\/wp\/v2\/posts\/5493","targetHints":{"allow":["GET"]}}],"collection":[{"href":"https:\/\/lemotdujour.fr\/index.php?rest_route=\/wp\/v2\/posts"}],"about":[{"href":"https:\/\/lemotdujour.fr\/index.php?rest_route=\/wp\/v2\/types\/post"}],"author":[{"embeddable":true,"href":"https:\/\/lemotdujour.fr\/index.php?rest_route=\/wp\/v2\/users\/1"}],"replies":[{"embeddable":true,"href":"https:\/\/lemotdujour.fr\/index.php?rest_route=%2Fwp%2Fv2%2Fcomments&post=5493"}],"version-history":[{"count":6,"href":"https:\/\/lemotdujour.fr\/index.php?rest_route=\/wp\/v2\/posts\/5493\/revisions"}],"predecessor-version":[{"id":12188,"href":"https:\/\/lemotdujour.fr\/index.php?rest_route=\/wp\/v2\/posts\/5493\/revisions\/12188"}],"wp:attachment":[{"href":"https:\/\/lemotdujour.fr\/index.php?rest_route=%2Fwp%2Fv2%2Fmedia&parent=5493"}],"wp:term":[{"taxonomy":"category","embeddable":true,"href":"https:\/\/lemotdujour.fr\/index.php?rest_route=%2Fwp%2Fv2%2Fcategories&post=5493"},{"taxonomy":"post_tag","embeddable":true,"href":"https:\/\/lemotdujour.fr\/index.php?rest_route=%2Fwp%2Fv2%2Ftags&post=5493"}],"curies":[{"name":"wp","href":"https:\/\/api.w.org\/{rel}","templated":true}]}}