{"id":5483,"date":"2018-10-04T02:55:23","date_gmt":"2018-10-04T00:55:23","guid":{"rendered":"http:\/\/lemotdujour.fr\/?p=5483"},"modified":"2021-09-28T20:39:13","modified_gmt":"2021-09-28T18:39:13","slug":"jeudi-4-octobre-2018","status":"publish","type":"post","link":"https:\/\/lemotdujour.fr\/?p=5483","title":{"rendered":"Jeudi 4 octobre 2018"},"content":{"rendered":"<div class=\"mdjTexte\">\t\u00ab&nbsp;La constitution de la 5\u00e8me r\u00e9publique a 60 ans&nbsp;\u00bb<\/div>\n<div class=\"mdjAuteur\">\tCharles de Gaulle<\/div>\n<p><span style=\"color: #777777; font-family: Arial;\">Je n&rsquo;ai pas de probl\u00e8me pour conna\u00eetre l&rsquo;\u00e2ge de la constitution de la 5<sup>\u00e8me<\/sup> R\u00e9publique, puisque je suis n\u00e9 9 jours apr\u00e8s sa promulgation et que tant que je conna\u00eetrai mon \u00e2ge\u2026<br \/>\n<\/span><\/p>\n<p><img loading=\"lazy\" decoding=\"async\" class=\"alignleft\" src=\"https:\/\/lemotdujour.fr\/wp-content\/uploads\/2018\/10\/100318_2054_Jeudi4octob1.jpg\" alt=\"\" width=\"458\" height=\"187\" align=\"left\"><span style=\"color: #777777; font-family: Arial;\">Notre texte fondamental a \u00e9t\u00e9 adopt\u00e9 par r\u00e9f\u00e9rendum le 28 septembre 1958 et promulgu\u00e9 le 4 octobre 1958, on parle donc de la constitution du 4 octobre 1958.<br \/>\n<\/span><\/p>\n<p><span style=\"color: #777777; font-family: Arial;\">Dans le domaine de la long\u00e9vit\u00e9, elle semble sur de bonnes voies, si on la compare aux autres r\u00e9publiques et aux deux empires qui ont jalonn\u00e9 la vie politique fran\u00e7aise depuis la r\u00e9volution fran\u00e7aise. Seule la 3<sup>\u00e8me<\/sup> r\u00e9publique (1870-1940) a \u00e9t\u00e9 plus longue, encore 10 ans\u2026<br \/>\n<\/span><\/p>\n<p><span style=\"color: #777777; font-family: Arial;\">Dans un mot du jour tr\u00e8s personnel, j&rsquo;en disais tout le mal que j&rsquo;en pensais&nbsp;:<span style=\"color: #0000ff;\"> <a style=\"color: #0000ff;\" href=\"https:\/\/lemotdujour.fr\/?p=420\">&lt;Mot du jour du 08 f\u00e9vrier 2017&gt;<\/a><\/span><br \/>\n<\/span><\/p>\n<p><span style=\"color: #777777; font-family: Arial;\">Parall\u00e8lement, je disais beaucoup de bien du r\u00e9gime parlementaire allemand&nbsp;: <span style=\"color: #0000ff;\">&lt;<a style=\"color: #0000ff;\" href=\"https:\/\/lemotdujour.fr\/?p=3209\">Mot du jour du 25 septembre 2017<\/a>&gt;<\/span><br \/>\n<\/span><\/p>\n<p><span style=\"color: #777777; font-family: Arial;\">Depuis, beaucoup de politologues sont revenus \u00e0 la charge pour vanter les m\u00e9rites de la 5<sup>\u00e8me<\/sup> r\u00e9publique et montrer son efficacit\u00e9 par rapport aux r\u00e9gimes parlementaires allemands, anglais, espagnols et italiens qui sont aujourd&rsquo;hui tous \u00e0 peu pr\u00e8s paralys\u00e9s parce que tous ces pays n&rsquo;arrivent plus \u00e0 constituer une majorit\u00e9 coh\u00e9rente form\u00e9e d&rsquo;un seul parti ou d&rsquo;une coalition de partis d&rsquo;accord sur un programme de gouvernement parce des partis extr\u00e9mistes se d\u00e9veloppent \u00e0 l&rsquo;extr\u00eame droite surtout et aussi dans une moindre mesure \u00e0 l&rsquo;extr\u00eame gauche des partis de gouvernement. Et puis les Etats-Unis ont accouch\u00e9 de ce monstre&nbsp;: Donald Trump, menteur patent\u00e9, impulsif, d\u00e9magogue.<br \/>\n<\/span><\/p>\n<p><span style=\"color: #777777; font-family: Arial;\">La 5\u00e8me r\u00e9publique nous pr\u00e9munit contre ces d\u00e9rives disent des gens aussi s\u00e9rieux qu&rsquo;Alain Duhamel et Edouard Balladur dans leur livre commun&nbsp;:&nbsp;<span style=\"color: #0000ff;\">\u00ab&nbsp;<a style=\"color: #0000ff;\" href=\"https:\/\/www.placedeslibraires.fr\/livre\/9791032900833-grandeur-declin-et-destin-de-la-ve-republique-un-dialogue-edouard-balladur-alain-duhamel\/\"><span style=\"color: #0000ff;\">G<\/span>randeur, d\u00e9clin et destin de la Ve R\u00e9publique ; un dialogue<\/a>\u00bb<\/span><br \/>\n<\/span><\/p>\n<p><span style=\"color: #777777; font-family: Arial;\">De Gaulle voulait une constitution qui permette d&rsquo;\u00e9viter que des man\u0153uvres de partis politiques cr\u00e9ent tout le temps de l&rsquo;instabilit\u00e9 gouvernementale.<br \/>\n<\/span><\/p>\n<p><span style=\"color: #777777; font-family: Arial;\">La Quatri\u00e8me R\u00e9publique a connu 24 pr\u00e9sidents du Conseil en 12 ans. 9 gouvernements ont dur\u00e9 moins de 41 jours (plus d&rsquo;un sur trois), et pour la derni\u00e8re ann\u00e9e, apr\u00e8s mai 1957, il y a eu 5 gouvernements qui ont dur\u00e9 en moyenne moins de 59 jours. De plus, seuls deux gouvernements ont dur\u00e9 plus d&rsquo;un an (<a title=\"Gouvernement Henri Queuille (1)\" href=\"https:\/\/fr.wikipedia.org\/wiki\/Gouvernement_Henri_Queuille_(1)\"><span style=\"color: #0000ff;\">Henri Queuille (1)<\/span><\/a> pendant 12,8 mois et<span style=\"color: #0000ff;\"> <a style=\"color: #0000ff;\" title=\"Gouvernement Guy Mollet\" href=\"https:\/\/fr.wikipedia.org\/wiki\/Gouvernement_Guy_Mollet\">Guy Mollet<\/a><\/span> pendant 15,6 mois).<br \/>\n<\/span><\/p>\n<p><span style=\"color: #777777; font-family: Arial;\">Il est clair que la 5<sup>\u00e8me<\/sup> r\u00e9publique est plus stable.<br \/>\n<\/span><\/p>\n<p><span style=\"color: #777777; font-family: Arial;\">Faut-il, pour reprendre une expression macronienne un pouvoir ex\u00e9cutif fort et omnipotent pour museler un pouvoir l\u00e9gislatif que <strong>les gaulois querelleurs<\/strong> ne sauraient ma\u00eetriser&nbsp;?<br \/>\n<\/span><\/p>\n<p><span style=\"color: #777777; font-family: Arial;\">Mais elle a \u00e9t\u00e9 abim\u00e9e en 2 \u00e9tapes&nbsp;:<br \/>\n<\/span><\/p>\n<ul>\n<li><span style=\"color: #777777; font-family: Arial;\">La premi\u00e8re fut l&rsquo;\u0153uvre de De Gaulle lui-m\u00eame qui inventa l&rsquo;\u00e9lection pr\u00e9sidentielle au suffrage universel, rendant les hommes politiques fran\u00e7ais litt\u00e9ralement fous et obnubil\u00e9s par ce seul poste.<br \/>\n<\/span><\/li>\n<li><span style=\"color: #777777; font-family: Arial;\">La seconde fut l&rsquo;apport d\u00e9sastreux de Lionel Jospin. Il le fit en 2 temps d&rsquo;abord en alignant la dur\u00e9e du mandat pr\u00e9sidentiel sur celui des d\u00e9put\u00e9s, 5 ans puis en inversant l&rsquo;ordre des \u00e9lections d&rsquo;abord la pr\u00e9sidentielle puis les \u00e9lections l\u00e9gislatives.<br \/>\n<\/span><\/li>\n<\/ul>\n<p><span style=\"color: #777777; font-family: Arial;\">Ce qui fait que les d\u00e9put\u00e9s doivent tout au pr\u00e9sident \u00e9lu.<br \/>\n<\/span><\/p>\n<p><span style=\"color: #777777; font-family: Arial;\">On l&rsquo;a bien vu lors des derni\u00e8res \u00e9lections, l&rsquo;expression \u00ab\u00a0m\u00eame une ch\u00e8vre avec le logo LREM aurait \u00e9t\u00e9 \u00e9lue\u00a0\u00bb n&rsquo;est qu&rsquo;exag\u00e9r\u00e9e mais non fausse.<br \/>\n<\/span><\/p>\n<p><span style=\"color: #777777; font-family: Arial;\">C&rsquo;est pourquoi un mouvement, mais plut\u00f4t un homme pesant au mieux 30% des \u00e9lecteurs peut gouverner tout seul.<br \/>\n<\/span><\/p>\n<p><span style=\"color: #777777; font-family: Arial;\">Il gouverne tout seul puisqu&rsquo;il d\u00e9cide qui sera <span style=\"color: #0000ff;\"><a style=\"color: #0000ff;\" href=\"https:\/\/www.lejdd.fr\/politique\/emmanuel-macron-vote-richard-ferrand-pour-la-presidence-de-lassemblee-nationale-3751178\">pr\u00e9sident de l&rsquo;Assembl\u00e9e Nationale<\/a> <\/span>et m\u00eame qui doit \u00eatre <a href=\"http:\/\/www.europe1.fr\/societe\/remplacement-de-francois-molins-au-parquet-de-paris-lintervention-demmanuel-macron-agace-les-syndicats-3765053\"><span style=\"color: #0000ff;\">Procureur de Paris<\/span><\/a><span style=\"color: #0000ff;\">.<\/span><br \/>\n<\/span><\/p>\n<p><span style=\"color: #777777; font-family: Arial;\">Alors, je ne dis pas forc\u00e9ment non \u00e0 la 5<sup>\u00e8me<\/sup> R\u00e9publique, mais je dis r\u00e9solument non \u00e0 la 5<sup>\u00e8me<\/sup> r\u00e9publique Gaullo-jospinienne.<br \/>\n<\/span><\/p>\n<p><span style=\"color: #777777; font-family: Arial;\">Aujourd&rsquo;hui il n&rsquo;existe plus de savant comme Newton ou Einstein qui invente ou comprenne le monde tout seul dans leur t\u00eate et devant leur bureau. Alors si pour les plus grandes avanc\u00e9es de la science et de la connaissance humaine il est n\u00e9cessaire de travailler en \u00e9quipe, comment imaginer qu&rsquo;un homme d\u00e9tienne tous les cl\u00e9s pour gouverner un pays ?<br \/>\n<\/span><\/p>\n<p><span style=\"color: #777777; font-family: Arial;\">Il faut certes un chef d&rsquo;\u00e9quipe mais pour cela il faut une \u00e9quipe.<br \/>\n<\/span><\/p>\n<p><span style=\"color: #777777; font-family: Arial;\">Le Pr\u00e9sident actuel en est fort d\u00e9pourvu et il se trouve de plus en plus seul.<br \/>\n<\/span><\/p>\n<p><span style=\"color: #777777; font-family: Arial;\">On ne peut qu&rsquo;\u00eatre inquiet sur la mani\u00e8re dont tout cela finira, et il n&rsquo;est au pouvoir que depuis 16 mois.<br \/>\n<\/span><\/p>\n<p><span style=\"color: #777777; font-family: Arial;\">C&rsquo;est pourquoi il faudrait vraiment r\u00e9former cette 5<sup>\u00e8me<\/sup> r\u00e9publique&nbsp;: <a href=\"http:\/\/www.europe1.fr\/politique\/francois-hollande-reflechit-a-la-suppression-du-poste-de-premier-ministre-2765266\"><span style=\"color: #0000ff;\">Hollande souhaite la suppression du premier ministre<\/span><\/a><br \/>\n<\/span><\/p>\n<p><span style=\"color: #777777; font-family: Arial;\">Je pense qu&rsquo;il faut aussi davantage encadrer la dissolution de l&rsquo;assembl\u00e9e nationale ne donnant plus ce pouvoir au seul Pr\u00e9sident de la R\u00e9publique.<br \/>\n<\/span><\/p>\n<p><span style=\"color: #777777; font-family: Arial;\">Il faudrait \u00e0 minima organiser les \u00e9lections l\u00e9gislatives en m\u00eame temps que les \u00e9lections pr\u00e9sidentielles et ne plus en faire l&rsquo;accessoire.<br \/>\n<\/span><\/p>\n<p><span style=\"color: #777777; font-family: Arial;\">Le r\u00e9gime est peut \u00eatre stable, mais sommes-nous bien gouvern\u00e9s&nbsp;?<br \/>\n<\/span><\/p>\n<p><span style=\"color: #777777; font-family: Arial;\">Je ne le crois pas.<br \/>\n<\/span><\/p>\n<p><span style=\"color: maroon; font-family: Arial;\">&lt;1123&gt;<\/span><\/p>\n","protected":false},"excerpt":{"rendered":"<p>\u00ab&nbsp;La constitution de la 5\u00e8me r\u00e9publique a 60 ans&nbsp;\u00bb Charles de Gaulle Je n&rsquo;ai pas de probl\u00e8me pour conna\u00eetre l&rsquo;\u00e2ge de la constitution de la 5\u00e8me R\u00e9publique, puisque je suis n\u00e9 9 jours apr\u00e8s sa promulgation et que tant que<\/p>\n","protected":false},"author":1,"featured_media":0,"comment_status":"open","ping_status":"closed","sticky":false,"template":"","format":"standard","meta":{"footnotes":""},"categories":[1],"tags":[16,15,3],"class_list":["post-5483","post","type-post","status-publish","format-standard","hentry","category-motdujour","tag-droit","tag-france","tag-politique"],"_links":{"self":[{"href":"https:\/\/lemotdujour.fr\/index.php?rest_route=\/wp\/v2\/posts\/5483","targetHints":{"allow":["GET"]}}],"collection":[{"href":"https:\/\/lemotdujour.fr\/index.php?rest_route=\/wp\/v2\/posts"}],"about":[{"href":"https:\/\/lemotdujour.fr\/index.php?rest_route=\/wp\/v2\/types\/post"}],"author":[{"embeddable":true,"href":"https:\/\/lemotdujour.fr\/index.php?rest_route=\/wp\/v2\/users\/1"}],"replies":[{"embeddable":true,"href":"https:\/\/lemotdujour.fr\/index.php?rest_route=%2Fwp%2Fv2%2Fcomments&post=5483"}],"version-history":[{"count":6,"href":"https:\/\/lemotdujour.fr\/index.php?rest_route=\/wp\/v2\/posts\/5483\/revisions"}],"predecessor-version":[{"id":12189,"href":"https:\/\/lemotdujour.fr\/index.php?rest_route=\/wp\/v2\/posts\/5483\/revisions\/12189"}],"wp:attachment":[{"href":"https:\/\/lemotdujour.fr\/index.php?rest_route=%2Fwp%2Fv2%2Fmedia&parent=5483"}],"wp:term":[{"taxonomy":"category","embeddable":true,"href":"https:\/\/lemotdujour.fr\/index.php?rest_route=%2Fwp%2Fv2%2Fcategories&post=5483"},{"taxonomy":"post_tag","embeddable":true,"href":"https:\/\/lemotdujour.fr\/index.php?rest_route=%2Fwp%2Fv2%2Ftags&post=5483"}],"curies":[{"name":"wp","href":"https:\/\/api.w.org\/{rel}","templated":true}]}}