{"id":548,"date":"2013-12-30T01:00:00","date_gmt":"2013-12-29T22:00:00","guid":{"rendered":"http:\/\/lemotdujour.fr\/?p=548"},"modified":"2017-05-08T13:20:30","modified_gmt":"2017-05-08T11:20:30","slug":"lundi-30122013","status":"publish","type":"post","link":"https:\/\/lemotdujour.fr\/?p=548","title":{"rendered":"Lundi 30\/12\/2013"},"content":{"rendered":"<div class=\"mdjDate\">Lundi 30\/12\/2013<\/div>\n<p>Alors qu&rsquo;en Occident, le christianisme est \u00e0 ce moment de l&rsquo;ann\u00e9e \u00e0 l&rsquo;heure des f\u00eates de fin d&rsquo;ann\u00e9e\u00a0:<\/p>\n<div class=\"mdjTexte\">\u00ab\u00a0Comme se fait-il qu&rsquo;en Occident s\u00e9cularis\u00e9, r\u00e8gne \u00ab\u00a0le silence de No\u00ebl sur les chr\u00e9tiens pers\u00e9cut\u00e9s\u00a0\u00bb ?\u00a0\u00bb<\/div>\n<div class=\"mdjAuteur\">Andrea Riccardi<br \/>fondateur de la Communaut\u00e9 Sant&rsquo;Egidio<\/div>\n<div class=\"mdjComplements\">A la une du Corriere della Sera, Lundi 23 d\u00e9cembre 2013.<\/div>\n<div class=\"mdjComplements\">Dans le monde non occidental, les chr\u00e9tiens sont d\u00e9sormais une minorit\u00e9, de plus en plus souvent, opprim\u00e9e et pers\u00e9cut\u00e9e.<\/div>\n<div class=\"mdjComplements\">Qu&rsquo;ils soient catholiques, protestants, anglicans ou orthodoxes, des milliers de chr\u00e9tiens meurent chaque ann\u00e9e \u00e0 cause de leur foi et sont de plus en plus souvent cibl\u00e9s ensemble dans les pays du Sud.<\/div>\n<div class=\"mdjComplements\">Alors que les chr\u00e9tiens sont quelque 2, 3 milliards, les estimations de ceux tu\u00e9s chaque ann\u00e9e en raison de leur foi varient \u00e9norm\u00e9ment: de 9.000 (un par heure) \u00e0 100.000 (onze par heure).<\/div>\n<div class=\"mdjComplements\">Selon le groupe \u00e9vang\u00e9liste am\u00e9ricain Open Doors, la Cor\u00e9e du Nord, l&rsquo;Arabie Saoudite, l&rsquo;Afghanistan, l&rsquo;Irak, la Somalie, les Maldives, le Mali, l&rsquo;Iran, le Y\u00e9men et l&rsquo;Erythr\u00e9e sont \u00e0 la t\u00eate de la liste noire.<\/div>\n<div class=\"mdjComplements\">La situation des fid\u00e8les chr\u00e9tiens s&rsquo;aggraverait rapidement en Syrie et en Ethiopie.<\/div>\n<div class=\"mdjComplements\">Open Doors va jusqu&rsquo;\u00e0 parler de cent millions de chr\u00e9tiens pers\u00e9cut\u00e9s. Evaluation contest\u00e9e par diff\u00e9rents observateurs qui estiment que ces chiffres prennent en compte des populations enti\u00e8res, et non des chr\u00e9tiens que leur t\u00e9moignage personnel mettrait en danger.<\/div>\n<div class=\"mdjComplements\">Auteur en octobre d&rsquo;un livre intitul\u00e9 \u00ab\u00a0La guerre globale contre les chr\u00e9tiens\u00a0\u00bb, le vaticaniste renomm\u00e9 John Allen pointe ce ph\u00e9nom\u00e8ne silencieux et n\u00e9glig\u00e9 qui touche le Sud &#8212; Afrique, Asie, Moyen-Orient.<\/div>\n<div class=\"mdjComplements\">S&rsquo;il admet l&rsquo;impossibilit\u00e9 de statistiques exactes et reconna\u00eet que les chiffres peuvent faire l&rsquo;objet d&rsquo;exploitation politique, John Allen juge que les chr\u00e9tiens sont souvent des boucs-\u00e9missaires, notamment quand ils appartiennent aux \u00ab\u00a0minorit\u00e9s linguistiques et culturelles\u00a0\u00bb.<\/div>\n<div class=\"mdjComplements\">Il reproche aux chr\u00e9tiens d&rsquo;Occident, d&rsquo;oublier, de m\u00e9conna\u00eetre, de refuser de prendre en consid\u00e9ration leur sort tragique:<\/div>\n<div class=\"mdjComplements\">\u00ab\u00a0Le r\u00e9cit que l&rsquo;on v\u00e9hicule est que le chr\u00e9tien est riche, puissant, qu&rsquo;il a beaucoup d&rsquo;influence politique. C&rsquo;est le type blanc am\u00e9ricain de classe moyenne qui va en +Audi+ \u00e0 la messe.<\/div>\n<div class=\"mdjComplements\">Ce n&rsquo;est pas la m\u00e8re de couleur, pauvre, avec quatre ou cinq enfants, qui vit au Nigeria et qui est sans cesse en danger \u00e0 cause de sa foi\u00a0\u00bb.<\/div>\n<div class=\"mdjComplements\">Selon les experts, trois causes de pers\u00e9cutions se conjuguent contre les chr\u00e9tiens, parfois pr\u00e9sentes ensemble dans un m\u00eame pays:<\/div>\n<p>La premi\u00e8re est le radicalisme religieux, en bonne partie de groupes islamistes qui veulent vider leur pays de la pr\u00e9sence chr\u00e9tienne, mais aussi d&rsquo;autres radicalismes anti-chr\u00e9tiens, hindouistes et bouddhistes. Il y a aussi, tient \u00e0 souligner John Allen, dans cette cat\u00e9gorie les chr\u00e9tiens attaqu\u00e9s et tu\u00e9s par d&rsquo;autres chr\u00e9tiens, comme certains \u00e9vang\u00e9listes am\u00e9ricains par des traditionalistes catholiques au Mexique.<\/p>\n<p>Un autre type de pers\u00e9cutions provient des syst\u00e8mes totalitaires qui les voient comme des \u00e9l\u00e9ments id\u00e9ologiquement non conformes, de la Cor\u00e9e du Nord \u00e0 l&rsquo;Erythr\u00e9e. Ainsi des dizaines de milliers de chr\u00e9tiens sont encore intern\u00e9s en Cor\u00e9e du Nord, mais aussi dans des containers en plein soleil en Erythr\u00e9e, note l&rsquo;expert.<\/p>\n<p>Le troisi\u00e8me groupe de pers\u00e9cuteurs est form\u00e9 d&rsquo;int\u00e9r\u00eats \u00e9conomiques, de gu\u00e9rillas, de groupes criminels (narcos notamment) et de groupes paramilitaires, que les positions de justice sociale des Eglises d\u00e9rangent.<\/p>\n<p><a href=\"http:\/\/www.lepoint.fr\/societe\/les-chretiens-de-plus-en-plus-souvent-persecutes-dans-les-pays-du-sud-24-12-2013-1773924_23.php\">http:\/\/www.lepoint.fr\/societe\/les-chretiens-de-plus-en-plus-souvent-persecutes-dans-les-pays-du-sud-24-12-2013-1773924_23.php<\/a><\/p>\n","protected":false},"excerpt":{"rendered":"<p>Lundi 30\/12\/2013 Alors qu&rsquo;en Occident, le christianisme est \u00e0 ce moment de l&rsquo;ann\u00e9e \u00e0 l&rsquo;heure des f\u00eates de fin d&rsquo;ann\u00e9e\u00a0: \u00ab\u00a0Comme se fait-il qu&rsquo;en Occident s\u00e9cularis\u00e9, r\u00e8gne \u00ab\u00a0le silence de No\u00ebl sur les chr\u00e9tiens pers\u00e9cut\u00e9s\u00a0\u00bb ?\u00a0\u00bb Andrea Riccardifondateur de la<\/p>\n","protected":false},"author":1,"featured_media":0,"comment_status":"closed","ping_status":"closed","sticky":false,"template":"","format":"standard","meta":{"footnotes":""},"categories":[1],"tags":[],"class_list":["post-548","post","type-post","status-publish","format-standard","hentry","category-motdujour"],"_links":{"self":[{"href":"https:\/\/lemotdujour.fr\/index.php?rest_route=\/wp\/v2\/posts\/548","targetHints":{"allow":["GET"]}}],"collection":[{"href":"https:\/\/lemotdujour.fr\/index.php?rest_route=\/wp\/v2\/posts"}],"about":[{"href":"https:\/\/lemotdujour.fr\/index.php?rest_route=\/wp\/v2\/types\/post"}],"author":[{"embeddable":true,"href":"https:\/\/lemotdujour.fr\/index.php?rest_route=\/wp\/v2\/users\/1"}],"replies":[{"embeddable":true,"href":"https:\/\/lemotdujour.fr\/index.php?rest_route=%2Fwp%2Fv2%2Fcomments&post=548"}],"version-history":[{"count":1,"href":"https:\/\/lemotdujour.fr\/index.php?rest_route=\/wp\/v2\/posts\/548\/revisions"}],"predecessor-version":[{"id":549,"href":"https:\/\/lemotdujour.fr\/index.php?rest_route=\/wp\/v2\/posts\/548\/revisions\/549"}],"wp:attachment":[{"href":"https:\/\/lemotdujour.fr\/index.php?rest_route=%2Fwp%2Fv2%2Fmedia&parent=548"}],"wp:term":[{"taxonomy":"category","embeddable":true,"href":"https:\/\/lemotdujour.fr\/index.php?rest_route=%2Fwp%2Fv2%2Fcategories&post=548"},{"taxonomy":"post_tag","embeddable":true,"href":"https:\/\/lemotdujour.fr\/index.php?rest_route=%2Fwp%2Fv2%2Ftags&post=548"}],"curies":[{"name":"wp","href":"https:\/\/api.w.org\/{rel}","templated":true}]}}