{"id":5472,"date":"2018-10-03T02:06:22","date_gmt":"2018-10-03T00:06:22","guid":{"rendered":"http:\/\/lemotdujour.fr\/?p=5472"},"modified":"2021-09-28T20:43:21","modified_gmt":"2021-09-28T18:43:21","slug":"mercredi-3-octobre-2018","status":"publish","type":"post","link":"https:\/\/lemotdujour.fr\/?p=5472","title":{"rendered":"Mercredi 3 octobre 2018"},"content":{"rendered":"<div class=\"mdjTexte\">\t\u00abSi les arm\u00e9niens et les juifs n\u2019aimaient pas vraiment la vie, ils auraient tous deux disparu depuis bien longtemps.\u00bb<\/div>\n<div class=\"mdjAuteur\">\tCharles Aznavour<\/div>\n<p><span style=\"color: #777777; font-family: Arial;\">Charles Aznavour vient de d\u00e9c\u00e9der ce 1er octobre 2018. Il a \u00e9crit plus de 1000 chansons, il a surtout \u00e9crit de bien beaux textes que j&rsquo;ai d\u00e9j\u00e0 convoqu\u00e9s deux fois pour les mots du jour.<br \/>\n<\/span><\/p>\n<p><span style=\"color: #777777; font-family: Arial;\">Une premi\u00e8re fois pour exprimer ce que j&rsquo;avais ressenti apr\u00e8s avoir entendu, Polina Jerebtsova, auteur du \u00ab&nbsp;<a href=\"https:\/\/www.laprocure.com\/journal-polina-jerebtsova-dedie-dirigeants-russie-aujourd-hui-polina-jerebtsova\/9782264064554.html\"><span style=\"color: #0000ff;\">Journal de Polina, Une adolescente tch\u00e9tch\u00e8ne<\/span>&nbsp;<\/a>\u00bb qui \u00e9voquait la guerre que la Russie a men\u00e9 en Tch\u00e9tch\u00e9nie<br \/>\n<\/span><\/p>\n<p><span style=\"color: #777777; font-family: Arial;\">La chanson avait pour titre \u00ab <a href=\"https:\/\/www.youtube.com\/watch?v=Aa2fjy-ZsX4\"><span style=\"color: #0000ff;\">Les enfants de la guerre<\/span><\/a> \u00bb qui d\u00e9butait ainsi&nbsp;:<br \/>\n<\/span><\/p>\n<p style=\"margin-left: 28pt;\"><span style=\"color: #c00000; font-family: Arial;\">Les enfants de la guerre<br \/>\n<\/span><span style=\"color: #c00000; font-family: Arial;\">Ne sont pas des enfants<br \/>\n<\/span><span style=\"color: #c00000; font-family: Arial;\">Ils ont l&rsquo;\u00e2ge de pierre<br \/>\n<\/span><span style=\"color: #c00000; font-family: Arial;\">Du fer et du sang<br \/>\n<\/span><span style=\"color: #c00000; font-family: Arial;\">Sur les larmes de m\u00e8res<br \/>\n<\/span><span style=\"color: #c00000; font-family: Arial;\">Ils ont ouvert les yeux<br \/>\n<\/span><span style=\"color: #c00000; font-family: Arial;\">Par des jours sans myst\u00e8re<br \/>\n<\/span><span style=\"color: #c00000; font-family: Arial;\">Et sur un monde en feu<br \/>\n<\/span><span style=\"color: #c00000; font-family: Arial;\">Les enfants de la guerre<br \/>\n<\/span><span style=\"color: #c00000; font-family: Arial;\">Ne sont pas des enfants<br \/>\n<\/span><span style=\"color: #c00000; font-family: Arial;\">Ils ont connu la terre<br \/>\n<\/span><span style=\"color: #c00000; font-family: Arial;\">\u00c0 feu et \u00e0 sang<br \/>\n<\/span><span style=\"color: #c00000; font-family: Arial;\">Ils ont eu des chim\u00e8res<br \/>\n<\/span><span style=\"color: #c00000; font-family: Arial;\">Pour aiguiser leurs dents<br \/>\n<\/span><span style=\"color: #c00000; font-family: Arial;\">Et pris des cimeti\u00e8res<br \/>\n<\/span><span style=\"color: #c00000; font-family: Arial;\">Pour des jardins d&rsquo;enfants<br \/>\n<\/span><\/p>\n<p><a href=\"https:\/\/lemotdujour.fr\/?p=2209\"><span style=\"font-family: Arial;\"><span style=\"color: #0000ff;\">C&rsquo;\u00e9tait le mot du jour du 24 septembre 2013<\/span><\/span><\/a><span style=\"color: #777777; font-family: Arial;\"><br \/>\n<\/span><\/p>\n<p><span style=\"color: #777777; font-family: Arial;\">Et c&rsquo;est bien s\u00fbr \u00e0 Charles Aznavour, arm\u00e9nien, n\u00e9 en 1924, 9 ans apr\u00e8s le d\u00e9but du g\u00e9nocide arm\u00e9nien que j&rsquo;ai emprunt\u00e9 les mots pour \u00e9voquer cette faille de l&rsquo;humanit\u00e9 le<span style=\"color: #0000ff;\"> <a style=\"color: #0000ff;\" href=\"https:\/\/lemotdujour.fr\/?p=1068\">8 avril 2015<\/a><\/span><br \/>\n<\/span><\/p>\n<p><span style=\"color: #777777; font-family: Arial;\">J&rsquo;expliquais que si les arm\u00e9niens comm\u00e9morent le g\u00e9nocide arm\u00e9nien le 24 avril, parce que le 24 avril 1915 correspond \u00e0 l&rsquo;arrestation de 300 intellectuels et notables arm\u00e9niens \u00e0 Constantinople et a \u00e9t\u00e9 suivi par tout le m\u00e9canisme g\u00e9nocidaire, c&rsquo;\u00e9tait le 8 avril 1915, \u00e0 Zeitoun, ville de Cilicie au Nord l&rsquo;Alep, que les exactions avaient commenc\u00e9 : <a href=\"http:\/\/www.imprescriptible.fr\/documents\/lepsius\/p1c1sp1.htm\">&lt;<span style=\"color: #0000ff;\">Massacres \u00e0 Ze\u00eftoun<\/span>&gt;<\/a><br \/>\n<\/span><\/p>\n<p><span style=\"color: #777777; font-family: Arial;\">J&rsquo;avais pris pour exergue un extrait de la chanson \u00ab&nbsp;<a href=\"https:\/\/www.youtube.com\/watch?v=T7Evq3QPm7g\"><span style=\"color: #0000ff;\">ils sont tomb\u00e9s<\/span>&nbsp;<\/a>\u00bb<br \/>\n<\/span><\/p>\n<p style=\"margin-left: 28pt;\"><span style=\"color: #c00000; font-family: Arial;\">\u00abIls sont tomb\u00e9s pour entrer dans la nuit \u00e9ternelle des temps, au bout de leur courage<br \/>\nLa mort les a frapp\u00e9s sans demander leur \u00e2ge puisqu&rsquo;ils \u00e9taient fautifs d&rsquo;\u00eatre enfants d&rsquo;Arm\u00e9nie.\u00bb<br \/>\n<\/span><\/p>\n<p><span style=\"color: #777777; font-family: Arial;\">Mais je crois qu&rsquo;on peut citer ce texte plus longuement&nbsp;:<br \/>\n<\/span><\/p>\n<p style=\"margin-left: 28pt;\"><span style=\"color: #c00000; font-family: Arial;\">\u00abIls sont tomb\u00e9s, sans trop savoir pourquoi<br \/>\n<\/span><span style=\"color: #c00000; font-family: Arial;\">Hommes, femmes, et enfants qui ne voulaient que vivre<br \/>\n<\/span><span style=\"color: #c00000; font-family: Arial;\">Avec des gestes lourds comme des hommes ivres<br \/>\n<\/span><span style=\"color: #c00000; font-family: Arial;\">Mutil\u00e9s, massacr\u00e9s, les yeux ouverts d&rsquo;effroi.<br \/>\n<\/span><span style=\"color: #c00000; font-family: Arial;\">Ils sont tomb\u00e9s en invoquant leur Dieu<br \/>\n<\/span><span style=\"color: #c00000; font-family: Arial;\">Au seuil de leur \u00e9glise ou au pas de leur porte<br \/>\n<\/span><span style=\"color: #c00000; font-family: Arial;\">En troupeau de d\u00e9sert, titubant, en cohorte<br \/>\n<\/span><span style=\"color: #c00000; font-family: Arial;\">Terrass\u00e9s par la soif, la faim, le fer, le feu.<br \/>\n<\/span><span style=\"color: #c00000; font-family: Arial;\">Nul n&rsquo;\u00e9leva la voix dans un monde euphorique<br \/>\n<\/span><span style=\"color: #c00000; font-family: Arial;\">Tandis que croupissait un peuple dans son sang<br \/>\n<\/span><span style=\"color: #c00000; font-family: Arial;\">L&rsquo;Europe d\u00e9couvrait le jazz et sa musique<br \/>\n<\/span><span style=\"color: #c00000; font-family: Arial;\">Les plaintes des trompettes couvraient les cris d&rsquo;enfants.<br \/>\n<\/span><\/p>\n<p style=\"margin-left: 28pt;\"><span style=\"color: #c00000; font-family: Arial;\">Ils sont tomb\u00e9s pudiquement, sans bruit,<br \/>\n<\/span><span style=\"color: #c00000; font-family: Arial;\">Par milliers, par millions, sans que le monde bouge,<br \/>\n<\/span><span style=\"color: #c00000; font-family: Arial;\">Devenant un instant, minuscules fleurs rouges<br \/>\n<\/span><span style=\"color: #c00000; font-family: Arial;\">Recouverts par un vent de sable et puis d&rsquo;oubli.<br \/>\n<\/span><span style=\"color: #c00000; font-family: Arial;\">lls sont tomb\u00e9s, les yeux pleins de soleil,<br \/>\n<\/span><span style=\"color: #c00000; font-family: Arial;\">Comme un oiseau qu&rsquo;en vol une balle fracasse<br \/>\n<\/span><span style=\"color: #c00000; font-family: Arial;\">Pour mourir n&rsquo;importe o\u00f9 et sans laisser de traces,<br \/>\n<\/span><span style=\"color: #c00000; font-family: Arial;\">Ignor\u00e9s, oubli\u00e9s dans leur dernier sommeil.<br \/>\n<\/span><span style=\"color: #c00000; font-family: Arial;\">Ils sont tomb\u00e9s en croyant, ing\u00e9nus,<br \/>\n<\/span><\/p>\n<p style=\"margin-left: 28pt;\"><span style=\"color: #c00000; font-family: Arial;\">Que leurs enfants pourraient continuer leur enfance,<br \/>\n<\/span><span style=\"color: #c00000; font-family: Arial;\">Qu&rsquo;un jour ils fouleraient des terres d&rsquo;esp\u00e9rance<br \/>\n<\/span><span style=\"color: #c00000; font-family: Arial;\">Dans des pays ouverts d&rsquo;hommes aux mains tendues.<br \/>\n<\/span><span style=\"color: #c00000; font-family: Arial;\">Moi je suis de ce peuple qui dort sans s\u00e9pulture<br \/>\n<\/span><span style=\"color: #c00000; font-family: Arial;\">Qui choisit de mourir sans abdiquer sa foi,<br \/>\n<\/span><span style=\"color: #c00000; font-family: Arial;\">Qui n&rsquo;a jamais baiss\u00e9 la t\u00eate sous l&rsquo;injure,<br \/>\n<\/span><span style=\"color: #c00000; font-family: Arial;\">Qui survit malgr\u00e9 tout et qui ne se plaint pas.<br \/>\n<\/span><span style=\"color: #c00000; font-family: Arial;\">Ils sont tomb\u00e9s pour entrer dans la nuit<br \/>\n<\/span><span style=\"color: #c00000; font-family: Arial;\">\u00c9ternelle des temps, au bout de leur courage<br \/>\n<\/span><span style=\"color: #c00000; font-family: Arial;\">La mort les a frapp\u00e9s sans demander leur \u00e2ge<br \/>\n<\/span><span style=\"color: #c00000; font-family: Arial;\">Puisqu&rsquo;ils \u00e9taient fautifs d&rsquo;\u00eatre enfants d&rsquo;Arm\u00e9nie.\u00bb<br \/>\n<\/span><\/p>\n<p><span style=\"color: #777777; font-family: Arial;\">Bien s\u00fbr Charles Aznavour a beaucoup agi pour la reconnaissance de ce g\u00e9nocide qui a touch\u00e9 le peuple de ses anc\u00eatres et \u0153uvr\u00e9 pour aider l&rsquo;Arm\u00e9nie contemporaine.<br \/>\n<\/span><\/p>\n<p><span style=\"color: #777777; font-family: Arial;\">Quand l&rsquo;Arm\u00e9nie a \u00e9t\u00e9 frapp\u00e9e par un s\u00e9isme, il a organis\u00e9 une collecte de fonds pour aider les sinistr\u00e9s et \u00e9crit une autre chanson : \u00ab&nbsp;<span style=\"color: #0000ff;\"><a style=\"color: #0000ff;\" href=\"https:\/\/www.parismatch.com\/Culture\/Musique\/Quand-Charles-Aznavour-faisaient-chanter-la-terre-entiere-pour-l-Armenie-1577708\">Pour toi Arm\u00e9nie<\/a><\/span>&nbsp;\u00bb.<br \/>\n<\/span><\/p>\n<p><span style=\"color: #777777; font-family: Arial;\">Mais ce que je trouve remarquable chez cet homme <strong>c&rsquo;est qu&rsquo;il ne s&rsquo;est pas fig\u00e9 sur le seul malheur de son peuple<\/strong>.<br \/>\n<\/span><\/p>\n<p><span style=\"color: #777777; font-family: Arial;\">Il s&rsquo;est toujours senti proche de l&rsquo;autre peuple ayant subi un grand g\u00e9nocide&nbsp;: le peuple juif.<br \/>\n<\/span><\/p>\n<p><span style=\"color: #777777; font-family: Arial;\">Il a chant\u00e9 \u00ab<span style=\"color: #0000ff;\">&nbsp;<a style=\"color: #0000ff;\" href=\"http:\/\/juifs-celebres.fr\/charles-aznavour-chante-yeroushalaim\/\">Y\u00e9roushalaim<\/a><\/span>&nbsp;\u00bb<br \/>\n<\/span><\/p>\n<p><span style=\"color: #777777; font-family: Arial;\">C&rsquo;est sur ce site que j&rsquo;ai appris que lors d&rsquo;un voyage en Isra\u00ebl, il avait dit&nbsp;: \u00ab&nbsp;<strong>Si les arm\u00e9niens et les juifs n&rsquo;aimaient pas vraiment la vie , ils auraient tous deux disparu depuis bien longtemps<\/strong> &nbsp;\u00bb<br \/>\n<\/span><\/p>\n<p><span style=\"color: #777777; font-family: Arial;\">Et les tziganes, autre peuple victime de la monstruosit\u00e9 des nazis \u00e9taient \u00e9galement chers \u00e0 son c\u0153urs&nbsp;: \u00ab&nbsp;<a href=\"https:\/\/www.youtube.com\/watch?v=TudyH9lTSos\"><span style=\"color: #0000ff;\">Les deux guitares<\/span>&nbsp;<\/a>\u00bb<br \/>\n<\/span><\/p>\n<p><span style=\"color: #777777; font-family: Arial;\">Le journal \u00ab&nbsp;<span style=\"color: #0000ff;\"><a style=\"color: #0000ff;\" href=\"https:\/\/tetu.com\/2018\/10\/01\/comme-ils-disent-charles-aznavour-avait-tout-compris-a-lhomosexualite-masculine\/\">T\u00eatu<\/a>&nbsp;<\/span>\u00bb rappelle aussi qu&rsquo;en 1972&nbsp;:<br \/>\n<\/span><\/p>\n<p style=\"margin-left: 28pt;\"><span style=\"color: #c00000; font-family: Arial;\">La France p\u00e9nalise toujours l&rsquo;homosexualit\u00e9, qu&rsquo;elle consid\u00e8re encore comme une maladie mentale. Cette m\u00eame ann\u00e9e pourtant, Charles Aznavour s\u00e9duit le pays avec \u00ab&nbsp;<a href=\"https:\/\/www.youtube.com\/watch?v=iKFA4gaBL2I\"><span style=\"color: #0000ff;\">Comme ils disent<\/span><\/a><em>\u00bb<\/em>. Une chanson qui d\u00e9peint la vie d&rsquo;un homme gay avec une intelligence, une bienveillance et une finesse qui manque encore \u00e0 beaucoup aujourd&rsquo;hui.<br \/>\n<\/span><\/p>\n<p><span style=\"color: #777777; font-family: Arial;\">Il fut aussi soutien du f\u00e9minisme \u00ab<span style=\"color: #0000ff;\">&nbsp;<a style=\"color: #0000ff;\" href=\"https:\/\/www.youtube.com\/watch?v=8Fl7GXGfHmk\">Le Droit Des Femmes&nbsp;<\/a><\/span>\u00bb<br \/>\n<\/span><\/p>\n<p><span style=\"color: #777777; font-family: Arial;\">C&rsquo;\u00e9taient les bons combats, la sensibilit\u00e9, la bienveillance et la profondeur des textes mis au service de ces causes.<br \/>\n<\/span><\/p>\n<p><span style=\"color: #777777; font-family: Arial;\">Et que dire de cette chanson qui ne peut que toucher les filles et les fils qui doivent dire un dernier adieu \u00e0 leur maman&nbsp;: \u00ab&nbsp;<a href=\"https:\/\/www.youtube.com\/watch?v=BkiktZub8ts\"><span style=\"color: #0000ff;\">La Mamma&nbsp;<\/span><\/a>\u00bb<br \/>\n<\/span><\/p>\n<p><span style=\"color: #777777; font-family: Arial;\">Claude Askolovitch a consacr\u00e9 une remarquable &lt;<a href=\"https:\/\/www.franceinter.fr\/emissions\/la-revue-de-presse\/la-revue-de-presse-02-octobre-2018\"><span style=\"color: #0000ff;\">revue de presse le 2 octobre<\/span><\/a>&gt; \u00e0 Aznavour :<br \/>\n<\/span><\/p>\n<p style=\"margin-left: 28pt;\"><span style=\"color: #c00000; font-family: Arial;\">\u00ab&nbsp;Et d&rsquo;un monde enfoui, quand un petit arm\u00e9nien de Paris portait une petite bague avec la faucille et le marteau, et serait pendant la guerre le t\u00e9moin de l&rsquo;h\u00e9ro\u00efsme des r\u00e9sistants m\u00e9t\u00e8ques et communistes. <a href=\"https:\/\/www.humanite.fr\/manouchian-sest-amuse-mapprendre-jouer-aux-echecs-661481\" target=\"_blank\" rel=\"noopener noreferrer\"><span style=\"color: blue; text-decoration: underline;\">I<span style=\"color: #0000ff; text-decoration: underline;\">l l&rsquo;a racont\u00e9 dans l&rsquo;Humanit\u00e9..&nbsp;<\/span><\/span><\/a><br \/>\n<\/span><\/p>\n<p style=\"margin-left: 28pt;\"><span style=\"color: #c00000; font-family: Arial;\">\u00ab&nbsp;Ma m\u00e8re partait avec la voiture d&rsquo;enfant o\u00f9 des armes \u00e9taient dissimul\u00e9es. Les armes servaient, on les remettait dans la voiture, maman rentrait \u00e0 la maison.&nbsp;\u00bb Et \u00e0 la maison, Charles apprenait \u00e0 jouer aux \u00e9checs avec un po\u00e8te communiste et arm\u00e9nien qui s&rsquo;ennuyait, cach\u00e9, il s&rsquo;appelait Missak Manouchian et serait le premier des fusill\u00e9s de l&rsquo;affiche rouge&#8230;<br \/>\n<\/span><\/p>\n<p><span style=\"color: #777777; font-family: Arial;\">C&rsquo;\u00e9tait Charles Aznavour, un auteur-compositeur-interpr\u00e8te<strong>, avant tout un po\u00e8te<\/strong> et qui faisait aussi du cin\u00e9ma.<\/span><\/p>\n<p><span style=\"color: #800000;\">&lt;1122&gt;<\/span><\/p>\n","protected":false},"excerpt":{"rendered":"<p>\u00abSi les arm\u00e9niens et les juifs n\u2019aimaient pas vraiment la vie, ils auraient tous deux disparu depuis bien longtemps.\u00bb Charles Aznavour Charles Aznavour vient de d\u00e9c\u00e9der ce 1er octobre 2018. Il a \u00e9crit plus de 1000 chansons, il a surtout<\/p>\n","protected":false},"author":1,"featured_media":0,"comment_status":"open","ping_status":"closed","sticky":false,"template":"","format":"standard","meta":{"footnotes":""},"categories":[1],"tags":[156,46,29],"class_list":["post-5472","post","type-post","status-publish","format-standard","hentry","category-motdujour","tag-armenien","tag-art","tag-hommage"],"_links":{"self":[{"href":"https:\/\/lemotdujour.fr\/index.php?rest_route=\/wp\/v2\/posts\/5472","targetHints":{"allow":["GET"]}}],"collection":[{"href":"https:\/\/lemotdujour.fr\/index.php?rest_route=\/wp\/v2\/posts"}],"about":[{"href":"https:\/\/lemotdujour.fr\/index.php?rest_route=\/wp\/v2\/types\/post"}],"author":[{"embeddable":true,"href":"https:\/\/lemotdujour.fr\/index.php?rest_route=\/wp\/v2\/users\/1"}],"replies":[{"embeddable":true,"href":"https:\/\/lemotdujour.fr\/index.php?rest_route=%2Fwp%2Fv2%2Fcomments&post=5472"}],"version-history":[{"count":10,"href":"https:\/\/lemotdujour.fr\/index.php?rest_route=\/wp\/v2\/posts\/5472\/revisions"}],"predecessor-version":[{"id":12190,"href":"https:\/\/lemotdujour.fr\/index.php?rest_route=\/wp\/v2\/posts\/5472\/revisions\/12190"}],"wp:attachment":[{"href":"https:\/\/lemotdujour.fr\/index.php?rest_route=%2Fwp%2Fv2%2Fmedia&parent=5472"}],"wp:term":[{"taxonomy":"category","embeddable":true,"href":"https:\/\/lemotdujour.fr\/index.php?rest_route=%2Fwp%2Fv2%2Fcategories&post=5472"},{"taxonomy":"post_tag","embeddable":true,"href":"https:\/\/lemotdujour.fr\/index.php?rest_route=%2Fwp%2Fv2%2Ftags&post=5472"}],"curies":[{"name":"wp","href":"https:\/\/api.w.org\/{rel}","templated":true}]}}