{"id":5467,"date":"2018-10-02T01:26:50","date_gmt":"2018-10-01T23:26:50","guid":{"rendered":"http:\/\/lemotdujour.fr\/?p=5467"},"modified":"2021-10-17T12:46:05","modified_gmt":"2021-10-17T10:46:05","slug":"mardi-2-octobre-2018","status":"publish","type":"post","link":"https:\/\/lemotdujour.fr\/?p=5467","title":{"rendered":"Mardi 2 octobre 2018"},"content":{"rendered":"<div class=\"mdjTexte\">\t\u00ab&nbsp;Par rapport aux autres animaux, cela fait longtemps que les humains sont devenus des dieux. Nous n\u2019aimons pas y penser trop s\u00e9rieusement parce que nous n\u2019avons pas \u00e9t\u00e9 des dieux particuli\u00e8rement justes ou mis\u00e9ricordieux.&nbsp;\u00bb<\/div>\n<div class=\"mdjAuteur\">\tYuval Noah Harari \u00ab&nbsp;Homo deus&nbsp;\u00bb page 85<\/div>\n<p><span style=\"color: #777777; font-family: Arial;\">Il n&rsquo;est pas question pour moi de faire un r\u00e9sum\u00e9 du livre, d&rsquo;autres l&rsquo;ont fait&nbsp;<strong>: <\/strong><span style=\"color: #0000ff;\"><a style=\"color: #0000ff;\" href=\"https:\/\/www.beseven.fr\/resume-detaille-homo-deus\/amp\/\">https:\/\/www.beseven.fr\/resume-detaille-homo-deus\/amp\/<\/a><\/span><br \/>\n<\/span><\/p>\n<p><span style=\"color: #777777; font-family: Arial;\">Ma d\u00e9marche consiste \u00e0 aborder les questions et les d\u00e9veloppements qui m&rsquo;ont interpell\u00e9s et pour lesquels Harari m&rsquo;a soit appris quelque chose ou m&rsquo;a permis de me poser des questions nouvelles.<br \/>\n<\/span><\/p>\n<p><span style=\"color: #777777; font-family: Arial;\">Je disais hier que pour entrer dans un ouvrage comme \u00ab&nbsp;<strong>Homo deus<\/strong>&nbsp;\u00bb il fallait commencer par la table des mati\u00e8res.<br \/>\n<\/span><\/p>\n<p><span style=\"color: #777777; font-family: Arial;\">Il y a donc 3 parties&nbsp;:<br \/>\n<\/span><\/p>\n<ul>\n<li><span style=\"color: #777777; font-family: Arial;\">Partie I \u2013 Homos sapiens conquiert le monde<br \/>\n<\/span><\/li>\n<li><span style=\"color: #777777; font-family: Arial;\">Partie II \u2013 Homo sapiens donne sens au monde<br \/>\n<\/span><\/li>\n<li><span style=\"color: #777777; font-family: Arial;\">Partie III \u2013 Homo sapiens perd le contr\u00f4le<br \/>\n<\/span><\/li>\n<\/ul>\n<p><span style=\"color: #777777; font-family: Arial;\">Ces trois parties \u00e9tant pr\u00e9c\u00e9d\u00e9es par une introduction : Le nouvel ordre du jour humain<br \/>\n<\/span><\/p>\n<p><span style=\"color: #777777; font-family: Arial;\">Pour Luc Ferry que j&rsquo;ai cit\u00e9 dans le mot d&rsquo;hier ces trois parties constituent un simple plagiat d&rsquo;Auguste Comte selon laquelle l&rsquo;humanit\u00e9 serait pass\u00e9e par \u00ab trois \u00e9tats \u00bb : religieux, m\u00e9taphysique et \u00ab positif \u00bb (scientifique) et que l&rsquo;histoire occidentale se partagerait ainsi en trois \u00e2ges : l&rsquo;\u00e2ge th\u00e9ologique o\u00f9 les principes qui d\u00e9finissent la morale et le sens de la vie venaient de Dieu ; l&rsquo;\u00e2ge m\u00e9taphysico-humaniste, inaugur\u00e9 par Rousseau, qui ent\u00e9rinerait le retrait du divin en s&rsquo;effor\u00e7ant de situer toute autorit\u00e9 dans le c\u0153ur de l&rsquo;homme, dans son libre arbitre et la sensibilit\u00e9 de son \u00ab moi profond \u00bb.<br \/>\n<\/span><\/p>\n<p><span style=\"color: #777777; font-family: Arial;\">A ces remarques, je r\u00e9ponds que d&rsquo;abord Harari n&rsquo;est pas un chercheur mais un historien. Il n&rsquo;invente ou ne trouve rien mais se sert des recherches, des inventions, des th\u00e9ories que d&rsquo;autres ont \u00e9labor\u00e9 pour en faire une synth\u00e8se et pour en tirer des probl\u00e9matiques et des questions.<br \/>\n<\/span><\/p>\n<p><span style=\"color: #777777; font-family: Arial;\">Ensuite, c&rsquo;est une vaste blague de dire qu&rsquo;entre Auguste Comte et Yuval Noah Harari, il n&rsquo;y a pas une accumulation de connaissances et de d\u00e9couvertes qui ont enrichi la r\u00e9flexion de l&rsquo;historien isra\u00e9lien pour pr\u00e9senter sa vision de l&rsquo;\u00e9volution de notre esp\u00e8ce.<br \/>\n<\/span><\/p>\n<p><span style=\"color: #777777; font-family: Arial;\">Car, c&rsquo;est la grande force d&rsquo;Harari de ne pas entrer dans cette aventure, cette histoire par la philosophie qui part d&rsquo;un postulat donnant \u00e0 l&rsquo;homme une dimension, une destin\u00e9e, une valeur dans le monde du vivant tr\u00e8s sup\u00e9rieure \u00e0 tous les autres \u00eatres vivants.<br \/>\n<\/span><\/p>\n<p><span style=\"color: #777777; font-family: Arial;\">Pour Harari, l&rsquo;&nbsp;\u00ab&nbsp;<strong>HOMME<\/strong>&nbsp;\u00bb est avant tout \u00ab&nbsp;<strong>homo sapiens<\/strong>&nbsp;\u00bb, un mammif\u00e8re, un cousin du singe qui \u00e9tait au d\u00e9part faible, proie de pr\u00e9dateurs plus puissants que lui, et qui au fur \u00e0 mesure de son \u00e9volution a colonis\u00e9 la plan\u00e8te terre en cr\u00e9ant des civilisations extraordinairement sophistiqu\u00e9es mais en m\u00eame temps a d\u00e9truit les ressources de la plan\u00e8te et \u00e9limin\u00e9 en masse d&rsquo;autres esp\u00e8ces de mani\u00e8re involontaire et surtout de mani\u00e8re inconsciente.<br \/>\n<\/span><\/p>\n<p><a href=\"https:\/\/lemotdujour.fr\/?p=2648\"><span style=\"color: blue; font-family: Arial; text-decoration: underline;\">&lt;Le mot du jour du 29 juin 2017&gt;<\/span><\/a><span style=\"color: blue; font-family: Arial;\"> <span style=\"color: #777777;\">citait le livre \u00ab<strong>L&rsquo;arbre de la science<\/strong>&nbsp;\u00bb qu&rsquo;Eug\u00e8ne Huzar \u00e9crivait en 1857, au d\u00e9but de l&rsquo;\u00e8re industrielle et qui lan\u00e7ait cette mise en garde&nbsp;:<br \/>\n<\/span><\/span><\/p>\n<p style=\"margin-left: 28pt;\"><span style=\"color: #c00000; font-family: Arial;\">\u00abL&rsquo;homme, en jouant ainsi avec cette machine si compliqu\u00e9e, la nature,&nbsp;me fait l&rsquo;effet d&rsquo;un aveugle qui ne conna\u00eetrait pas la m\u00e9canique et qui&nbsp;aurait la pr\u00e9tention de d\u00e9monter tous les rouages d&rsquo;une horloge qui&nbsp;marcherait bien, pour la remonter \u00e0 sa fantaisie et \u00e0 son caprice. \u00bb<br \/>\n<\/span><\/p>\n<p><span style=\"color: #777777; font-family: Arial;\">Mais l&rsquo;expression d&rsquo;une crainte d&rsquo;un homme du XIX\u00e8me si\u00e8cle peut encore \u00eatre consid\u00e9r\u00e9e comme une peur irrationnelle du progr\u00e8s, de l&rsquo;inconnu et peut \u00eatre m\u00eame un conservatisme paralysant.<br \/>\n<\/span><\/p>\n<p><span style=\"color: #777777; font-family: Arial;\">Mais quand Luc Ferry, cherche d\u00e9sesp\u00e9r\u00e9ment des r\u00e9f\u00e9rences livresques pour filtrer la narration de \u00ab&nbsp;Sapiens&nbsp;\u00bb ou d&nbsp;\u00ab&nbsp;Homo deus&nbsp;\u00bb et donner son avis critique, je ne peux m&#8217;emp\u00eacher de penser \u00e0 ces savants th\u00e9ologiens qui r\u00e9pondaient, jadis, \u00e0 toute question par des r\u00e9f\u00e9rences bibliques et des arguties rh\u00e9toriques.<br \/>\n<\/span><\/p>\n<p><span style=\"color: #777777; font-family: Arial;\">M\u00e9thode \u00e0 laquelle <strong>Galil\u00e9e aurait r\u00e9pondu<\/strong> selon mon professeur d&rsquo;Histoire, Girolamo Ramunni&nbsp;:<br \/>\n<\/span><\/p>\n<p style=\"margin-left: 28pt;\"><span style=\"color: #c00000; font-family: Arial;\">\u00ab&nbsp;Je cherche les r\u00e9ponses \u00e0 mes questions dans le grand livre de la nature, non dans les livres sacr\u00e9s&nbsp;\u00bb<br \/>\n<\/span><\/p>\n<p><span style=\"color: #777777; font-family: Arial;\">Car oui la connaissance a augment\u00e9 depuis Auguste Comte, parfois le mot du jour a pu s&rsquo;en faire l&rsquo;\u00e9cho&nbsp;:<br \/>\n<\/span><\/p>\n<p><span style=\"color: #777777; font-family: Arial;\">Ainsi quand Franz de Waal pose cette question et ose cette r\u00e9ponse&nbsp;: \u00ab&nbsp;<strong>Est-ce que l&rsquo;homme est plus intelligent que le poulpe ? On ne sait pas<\/strong>&nbsp;\u00bb <a href=\"https:\/\/lemotdujour.fr\/?p=2640\"><span style=\"color: blue; text-decoration: underline;\">&lt;mot du jour du 28 juin 2017<\/span><\/a><span style=\"color: blue; text-decoration: underline;\">&gt;<br \/>\n<\/span><\/span><\/p>\n<p><span style=\"color: #777777; font-family: Arial;\">Ce grand scientifique qui a consacr\u00e9 une grande partie de sa vie \u00e0 la recherche sur l&#8217;empathie des animaux, faisait le constat que chaque fois qu&rsquo;on essaye de fixer une limite entre \u00ab&nbsp;homo sapiens&nbsp;\u00bb et les autres animaux terrestres, la limite est franchie d\u00e8s que nos connaissances progressent par l&rsquo;\u00e9tude de l&rsquo;univers animal.<br \/>\n<\/span><\/p>\n<p><span style=\"color: #777777; font-family: Arial;\">Et dans le monde des vivants, au-del\u00e0 des seuls animaux, nous apprenons comment vivent les v\u00e9g\u00e9taux sur terre. Peter Wohlleben nous donne \u00e0 d\u00e9couvrir dans son merveilleux livre \u00ab&nbsp;<strong>La vie secr\u00e8te des arbres<\/strong>&nbsp;\u00bb, la communication, l&rsquo;entraide de ces grands v\u00e9g\u00e9taux entre eux et avec d&rsquo;autres organismes vivants de la for\u00eat et dont l&rsquo;\u00e2ge pour certains se trouve dans des \u00e9talons de dur\u00e9e qui n&rsquo;ont rien \u00e0 voir avec ceux des humains&nbsp;: <a href=\"https:\/\/lemotdujour.fr\/?p=3787\"><span style=\"color: blue; text-decoration: underline;\">&lt;mot du jour du 22 d\u00e9cembre 2017<\/span><\/a><span style=\"color: blue; text-decoration: underline;\">&gt;<br \/>\n<\/span><\/span><\/p>\n<p><span style=\"color: #777777; font-family: Arial;\">La premi\u00e8re partie&nbsp;: \u00ab&nbsp; <strong>Homos sapiens conquiert le monde<\/strong>&nbsp;\u00bb se divise en deux chapitres&nbsp;:<br \/>\n<\/span><\/p>\n<ul>\n<li><span style=\"color: #777777; font-family: Arial;\">L&rsquo;anthropoc\u00e8ne<br \/>\n<\/span><\/li>\n<li><span style=\"color: #777777; font-family: Arial;\">L&rsquo;\u00e9tincelle humaine<br \/>\n<\/span><\/li>\n<\/ul>\n<p><span style=\"color: #777777; font-family: Arial;\">Le chapitre \u00ab&nbsp;<strong>L&rsquo;anthropoc\u00e8ne<\/strong>&nbsp;\u00bb commence ainsi&nbsp;:<br \/>\n<\/span><\/p>\n<p style=\"margin-left: 28pt;\"><span style=\"color: #c00000; font-family: Arial;\">\u00ab&nbsp;<strong>Par rapport aux autres animaux, cela fait longtemps que les humains sont devenus des dieux. Nous n&rsquo;aimons pas y penser trop s\u00e9rieusement parce que nous n&rsquo;avons pas \u00e9t\u00e9 des dieux particuli\u00e8rement justes ou mis\u00e9ricordieux.<\/strong><br \/>\n<\/span><\/p>\n<p style=\"margin-left: 28pt;\"><span style=\"color: #c00000; font-family: Arial;\">[\u2026] allez voir un film de Disney ou lisez des contes de f\u00e9es&nbsp;: vous en retirerez facilement l&rsquo;impression que la plan\u00e8te terre est surtout peupl\u00e9e de lions, de loups et de tigres qui sont \u00e0 \u00e9galit\u00e9 avec nous, les humains. [\u2026]<br \/>\n<\/span><\/p>\n<p style=\"margin-left: 28pt;\"><span style=\"color: #c00000; font-family: Arial;\">Combien de loups vivent aujourd&rsquo;hui en Allemagne, le pays des fr\u00e8res Grimm, du Petit Chaperon rouge et du Grand M\u00e9chant Loup&nbsp;? Moins de 100. [\u2026] En revanche, l&rsquo;Allemagne compte 5 millions de chiens domestiques. Au total, pr\u00e8s de 200 000 loups sauvages \u00e9cument encore la terre contre 400 000 000 chiens domestiques, 40 000 lions contre 600 000 000 chats domestiques, 900&nbsp;000 buffles africains contre 1,5 milliard de vaches&nbsp;; 50 millions de pingouin et 20 milliards de poulets&nbsp;\u00bb (p.85).<br \/>\n<\/span><\/p>\n<p><span style=\"color: #777777; font-family: Arial;\">Apr\u00e8s ces \u00e9num\u00e9rations et quantifications, Harari \u00e9met des hypoth\u00e8ses sur les fondements de nos mythes monoth\u00e9istes qui sont apparus historiquement en m\u00eame temps que la r\u00e9volution agricole.<br \/>\n<\/span><\/p>\n<p style=\"margin-left: 28pt;\"><span style=\"color: #c00000; font-family: Arial;\">\u00ab&nbsp;Les donn\u00e9es anthropologiques et arch\u00e9ologiques indiquent que les chasseurs-cueilleurs archa\u00efques \u00e9taient probablement animistes&nbsp;: ils croyaient qu&rsquo;il n&rsquo;y avait par nature pas de foss\u00e9 s\u00e9parant les hommes des autres animaux. Le monde [\u2026] appartenait \u00e0 tous ses habitants et tout le monde suivait un ensemble commun de r\u00e8gles. Ces r\u00e8gles impliquaient des n\u00e9gociations permanentes entre tous les \u00eatres concern\u00e9s. [\u2026]<br \/>\n<\/span><\/p>\n<p style=\"margin-left: 28pt;\"><span style=\"color: #c00000; font-family: Arial;\">La vision animiste du monde guide encore certaines communaut\u00e9s de chasseurs-cueilleurs qui ont surv\u00e9cu jusque dans les Temps modernes.<br \/>\n<\/span><\/p>\n<p style=\"margin-left: 28pt;\"><span style=\"color: #c00000; font-family: Arial;\">L&rsquo;une d&rsquo;elles est celle des Nayak, qui vivent dans les for\u00eats tropicales de l&rsquo;Inde du Sud. L&rsquo;anthropologue Danny Naveh, qui les a \u00e9tudi\u00e9s plusieurs ann\u00e9es, rapporte que lorsqu&rsquo;un Nayak marchant dans la jungle rencontre un animal dangereux \u2013 un tigre, un serpent ou un \u00e9l\u00e9phant \u2013 il peut s&rsquo;adresser ainsi \u00e0 lui&nbsp;: \u00ab&nbsp;Tu vis dans la for\u00eat. Moi aussi. Tu es venu manger ici, et moi aussi je suis venu ramasser des racines et des tubercules. Je ne suis pas venu te blesser&nbsp;\u00bb<br \/>\n<\/span><\/p>\n<p style=\"margin-left: 28pt;\"><span style=\"color: #c00000; font-family: Arial;\">Un jour, un Nayak s&rsquo;est fait tuer par un \u00e9l\u00e9phant m\u00e2le, qu&rsquo;ils appelaient \u00ab&nbsp;l&rsquo;\u00e9l\u00e9phant qui marche toujours tout seul&nbsp;\u00bb. Les Nayak ont refus\u00e9 d&rsquo;aider les hommes des services forestiers indiens \u00e0 le capturer. Ils ont expliqu\u00e9 \u00e0 Naveh que cet \u00e9l\u00e9phant \u00e9tait tr\u00e8s proche d&rsquo;un autre m\u00e2le avec lequel il vagabondait toujours. Un jour, le service forestier a captur\u00e9 le second \u00e9l\u00e9phant, et \u00ab&nbsp;l&rsquo;\u00e9l\u00e9phant qui marche toujours tout seul&nbsp;\u00bb est devenu furieux et violent. \u00ab&nbsp;Que ressentiriez-vous si on vous enlevait votre \u00e9pouse&nbsp;? C&rsquo;est exactement ce que ressentait cet \u00e9l\u00e9phant.\u00bb [\u2026]<br \/>\n<\/span><\/p>\n<p style=\"margin-left: 28pt;\"><span style=\"color: #c00000; font-family: Arial;\">Beaucoup de peuples industrialis\u00e9s sont totalement \u00e9trangers \u00e0 cette perspective animiste. Aux yeux de la plupart d&rsquo;entre nous, les animaux sont fonci\u00e8rement diff\u00e9rents et inf\u00e9rieurs. La raison en est que m\u00eame nos traditions les plus anciennes sont n\u00e9es des milliers d&rsquo;ann\u00e9es apr\u00e8s la fin de l&rsquo;\u00e8re des chasseurs cueilleurs. L&rsquo;Ancien Testament, par exemple a \u00e9t\u00e9 \u00e9crit au premier mill\u00e9naire avant notre \u00e8re et ses r\u00e9cits les plus anciens refl\u00e8tent les r\u00e9alit\u00e9s du deuxi\u00e8me mill\u00e9naire. Au Moyen-Orient cependant, l&rsquo;\u00e8re des chasseurs-cueilleurs s&rsquo;est termin\u00e9e plus de 7&nbsp;000 ans auparavant. Il n&rsquo;est donc gu\u00e8re surprenant que la Bible rejette les croyances animistes et que son seul r\u00e9cit animiste apparaisse au d\u00e9but, comme un sombre avertissement. [\u2026Dans la Bible] la seule fois o\u00f9 un animal engage la conversation avec un homme, c&rsquo;est lorsque le serpent incite Eve \u00e0 go\u00fbter au fruit d\u00e9fendu de la Connaissance. (L&rsquo;\u00e2nesse de Balaam dit aussi quelques mots, mais elle ne fait que lui transmettre un message de Dieu).<br \/>\n<\/span><\/p>\n<p style=\"margin-left: 28pt;\"><span style=\"color: #c00000; font-family: Arial;\">Au jardin d&rsquo;Eden, Adam et Eve fourrageaient. L&rsquo;expulsion du paradis frappe par sa ressemblance avec la r\u00e9volution agricole. Au lieu de permettre \u00e0 Adam de cueillir les fruits sauvages, un Dieu en courroux le condamne \u00e0 \u00ab&nbsp;gagner son pain \u00e0 la sueur de son front&nbsp;\u00bb. Que les animaux bibliques n&rsquo;aient parl\u00e9 aux humains qu&rsquo;\u00e0 l&rsquo;\u00e9poque pr\u00e9agricole de l&rsquo;Eden n&rsquo;est sans doute pas un hasard.<br \/>\n<\/span><\/p>\n<p style=\"margin-left: 28pt;\"><span style=\"color: #c00000; font-family: Arial;\">Quelles le\u00e7ons la Bible tire-t&rsquo;elle de cet \u00e9pisode&nbsp;?<br \/>\n<\/span><\/p>\n<p style=\"margin-left: 28pt;\"><span style=\"color: #c00000; font-family: Arial;\">Qu&rsquo;il ne faut pas \u00e9couter les serpents, et qu&rsquo;il vaut g\u00e9n\u00e9ralement mieux \u00e9viter de parler aux animaux et aux plantes. Cela ne conduit qu&rsquo;au d\u00e9sastre.<br \/>\n<\/span><\/p>\n<p style=\"margin-left: 28pt;\"><span style=\"color: #c00000; font-family: Arial;\">L&rsquo;histoire biblique contient pourtant des couches de sens plus profondes et plus anciennes. Dans la plupart des langues s\u00e9mitiques, \u00ab&nbsp;Eve&nbsp;\u00bb signifie serpent ou femelle du serpent. Notre m\u00e8re biblique ancestrale cache donc un mythe animiste archa\u00efque suivant lequel les serpents ne sont pas nos ennemis mais nos anc\u00eatres. Pour maintes cultures animistes, les humains descendent des animaux y compris des serpents et autres reptiles. La plupart des Aborig\u00e8nes d&rsquo;Australe croient que le serpent Arc-en-ciel a cr\u00e9\u00e9 le monde. [\u2026] En fait les Occidentaux modernes croient eux aussi qu&rsquo;ils sont issus de reptiles par l&rsquo;\u00e9volution. Le cerveau de chacun d&rsquo;entre nous est construit autour d&rsquo;un noyau reptilien, et la structure de notre corps est au fond celle de reptiles modifi\u00e9s.<br \/>\n<\/span><\/p>\n<p style=\"margin-left: 28pt;\"><span style=\"color: #c00000; font-family: Arial;\">Les auteurs du livre de la Gen\u00e8se ont eu beau pr\u00e9server un reliquat de croyances animistes archa\u00efques \u00e0 travers le nom d&rsquo;Eve, ils ont pris grand soin d&rsquo;en dissimuler toutes autres traces. Loin de descendre des serpents, dit la Gen\u00e8se, les humains ont \u00e9t\u00e9 cr\u00e9\u00e9s par Dieu \u00e0 partir de la mati\u00e8re inanim\u00e9e. Le serpent n&rsquo;est pas notre anc\u00eatre, il nous incite \u00e0 nous rebeller contre notre P\u00e8re c\u00e9leste. Alors que les animistes ne voyaient dans les humains qu&rsquo;une autre esp\u00e8ce d&rsquo;animal, la Bible plaide que les hommes sont une cr\u00e9ation unique, et toute vell\u00e9it\u00e9 de reconna\u00eetre l&rsquo;animal en nous nie nie la puissance et l&rsquo;autorit\u00e9 de Dieu.&nbsp;\u00bb (Pages 86 \u00e0 92).<br \/>\n<\/span><\/p>\n<p><span style=\"color: #777777; font-family: Arial;\">Et Harari ach\u00e8ve sa d\u00e9monstration en rappelant la n\u00e9gation de Darwin par les religions monoth\u00e9istes et aussi la rupture avec Dieu des hommes convaincus par le r\u00e9cit darwinien&nbsp;:<br \/>\n<\/span><\/p>\n<p style=\"margin-left: 28pt;\"><span style=\"color: #c00000; font-family: Arial;\">\u00ab&nbsp;Quand les humains modernes ont d\u00e9couvert qu&rsquo;ils descendaient effectivement des reptiles, ils se sont rebell\u00e9s contre Dieu et ont cess\u00e9 de l&rsquo;\u00e9couter, ou m\u00eame de croire en son existence.&nbsp;\u00bb (P 92).<br \/>\n<\/span><\/p>\n<p><span style=\"color: #777777; font-family: Arial;\">Au bout de ce d\u00e9veloppement, la question que je me pose est de savoir <strong>si finalement l&rsquo;invention par homo sapiens des religions monoth\u00e9istes n&rsquo;a pas eu comme premi\u00e8re fonction de s\u00e9parer homo sapiens des autres animaux<\/strong> afin de pouvoir justifier sa toute-puissance \u00e0 l&rsquo;\u00e9gard des animaux et d&rsquo;en faire de simples objets de possession dont l&rsquo;homme pouvait faire ce que bon lui semblait.<br \/>\n<\/span><\/p>\n<p><span style=\"color: #777777; font-family: Arial;\">Car si l&rsquo;homme a \u00e9t\u00e9 cr\u00e9\u00e9 par Dieu et fait \u00e0 son image, c&rsquo;est donc que sapiens porte en lui une divinit\u00e9 qui lui permet d&rsquo;agir comme un d\u00e9miurge sur tout le reste du vivant sans tenir aucun compte de ces \u00eatres qui sont sur bien des points semblables \u00e0 lui. Homo deus \u00e9tait d\u00e9j\u00e0 en route.<br \/>\n<\/span><\/p>\n<p><span style=\"color: #777777; font-family: Arial;\">Je me souviens de Boris Cyrulnik qui a racont\u00e9 lors d&rsquo;une \u00e9mission que lors de ses \u00e9tudes de m\u00e9decine, on lui avait demand\u00e9 de diss\u00e9quer une grenouille vivante et que la grenouille criait. Cyrulnik en a fait part \u00e0 son professeur qui surveillait l&rsquo;exp\u00e9rience et qui lui a r\u00e9pondu&nbsp;: \u00ab&nbsp;<span style=\"color: #c00000;\">mais non la grenouille ne sent rien. C&rsquo;est comme votre v\u00e9lo quand il crisse, il ne souffre pas<span style=\"color: #777777;\">&nbsp;\u00bb<br \/>\n<\/span><\/span><\/span><\/p>\n<p><span style=\"color: #777777; font-family: Arial;\">Tant de certitudes, d&rsquo;aveuglement et de cruaut\u00e9 nous laissent aujourd&rsquo;hui sans voix.<br \/>\n<\/span><\/p>\n<p><span style=\"color: #777777; font-family: Arial;\">Oui&nbsp;! l&rsquo;homme n&rsquo;a pas \u00e9t\u00e9 et n&rsquo;est toujours pas pour les animaux un dieu juste et mis\u00e9ricordieux<br \/>\n<\/span><\/p>\n<p><span style=\"color: maroon; font-family: Arial;\">&lt;1121&gt;<\/span><\/p>\n","protected":false},"excerpt":{"rendered":"<p>\u00ab&nbsp;Par rapport aux autres animaux, cela fait longtemps que les humains sont devenus des dieux. Nous n\u2019aimons pas y penser trop s\u00e9rieusement parce que nous n\u2019avons pas \u00e9t\u00e9 des dieux particuli\u00e8rement justes ou mis\u00e9ricordieux.&nbsp;\u00bb Yuval Noah Harari \u00ab&nbsp;Homo deus&nbsp;\u00bb page<\/p>\n","protected":false},"author":1,"featured_media":0,"comment_status":"open","ping_status":"closed","sticky":false,"template":"","format":"standard","meta":{"footnotes":""},"categories":[1],"tags":[43,54,48],"class_list":["post-5467","post","type-post","status-publish","format-standard","hentry","category-motdujour","tag-ecologie","tag-humanisme","tag-nature"],"_links":{"self":[{"href":"https:\/\/lemotdujour.fr\/index.php?rest_route=\/wp\/v2\/posts\/5467","targetHints":{"allow":["GET"]}}],"collection":[{"href":"https:\/\/lemotdujour.fr\/index.php?rest_route=\/wp\/v2\/posts"}],"about":[{"href":"https:\/\/lemotdujour.fr\/index.php?rest_route=\/wp\/v2\/types\/post"}],"author":[{"embeddable":true,"href":"https:\/\/lemotdujour.fr\/index.php?rest_route=\/wp\/v2\/users\/1"}],"replies":[{"embeddable":true,"href":"https:\/\/lemotdujour.fr\/index.php?rest_route=%2Fwp%2Fv2%2Fcomments&post=5467"}],"version-history":[{"count":4,"href":"https:\/\/lemotdujour.fr\/index.php?rest_route=\/wp\/v2\/posts\/5467\/revisions"}],"predecessor-version":[{"id":12359,"href":"https:\/\/lemotdujour.fr\/index.php?rest_route=\/wp\/v2\/posts\/5467\/revisions\/12359"}],"wp:attachment":[{"href":"https:\/\/lemotdujour.fr\/index.php?rest_route=%2Fwp%2Fv2%2Fmedia&parent=5467"}],"wp:term":[{"taxonomy":"category","embeddable":true,"href":"https:\/\/lemotdujour.fr\/index.php?rest_route=%2Fwp%2Fv2%2Fcategories&post=5467"},{"taxonomy":"post_tag","embeddable":true,"href":"https:\/\/lemotdujour.fr\/index.php?rest_route=%2Fwp%2Fv2%2Ftags&post=5467"}],"curies":[{"name":"wp","href":"https:\/\/api.w.org\/{rel}","templated":true}]}}