{"id":546,"date":"2013-12-27T01:00:00","date_gmt":"2013-12-26T22:00:00","guid":{"rendered":"http:\/\/lemotdujour.fr\/?p=546"},"modified":"2023-12-22T20:41:43","modified_gmt":"2023-12-22T19:41:43","slug":"vendredi-27122013","status":"publish","type":"post","link":"https:\/\/lemotdujour.fr\/?p=546","title":{"rendered":"Vendredi 27 d\u00e9cembre 2013"},"content":{"rendered":"<div class=\"mdjTexte\">\u00abLe cadeau de No\u00ebl. Histoire d&rsquo;une invention.\u00bb<\/div>\n<div class=\"mdjAuteur\">Martyne Perrot<\/div>\n<p><span style=\"color: #777777; font-family: Arial;\">Le mot du jour du 27 d\u00e9cembre parle naturellement du cadeau de No\u00ebl, gr\u00e2ce \u00e0 un ouvrage d&rsquo;une sociologue consacr\u00e9 \u00e0 ce sujet et dont le titre est le mot du jour.<br \/>\n<\/span><\/p>\n<p><span style=\"color: #777777; font-family: Arial;\">Comme toute tradition, No\u00ebl fait partie des \u00e9v\u00e9nements qui \u00ab vont de soi \u00bb : si l&rsquo;on f\u00eate No\u00ebl cette ann\u00e9e, c&rsquo;est parce que nous l&rsquo;avons f\u00eat\u00e9 l&rsquo;ann\u00e9e derni\u00e8re et parce qu&rsquo;il sera f\u00eat\u00e9 l&rsquo;an prochain.<br \/>\n<\/span><\/p>\n<p><a href=\"https:\/\/en.wikipedia.org\/wiki\/Theodore_Caplow\"><span style=\"font-family: Arial;\"><span style=\"color: #000080;\">Theodore Caplow<\/span><\/span><\/a><span style=\"color: #777777; font-family: Arial;\"> \u00e9crivait ainsi de la f\u00eate de No\u00ebl :<br \/>\n<\/span><\/p>\n<p style=\"margin-left: 28pt;\"><span style=\"color: #c00000; font-family: Arial;\">\u00ab Tout ethnographe qui d\u00e9couvrirait un rituel si important dans quelque culture exotique pourrait \u00eatre tent\u00e9 d&rsquo;en faire la pi\u00e8ce ma\u00eetresse de sa description de la culture. \u00bb.<br \/>\n<\/span><\/p>\n<p><img loading=\"lazy\" decoding=\"async\" class=\"alignleft\" src=\"https:\/\/lemotdujour.fr\/wp-content\/uploads\/2023\/12\/122223_1936_Lundixxfvri1.jpg\" alt=\"\" width=\"273\" height=\"432\" align=\"left\" \/><span style=\"color: #777777; font-family: Arial;\">Dans cet ouvrage, on d\u00e9couvre l&rsquo;\u00e9mergence progressive de la version moderne de la f\u00eate de No\u00ebl \u00e0 partir du XIXe si\u00e8cle.<br \/>\n<\/span><\/p>\n<p><span style=\"color: #777777; font-family: Arial;\"><strong>Martyne Perro<\/strong>t \u00e9crit\u00a0:<br \/>\n<\/span><\/p>\n<p style=\"margin-left: 28pt;\"><span style=\"color: #c00000; font-family: Arial;\">\u00ab\u00a0Le cadeau de No\u00ebl \u00ab s&rsquo;invente \u00bb au milieu du xixe si\u00e8cle. Il prend corps \u00e0 cette p\u00e9riode pr\u00e9cise o\u00f9 l&rsquo;industrie naissante laisse les enfants pauvres dans les rues et confine les plus riches dans des appartements cossus, truff\u00e9s d&rsquo;objets et boursoufl\u00e9s de tentures. R\u00e9cente, en apparence, cette histoire s&rsquo;enracine pourtant dans un r\u00e9cit tr\u00e8s ancien. Celui de la p\u00e9riode royale de la Rome antique. C&rsquo;est l\u00e0 que s&rsquo;origine le mot d&rsquo;\u00ab \u00e9trennes \u00bb, les strenae en latin, cette f\u00eate du Nouvel An, qui se d\u00e9roulait aux calendes de janvier, en lien avec la d\u00e9esse de la sant\u00e9 : Strenia. Au milieu du xixe si\u00e8cle, ce vieux terme d&rsquo;\u00ab \u00e9trennes \u00bb est omnipr\u00e9sent ; il cohabite avec celui de \u00ab cadeaux de No\u00ebl \u00bb, avant que la supr\u00e9matie de ces derniers ne s&rsquo;impose d\u00e8s la fin du si\u00e8cle. Mais leur histoire rec\u00e8le des \u00e9tonnements bien plus grands. Car ils ont, en leur tr\u00e9fonds, une particularit\u00e9 peu commune dans le monde des objets : ils tombent du ciel ! Et cette origine surnaturelle est d&rsquo;importance. Elle renvoie \u00e0 un monde l\u00e9gendaire, celui o\u00f9, dans ce qui est aussi la dangereuse p\u00e9riode du solstice LEVER DE RIDEAU 7 d&rsquo;hiver, les enfants \u00e9taient menac\u00e9s symboliquement, comme l&rsquo;attestent le folklore et les croyances populaires. Tapi dans la grande nuit occidentale, le danger \u00e9tait parfois incarn\u00e9 par les donateurs eux-m\u00eames, dont la longue cohorte prend naissance dans la mythologie europ\u00e9enne et l&rsquo;histoire de quelques saints chr\u00e9tiens. Puis vint l&rsquo;\u00e2ge du P\u00e8re No\u00ebl, le distributeur jovial, g\u00e9n\u00e9reux et inconditionnel que l&rsquo;on conna\u00eet aujourd&rsquo;hui, et dont la physionomie est demeur\u00e9e inchang\u00e9e depuis les ann\u00e9es 1950. Fait remarquable, la dimension magique et parfois inqui\u00e9tante de ces cadeaux n&rsquo;a pas d\u00e9courag\u00e9 \u00ab les nouvelles cath\u00e9drales du commerce \u00bb que sont les grands magasins. Bien au contraire. D\u00e8s leur cr\u00e9ation au milieu du xixe si\u00e8cle, en Angleterre, en Allemagne, en France et en Am\u00e9rique du Nord, ils en ont fait un argument de vente, accordant subtilement sentimentalisme et consommation. \u00bb<br \/>\n<\/span><\/p>\n<p><span style=\"color: #777777; font-family: Arial;\">L&rsquo;\u00e9diteur pr\u00e9sente l&rsquo;ouvrage ainsi\u00a0:<br \/>\n<\/span><\/p>\n<p style=\"margin-left: 28pt;\"><span style=\"color: #c00000; font-family: Arial;\">\u00ab\u00a0D\u00e8s la Rome antique, les hommes c\u00e9l\u00e9braient Strenia, d\u00e9esse de la sant\u00e9. Cette f\u00eate, accompagn\u00e9e de dons alimentaires, symbolisait l&rsquo;abondance au c\u0153ur de l&rsquo;hiver.<br \/>\n<\/span><\/p>\n<p style=\"margin-left: 28pt;\"><span style=\"color: #c00000; font-family: Arial;\">Voil\u00e0 d&rsquo;o\u00f9 viennent nos \u00e9trennes et l&rsquo;orange de nos grands-parents !<br \/>\n<\/span><\/p>\n<p style=\"margin-left: 28pt;\"><span style=\"color: #c00000; font-family: Arial;\">Au fil des si\u00e8cles, les cadeaux de No\u00ebl, r\u00e9compenses des enfants sages, se parent de magie : ne tombent-ils pas du ciel ? Vers le milieu du XIX e si\u00e8cle, ils \u00ab s&rsquo;inventent \u00bb dans leur forme actuelle. C&rsquo;est l&rsquo;av\u00e8nement des grands magasins, la naissance du p\u00e8re No\u00ebl et d&rsquo;une tradition devenue sacr\u00e9e : la f\u00eate familiale.\u00a0\u00bb<br \/>\n<\/span><\/p>\n<p><span style=\"color: #777777; font-family: Arial;\">D&rsquo;une part, la f\u00eate de No\u00ebl passe de l&rsquo;espace public \u00e0 l&rsquo;espace priv\u00e9 \u00e0 mesure que les pratiques bourgeoises gagnent en visibilit\u00e9 et deviennent une source d&rsquo;inspiration des pratiques sociales.<br \/>\n<\/span><\/p>\n<p><span style=\"color: #777777; font-family: Arial;\">Ce passage du public au priv\u00e9 fait de No\u00ebl une f\u00eate de famille centr\u00e9e de plus en plus sur l&rsquo;enfant compris comme un individu en soi, avec ses particularit\u00e9s de comportement (dont son imaginaire ludique).<br \/>\n<\/span><\/p>\n<p><span style=\"color: #777777; font-family: Arial;\">\u00c0 cette occasion, le cadeau de No\u00ebl prend au fil du temps la place des \u00ab <strong>\u00e9trennes<\/strong> \u00bb offertes anciennement aux subalternes pour le Nouvel An.<br \/>\n<\/span><\/p>\n<p><span style=\"color: #777777; font-family: Arial;\">Quant aux produits offerts, ils \u00e9voluent \u00e0 mesure que s&rsquo;inventent les grands magasins, h\u00e9rauts des pratiques bourgeoises.<br \/>\n<\/span><\/p>\n<p><span style=\"color: #777777; font-family: Arial;\">Leur touche finale fut de proposer l&#8217;emballage cadeau qui constitue de nos jours la norme pour la c\u00e9r\u00e9monie des cadeaux lors d&rsquo;une f\u00eate de No\u00ebl occidentale.<br \/>\n<\/span><\/p>\n<p><span style=\"color: #777777; font-family: Arial;\">Et <strong>Martyne Perrot<\/strong> cite les Mis\u00e9rables de Victor Hugo\u00a0:<br \/>\n<\/span><\/p>\n<p style=\"margin-left: 28pt;\"><span style=\"color: #c00000; font-family: Arial;\">\u00ab\u00a0D\u00e8s le d\u00e9but du mois de d\u00e9cembre, sur les boulevards parisiens comme dans les villages alentour, on voyait aussi fleurir des petits \u00e9tals, des baraques en plein vent, celles-l\u00e0 m\u00eames que le Jean Valjean de Victor Hugo d\u00e9couvre, \u00e0 son grand \u00e9tonnement, derri\u00e8re l&rsquo;\u00e9glise de Montfermeil, situ\u00e9 \u00e0 quinze kilom\u00e8tres \u00e0 l&rsquo;est de la capitale :<br \/>\n\u00ab Ils atteignirent le village ; Cosette guida l&rsquo;\u00e9tranger dans les rues. Ils pass\u00e8rent devant la boulangerie, mais Cosette ne songea pas au pain qu&rsquo;elle devait rapporter. [\u2026]<br \/>\nQuand ils eurent laiss\u00e9 l&rsquo;\u00e9glise derri\u00e8re eux, l&rsquo;homme, voyant toutes ces boutiques en plein vent, demanda \u00e0 Cosette :<br \/>\n\u2013 C&rsquo;est donc la foire ici ?<br \/>\n\u2013 Non, monsieur, c&rsquo;est No\u00ebl ! \u00bb<br \/>\nEn 1862, lorsque Hugo publie Les Mis\u00e9rables, les r\u00e9clames pour les \u00e9trennes sont monnaie courante. La plupart des almanachs et des journaux affichent les leurs en d\u00e9cembre. \u00c9crit vingt ans plus t\u00f4t (entre 1843 et 1847), le roman, \u00e0 travers cette sc\u00e8ne d&rsquo;anthologie, \u00e9voque pourtant d\u00e9j\u00e0 No\u00ebl. C&rsquo;est derri\u00e8re la vitrine d&rsquo;une de ces bimbeloteries, on s&rsquo;en souvient, que Cosette d\u00e9couvre, sur le chemin du retour, \u00ab la merveilleuse poup\u00e9e \u00e0 laquelle elle ne put s&#8217;emp\u00eacher de jeter un regard \u00bb.<br \/>\n<\/span><\/p>\n<p><span style=\"color: #777777; font-family: Arial;\">D&rsquo;autre part, dans ce mouvement de transformation, au croisement des \u00e9volutions de la bourgeoisie et du commerce, se configurent dans le m\u00eame temps les symboles du No\u00ebl occidental moderne.<br \/>\n<\/span><\/p>\n<p><img loading=\"lazy\" decoding=\"async\" class=\"alignright\" src=\"https:\/\/lemotdujour.fr\/wp-content\/uploads\/2023\/12\/122223_1936_Lundixxfvri2.jpg\" alt=\"\" width=\"324\" height=\"433\" align=\"left\" \/><span style=\"color: #777777; font-family: Arial;\">La pratique du sapin de No\u00ebl s&rsquo;\u00e9tend \u00e0 partir de la tradition allemande qui gagne en visibilit\u00e9 par les pratiques de cour, puis par leur usage croissant dans les vitrines invent\u00e9es par les grands magasins.<br \/>\n<\/span><\/p>\n<p><span style=\"color: #777777; font-family: Arial;\">Quant au P\u00e8re No\u00ebl, sa g\u00e9n\u00e9alogie est chaotique. En Europe, il appara\u00eet \u00e9pisodiquement au Moyen-\u00c2ge parmi d&rsquo;autres personnages colporteurs de cadeaux (comme les \u00ab saints et les personnages bibliques, les f\u00e9es et sorci\u00e8res, et les vieillards \u00bb).<br \/>\n<\/span><\/p>\n<p><span style=\"color: #777777; font-family: Arial;\">Son pendant le plus net est alors Saint-Nicolas, personnage ambigu pouvant aussi bien ressusciter les enfants qu&rsquo;\u00eatre le \u00ab Nicolas \u00e0 la fourrure \u00bb (Pelzenickel), autre nom du P\u00e8re Fouettard, qui utilise son sac pour capturer les enfants. La p\u00e9riode de la R\u00e9forme luth\u00e9rienne, en abolissant le culte des saints au XVIe constitue une date importante en d\u00e9pla\u00e7ant la f\u00eate des enfants du 6 d\u00e9cembre au 25 d\u00e9cembre, jour de la No\u00ebl o\u00f9 c&rsquo;est le <strong>Christkindl<\/strong> (l&rsquo;enfant Christ) qui devient le dispensateur des cadeaux.<br \/>\n<\/span><\/p>\n<p><span style=\"color: #777777; font-family: Arial;\">Diff\u00e9rentes traditions coexistent alors selon les traditions religieuses, catholiques ou protestantes, et selon les r\u00e9gions.<br \/>\n<\/span><\/p>\n<p><span style=\"color: #777777; font-family: Arial;\">Aux Etats-Unis, o\u00f9 No\u00ebl correspondait au calendrier anglican, la figure du Saint Nicolas prend une valeur r\u00e9volutionnaire.<br \/>\n<\/span><\/p>\n<p><span style=\"color: #777777; font-family: Arial;\">C&rsquo;est au d\u00e9but du XIXe si\u00e8cle que les personnages du Bonhomme No\u00ebl et du Saint Nicolas commencent \u00e0 converge, et parce que les Etats am\u00e9ricains officialisent la c\u00e9l\u00e9bration de la Saint Nicolas le jour de No\u00ebl \u00e0 partir de 1836.<br \/>\n<\/span><\/p>\n<p><span style=\"color: #777777; font-family: Arial;\">De ces influences \u00e9parses na\u00eet alors progressivement la figure du P\u00e8re No\u00ebl sous sa forme contemporaine qui se diffuse en Europe occidentale tout au long du XIXe et du XXe si\u00e8cle.<br \/>\n<\/span><\/p>\n<p><span style=\"color: #777777; font-family: Arial;\">Enfin, la c\u00e9l\u00e9bration du No\u00ebl occidental moderne s&rsquo;accompagne de tout un ensemble de r\u00e8gles sociales \u00e9mergeant progressivement.<br \/>\n<\/span><\/p>\n<p><span style=\"color: #777777; font-family: Arial;\">Comme la f\u00eate est d&rsquo;abord issue de la bourgeoisie et se fonde sur la privatisation de la c\u00e9l\u00e9bration, une des valeurs l&rsquo;accompagnant devient la charit\u00e9 faite aux pauvres (et aux inf\u00e9rieurs en g\u00e9n\u00e9ral).<br \/>\n<\/span><\/p>\n<p><span style=\"color: #777777; font-family: Arial;\">Les ouvrages destin\u00e9s \u00e0 la jeunesse bourgeoise utilisent la nuit de No\u00ebl comme un \u00e9v\u00e9nement o\u00f9 l&rsquo;enfant d\u00e9couvre les in\u00e9galit\u00e9s sociales, la compassion pour l&rsquo;inf\u00e9rieur, mais aussi la n\u00e9cessaire distance sociale (car jamais n&rsquo;est offert \u00e0 l&rsquo;enfant pauvre des cadeaux hors de port\u00e9e ou inutiles).<br \/>\n<\/span><\/p>\n<p><span style=\"color: #777777; font-family: Arial;\">Dans le m\u00eame temps, les cadeaux et la c\u00e9r\u00e9monie de leur remise, autrefois m\u00e9rit\u00e9s, deviennent progressivement un d\u00fb et m\u00eame un droit de l&rsquo;enfant.<br \/>\n<\/span><\/p>\n<p><span style=\"color: #777777; font-family: Arial;\">Se d\u00e9veloppent tout au long des deux si\u00e8cles les cadeaux typiques de la petite fille et du petit gar\u00e7on aussi bien dans les catalogues publicitaires que dans les pratiques.<br \/>\n<\/span><\/p>\n<p><span style=\"color: #777777; font-family: Arial;\">Quant aux adultes, ils ne sont pas en reste (avec notamment les cadeaux pour l&rsquo;\u00e9poux ou pour l&rsquo;\u00e9pouse), m\u00eame si les r\u00e8gles de don et de contre-don fonctionnent sur un registre diff\u00e9rent de celui des enfants (tandis que le cadeau aux enfants se fait sans contrepartie, la \u00ab <span style=\"color: #c00000;\">r\u00e8gle de r\u00e9ciprocit\u00e9 <span style=\"color: #777777;\">\u00bb observ\u00e9e par Caplow laisse penser que tout cadeau entre adultes doit se faire dans les deux sens pour correspondre aux attentes des deux parties).<br \/>\n<\/span><\/span><\/span><\/p>\n<p><span style=\"color: #777777; font-family: Arial;\">Et voici comment on peut intellectualiser autour du cadeau de no\u00ebl qui fascine les uns et exasp\u00e8re les autres.<br \/>\n<\/span><\/p>\n<p><span style=\"color: #777777; font-family: Arial;\">Je fais partie de la seconde cat\u00e9gorie.<br \/>\n<\/span><\/p>\n<p><span style=\"color: #777777; font-family: Arial;\">Ici l&rsquo;article de Slate duquel j&rsquo;ai extrait certains de ces commentaires\u00a0: <a href=\"http:\/\/www.slate.fr\/tribune\/80741\/jouets-noel\"><span style=\"color: blue; text-decoration: underline;\">http:\/\/www.slate.fr\/tribune\/80741\/jouets-noel<\/span><\/a><br \/>\n<\/span><\/p>\n<p><span style=\"color: #c00000; font-family: Arial;\">&lt;210&gt;<br \/>\n<\/span><\/p>\n","protected":false},"excerpt":{"rendered":"<p>\u00abLe cadeau de No\u00ebl. Histoire d&rsquo;une invention.\u00bb Martyne Perrot Le mot du jour du 27 d\u00e9cembre parle naturellement du cadeau de No\u00ebl, gr\u00e2ce \u00e0 un ouvrage d&rsquo;une sociologue consacr\u00e9 \u00e0 ce sujet et dont le titre est le mot du<\/p>\n","protected":false},"author":1,"featured_media":0,"comment_status":"closed","ping_status":"closed","sticky":false,"template":"","format":"standard","meta":{"footnotes":""},"categories":[1],"tags":[39,240,7],"class_list":["post-546","post","type-post","status-publish","format-standard","hentry","category-motdujour","tag-jeunesse","tag-noel","tag-societe"],"_links":{"self":[{"href":"https:\/\/lemotdujour.fr\/index.php?rest_route=\/wp\/v2\/posts\/546","targetHints":{"allow":["GET"]}}],"collection":[{"href":"https:\/\/lemotdujour.fr\/index.php?rest_route=\/wp\/v2\/posts"}],"about":[{"href":"https:\/\/lemotdujour.fr\/index.php?rest_route=\/wp\/v2\/types\/post"}],"author":[{"embeddable":true,"href":"https:\/\/lemotdujour.fr\/index.php?rest_route=\/wp\/v2\/users\/1"}],"replies":[{"embeddable":true,"href":"https:\/\/lemotdujour.fr\/index.php?rest_route=%2Fwp%2Fv2%2Fcomments&post=546"}],"version-history":[{"count":2,"href":"https:\/\/lemotdujour.fr\/index.php?rest_route=\/wp\/v2\/posts\/546\/revisions"}],"predecessor-version":[{"id":15222,"href":"https:\/\/lemotdujour.fr\/index.php?rest_route=\/wp\/v2\/posts\/546\/revisions\/15222"}],"wp:attachment":[{"href":"https:\/\/lemotdujour.fr\/index.php?rest_route=%2Fwp%2Fv2%2Fmedia&parent=546"}],"wp:term":[{"taxonomy":"category","embeddable":true,"href":"https:\/\/lemotdujour.fr\/index.php?rest_route=%2Fwp%2Fv2%2Fcategories&post=546"},{"taxonomy":"post_tag","embeddable":true,"href":"https:\/\/lemotdujour.fr\/index.php?rest_route=%2Fwp%2Fv2%2Ftags&post=546"}],"curies":[{"name":"wp","href":"https:\/\/api.w.org\/{rel}","templated":true}]}}