{"id":5455,"date":"2018-10-01T02:40:45","date_gmt":"2018-10-01T00:40:45","guid":{"rendered":"http:\/\/lemotdujour.fr\/?p=5455"},"modified":"2021-10-17T12:46:52","modified_gmt":"2021-10-17T10:46:52","slug":"lundi-1-octobre-2018","status":"publish","type":"post","link":"https:\/\/lemotdujour.fr\/?p=5455","title":{"rendered":"Lundi 1 octobre 2018"},"content":{"rendered":"<div class=\"mdjTexte\">\t\u00ab&nbsp;Tous les sc\u00e9narios esquiss\u00e9s dans ce livre doivent \u00eatre compris comme des possibilit\u00e9s et non comme des proph\u00e9ties.&nbsp;\u00bb<\/div>\n<div class=\"mdjAuteur\">\tYuval Noah Harari \u00ab&nbsp;Homo Deus&nbsp;\u00bb Page 425<\/div>\n<p><span style=\"color: #777777; font-family: Arial;\">Le Point a fait sa Une de son num\u00e9ro du 20 septembre 2018 avec ce titre&nbsp;:<br \/>\n<\/span><\/p>\n<p style=\"margin-left: 28pt;\"><span style=\"color: #c00000; font-family: Arial;\">\u00ab&nbsp;Yuval Noah Harari&nbsp;: Le penseur le plus important du monde.&nbsp;\u00bb<br \/>\n<\/span><\/p>\n<p><span style=\"color: #777777; font-family: Arial;\">Titre assez stupide, mais dans l&rsquo;air du temps. Il y a bien s\u00fbr la tentative d&rsquo;avoir une couverture accrocheuse susceptible de faire vendre, Mais c&rsquo;est aussi parce que, pour beaucoup, nous sommes dans le temps de la comp\u00e9tition dans lequel on cherche \u00e0 toujours d\u00e9terminer quel est le N\u00b01.<br \/>\n<\/span><\/p>\n<p><span style=\"color: #777777; font-family: Arial;\">Quel est le meilleur footballeur, le meilleur tennisman&nbsp;?<br \/>\n<\/span><\/p>\n<p><span style=\"color: #777777; font-family: Arial;\">Encore que dans ces domaines, il s&rsquo;agisse d&rsquo;activit\u00e9s humaines qui vivent en grande partie de la comp\u00e9tition.<br \/>\n<\/span><\/p>\n<p><span style=\"color: #777777; font-family: Arial;\">Mais se poser la question, quel est le meilleur \u00e9crivain, le plus grand penseur, le plus grand scientifique est, selon moi, un exercice vain et d\u00e9nu\u00e9 de pertinence.<br \/>\n<\/span><\/p>\n<p><span style=\"color: #777777; font-family: Arial;\">Notez qu&rsquo;il y en a qui ne sont pas d&rsquo;accord.<br \/>\n<\/span><\/p>\n<p><span style=\"color: #777777; font-family: Arial;\">Luc Ferry par exemple&nbsp;: <a href=\"http:\/\/www.lefigaro.fr\/vox\/culture\/2017\/10\/04\/31006-20171004ARTFIG00193-luc-ferry-harari-ou-l-avenir-pour-les-nuls.php\"><span style=\"color: #0000ff;\">&lt;Harari ou l&rsquo;avenir pour les nuls&gt;<\/span><\/a><span style=\"color: #0000ff;\">,<\/span> article publi\u00e9 dans le journal Le Figaro dans lequel, apr\u00e8s avoir accus\u00e9 Harari d&rsquo;avoir plagi\u00e9 Auguste Comte, de ne pas savoir distinguer le communisme et le socialisme, il finit par cette condamnation sans appel&nbsp;:<br \/>\n<\/span><\/p>\n<p style=\"margin-left: 28pt;\"><span style=\"color: #c00000; font-family: Arial;\">\u00ab&nbsp;La v\u00e9rit\u00e9 c&rsquo;est qu&rsquo;apr\u00e8s avoir adapt\u00e9 Auguste Comte au go\u00fbt du jour, c&rsquo;est Orwell qu&rsquo;Harari repeint aux couleurs de la Silicon Valley pour donner \u00e0 son livre le ton apocalyptique sans lequel il n&rsquo;est plus aujourd&rsquo;hui de succ\u00e8s. Il veut vulgariser, pourquoi pas, mais au prix de simplismes si extr\u00eames que tout l&rsquo;ensemble en devient franchement fallacieux.&nbsp;\u00bb<br \/>\n<\/span><\/p>\n<p><span style=\"color: #777777; font-family: Arial;\">Mais si vous \u00e9coutez une interview de Yuval Noah Harari et que vous la comparez avec une interview de Luc Ferry, ou d&rsquo;ailleurs de Michel Onfray ou de BHL vous \u00eates dans deux mondes diff\u00e9rents, le monde de l&rsquo;humilit\u00e9 d&rsquo;un c\u00f4t\u00e9, le monde de l&rsquo;arrogance de l&rsquo;autre.<br \/>\n<\/span><\/p>\n<p><span style=\"color: #777777; font-family: Arial;\">Ce n&rsquo;est pas que Luc Ferry, Michel Onfray, c&rsquo;est plus compliqu\u00e9 avec BHL ne disent pas des choses parfois tr\u00e8s int\u00e9ressantes, mais leur ton est toujours celui du sachant, de l&rsquo;autorit\u00e9 intellectuelle et morale du haut de leur pi\u00e9destal. Bref, ils sont incapables de la moindre modestie.<br \/>\n<\/span><\/p>\n<p><span style=\"color: #777777; font-family: Arial;\">Rien de tel chez Yuval Noah Harari qui dans son expression, ses formulations propose, \u00e9met des hypoth\u00e8ses, bref nous donne \u00e0 r\u00e9fl\u00e9chir.<br \/>\n<\/span><\/p>\n<p><span style=\"color: #777777; font-family: Arial;\">Gaspard Koenig dans l&rsquo;\u00e9mission <span style=\"color: #0000ff;\"><a style=\"color: #0000ff;\" href=\"https:\/\/www.franceculture.fr\/emissions\/du-grain-a-moudre\/du-grain-a-moudre-du-jeudi-27-septembre-2018\">du Grain \u00e0 moudre du 27\/09\/2018<\/a><\/span> a dit son admiration pour l&rsquo;\u00e9crivain isra\u00e9lien avec ces mots&nbsp;:<br \/>\n<\/span><\/p>\n<p style=\"margin-left: 28pt;\"><span style=\"color: #c00000; font-family: Arial;\">\u00ab&nbsp;Harari est un historien qui regarde vers l&rsquo;avenir&nbsp;\u00bb<br \/>\n<\/span><\/p>\n<p><span style=\"color: #777777; font-family: Arial;\">Ce qui est une mani\u00e8re de le d\u00e9finir qui me convient.<br \/>\n<\/span><\/p>\n<p><span style=\"color: #777777; font-family: Arial;\">Si le Point a fait sa couverture sur Harari, c&rsquo;est parce qu&rsquo;il vient de faire publier en France un troisi\u00e8me livre&nbsp;: \u00ab<a href=\"https:\/\/livre.fnac.com\/a12450694\/Yuval-Harari-21-Lecons-pour-le-XXIeme-siecle\"><span style=\"color: #0000ff;\">21 Le\u00e7ons pour le XXI\u00e8me si\u00e8cle&nbsp;<\/span><\/a>\u00bb.<br \/>\n<\/span><\/p>\n<p><span style=\"color: #777777; font-family: Arial;\">Il va un peu vite pour que je parvienne \u00e0 le suivre.<br \/>\n<\/span><\/p>\n<p><span style=\"color: #777777; font-family: Arial;\"><img loading=\"lazy\" decoding=\"async\" class=\"size-medium wp-image-5458 alignleft\" src=\"https:\/\/lemotdujour.fr\/wp-content\/uploads\/2018\/09\/Homo-Deus-300x300.jpg\" alt=\"\" width=\"300\" height=\"300\" srcset=\"https:\/\/lemotdujour.fr\/wp-content\/uploads\/2018\/09\/Homo-Deus-300x300.jpg 300w, https:\/\/lemotdujour.fr\/wp-content\/uploads\/2018\/09\/Homo-Deus-150x150.jpg 150w, https:\/\/lemotdujour.fr\/wp-content\/uploads\/2018\/09\/Homo-Deus-230x230.jpg 230w, https:\/\/lemotdujour.fr\/wp-content\/uploads\/2018\/09\/Homo-Deus.jpg 340w\" sizes=\"auto, (max-width: 300px) 100vw, 300px\" \/>Pour ma part je n&rsquo;en suis qu&rsquo;\u00e0 son deuxi\u00e8me \u00ab&nbsp;<strong>Homo Deus<\/strong>&nbsp;\u00bb que j&rsquo;ai lu pendant les vacances d&rsquo;\u00e9t\u00e9 et que je vais essayer de pr\u00e9senter au cours d&rsquo;une s\u00e9rie de mots du jour.<br \/>\n<\/span><\/p>\n<p><span style=\"color: #777777; font-family: Arial;\">Vous savez que si pour un roman il peut appara\u00eetre pertinent de commencer par le d\u00e9but et d&rsquo;arriver \u00e0 la derni\u00e8re page en ayant lu toutes celles interm\u00e9diaires, ce n&rsquo;est pas du tout la bonne m\u00e9thode pour un essai comme \u00ab&nbsp;Homo Deus&nbsp;\u00bb&nbsp;: On commence par la table des mati\u00e8res puis on lit la conclusion et le d\u00e9but dans l&rsquo;ordre qu&rsquo;on souhaite et on picore un peu au milieu.<br \/>\n<\/span><\/p>\n<p><span style=\"color: #777777; font-family: Arial;\">Si cet examen est concluant et vous permet d\u00e8s l&rsquo;entame d&rsquo;avoir une vision d&rsquo;ensemble du propos, vous pouvez commencer \u00e0 lire l&rsquo;ouvrage de mani\u00e8re plus m\u00e9thodique, en abordant les chapitres dans leur entier et si cela vous semble pertinent dans l&rsquo;ordre dans lequel l&rsquo;auteur les a publi\u00e9s ou dans un autre ordre si votre compr\u00e9hension du sujet vous dicte cette m\u00e9thode.<br \/>\n<\/span><\/p>\n<p><span style=\"color: #777777; font-family: Arial;\">Pour ce premier mot sur \u00ab&nbsp;Homo deus&nbsp;\u00bb je vous propose de commencer par la conclusion ou au moins le d\u00e9but de la conclusion qui valide cette vision d&rsquo;humilit\u00e9 que je d\u00e9crivais pr\u00e9c\u00e9demment.<br \/>\n<\/span><\/p>\n<p><span style=\"color: #777777; font-family: Arial;\">D&rsquo;abord Yuval Noah Harari explique qu&rsquo;il ne sait pas de quoi l&rsquo;avenir sera fait.<br \/>\n<\/span><\/p>\n<p style=\"margin-left: 28pt;\"><span style=\"color: #c00000; font-family: Arial;\">\u00ab&nbsp;Nous ne saurions pr\u00e9dire l&rsquo;avenir parce que la technologie n&rsquo;est pas d\u00e9terministe. La m\u00eame technologie pourrait cr\u00e9er des soci\u00e9t\u00e9s de nature tr\u00e8s diff\u00e9rente Par exemple, la technologie de la r\u00e9volution industrielle \u2013 Train, \u00e9lectricit\u00e9, radio et t\u00e9l\u00e9phone &#8211; a pu servir \u00e0 mettre en place des dictatures communistes, des r\u00e9gimes fascistes et des d\u00e9mocraties lib\u00e9rales.&nbsp;\u00bb<br \/>\n<\/span><\/p>\n<p><span style=\"color: #777777; font-family: Arial;\">Et j&rsquo;ajouterai, m\u00eame des social- d\u00e9mocraties qui sont des d\u00e9mocraties lib\u00e9rales avec un suppl\u00e9ment d&rsquo;\u00e2me parce qu&rsquo;ils ajoutent \u00e0 la libert\u00e9 et aux droits individuels, la solidarit\u00e9.<br \/>\n<\/span><\/p>\n<p><span style=\"color: #777777; font-family: Arial;\">Et il ajoute&nbsp;:<br \/>\n<\/span><\/p>\n<p style=\"margin-left: 28pt;\"><span style=\"color: #c00000; font-family: Arial;\">\u00ab&nbsp;L&rsquo;essor de l&rsquo;intelligence artificielle et des biotechnologies transformera certainement le monde, mais il n&rsquo;impose pas un seul r\u00e9sultat d\u00e9terministe. Tous les sc\u00e9narios esquiss\u00e9s dans ce livre doivent \u00eatre compris comme des possibilit\u00e9s et non comme des proph\u00e9ties.&nbsp;\u00bb<br \/>\n<\/span><\/p>\n<p><span style=\"color: #777777; font-family: Arial;\">Harari refuse \u00e0 juste titre le r\u00f4le de proph\u00e8te mais en accumulant les connaissances sur les progr\u00e8s des technologies, les pistes de recherche dans les laboratoires et les lieux des plus remarquables ing\u00e9nieurs et scientifiques, il tente de comprendre ce que l&rsquo;alchimie de l&rsquo;ensemble de ses technologies peut produire sur l&rsquo;homme, la soci\u00e9t\u00e9, la terre et o\u00f9 elle peut nous mener.<br \/>\n<\/span><\/p>\n<p><span style=\"color: #777777; font-family: Arial;\">Je vais partager un petit exemple qui n&rsquo;est pas dans son livre mais est issue d&rsquo;une chronique de Pierre Haski \u00ab&nbsp;<a href=\"https:\/\/www.franceinter.fr\/emissions\/geopolitique\/geopolitique-30-aout-2018\"><span style=\"color: #0000ff;\">G\u00e9opolitique 30\/08\/2018&nbsp;<\/span><\/a>\u00bb<br \/>\n<\/span><\/p>\n<p><span style=\"color: #777777; font-family: Arial;\">1\u00b0 Vous connaissez tous la technologie des drones. Ces petits engins volants qui permettent de faire de magnifique vid\u00e9o de lieux splendides ou d&rsquo;<span style=\"color: #0000ff;\"><a style=\"color: #0000ff;\" href=\"https:\/\/www.youtube.com\/watch?time_continue=28&amp;v=53q2WOeUW9U\">une ville comme Lyon<\/a><\/span>. Ils permettent aussi d&rsquo;espionner des centrales nucl\u00e9aires ou d&rsquo;autres lieux qui pour divers raisons ont vocation \u00e0 rester secret. Mais vous savez aussi qu&rsquo;Amazon a le projet de faire transporter des colis par drone.<br \/>\n<\/span><\/p>\n<p><span style=\"color: #777777; font-family: Arial;\">2\u00b0 Vous avez entendu parler de la technologie de la reconnaissance faciale. <span style=\"color: #0000ff;\"><a style=\"color: #0000ff;\" href=\"https:\/\/www.lesechos.fr\/05\/06\/2018\/lesechos.fr\/0301699188463_comment-la-reconnaissance-faciale-s-immisce-dans-la-vie-des-chinois.htm\">Les chinois exp\u00e9rimentent cela \u00e0 tr\u00e8s grande \u00e9chelle<\/a><\/span>. Le taux de r\u00e9ussite s&rsquo;am\u00e9liore d&rsquo;ann\u00e9e en ann\u00e9e, je veux dire le fait que le syst\u00e8me de reconnaissance sait associer une image que capte une cam\u00e9ra et l&rsquo;identit\u00e9 de la personne qui a \u00e9t\u00e9 film\u00e9e.<br \/>\n<\/span><\/p>\n<p><span style=\"color: #777777; font-family: Arial;\">3\u00b0 Toutes les arm\u00e9es du monde et particuli\u00e8rement celles des Etats-Unis, de la Chine et de la Russie travaillent \u00e0 miniaturiser des armes l\u00e9tales. (arme l\u00e9tale est peut-\u00eatre un pl\u00e9onasme)<br \/>\n<\/span><\/p>\n<p><span style=\"color: #777777; font-family: Arial;\">Que se passe-t-il si vous combinez ces trois technologies&nbsp;?<br \/>\n<\/span><\/p>\n<p><span style=\"color: #777777; font-family: Arial;\">Je donne la parole \u00e0 Pierre Haski&nbsp;:<br \/>\n<\/span><\/p>\n<p style=\"margin-left: 28pt;\"><span style=\"color: #c00000; font-family: Arial;\">\u00ab&nbsp;Imaginez un minidrone qui tiendrait dans la paume de votre main, \u00e9quip\u00e9 d&rsquo;un syst\u00e8me de reconnaissance faciale et d&rsquo;une charge explosive suffisante pour faire exploser un cr\u00e2ne. Vous le l\u00e2chez dans la nature avec un visage programm\u00e9 comme cible, il le cherchera dans une foule et l&rsquo;\u00e9liminera, sans intervention humaine.<br \/>\n<\/span><\/p>\n<p style=\"margin-left: 28pt;\"><span style=\"color: #c00000; font-family: Arial;\">Imaginez maintenant des centaines ou des milliers de tels minidrones lanc\u00e9s sur une ville, sur un rassemblement, ou sur une base militaire, coordonnant tout seuls leur approche et se partageant les cibles \u00e0 \u00e9liminer.<br \/>\n<\/span><\/p>\n<p style=\"margin-left: 28pt;\"><span style=\"color: #c00000; font-family: Arial;\">Nous ne sommes pas dans la science-fiction, dans un remake de Terminator version 2018, mais dans la r\u00e9alit\u00e9 de la guerre de demain. De tels engins, et bien d&rsquo;autres encore tout aussi terrifiants, baptis\u00e9s \u00ab&nbsp;Robots tueurs&nbsp;\u00bb, sont \u00e0 l&rsquo;\u00e9tude dans les labos de recherche d&rsquo;une poign\u00e9e de pays dot\u00e9s des moyens scientifiques et financiers, et de la volont\u00e9 politique de les d\u00e9velopper.<br \/>\n<\/span><\/p>\n<p style=\"margin-left: 28pt;\"><span style=\"color: #c00000; font-family: Arial;\">Bienvenue au nouveau si\u00e8cle de la guerre, celui de l&rsquo;intelligence artificielle, une technologie dont Vladimir Poutine disait l&rsquo;an dernier que le pays qui la ma\u00eetriserait contr\u00f4lerait le monde.&nbsp;\u00bb<br \/>\n<\/span><\/p>\n<p><span style=\"color: #777777; font-family: Arial;\">C&rsquo;est un sujet tr\u00e8s s\u00e9rieux puisque l&rsquo;ONU a r\u00e9uni fin ao\u00fbt une conf\u00e9rence \u00e0 Gen\u00e8ve en vue d&rsquo;interdire ou au moins de r\u00e9glementer de tels robots tueurs.<br \/>\n<\/span><\/p>\n<p><span style=\"color: #777777; font-family: Arial;\">Les esprits r\u00e9solument optimistes diront&nbsp;: \u00ab&nbsp;Chic on va pouvoir \u00e9liminer de mani\u00e8re simple et avec quasi aucun dommage collat\u00e9ral Bachar el-Assad, le boucher de Syrie.<br \/>\n<\/span><\/p>\n<p><span style=\"color: #777777; font-family: Arial;\">Vous croyez&nbsp;?<br \/>\n<\/span><\/p>\n<p><span style=\"color: #777777; font-family: Arial;\">Ne pensez-vous pas que c&rsquo;est plut\u00f4t Bachar el-Assad qui s&rsquo;en servirait pour tuer, sans coup f\u00e9rir, les principaux responsables de son opposition&nbsp;?<br \/>\n<\/span><\/p>\n<p><span style=\"color: #777777; font-family: Arial;\">Ou le pr\u00e9sident chinois qui va \u00e9liminer les dissidents les plus virulents.<br \/>\n<\/span><\/p>\n<p><span style=\"color: #777777; font-family: Arial;\">Ou encore Donald Trump qui utilisera ce moyen pour se d\u00e9barrasser du lanceur d&rsquo;alerte, Edward Snowden&nbsp;?<br \/>\n<\/span><\/p>\n<p><span style=\"color: #777777; font-family: Arial;\">Harari dans sa conclusion nous invite \u00e0 comprendre et \u00e0 combattre les \u00e9volutions que nous n&rsquo;aimons pas&nbsp;:<br \/>\n<\/span><\/p>\n<p style=\"margin-left: 28pt;\"><span style=\"color: #c00000; font-family: Arial;\">\u00ab&nbsp;Certaines de ces possibilit\u00e9s ne vous plaisent pas&nbsp;? Libre \u00e0 vous de penser et de vous conduire de fa\u00e7on \u00e0 ce qu&rsquo;elles ne se mat\u00e9rialisent pas.<br \/>\n<\/span><\/p>\n<p><span style=\"color: #777777; font-family: Arial;\">Il nous met en garde cependant de notre difficult\u00e9 \u00e0 penser \u00e0 ce monde nouveau et les perspectives qu&rsquo;il ouvre tant il est vrai que nous sommes limit\u00e9s par nos modes pens\u00e9es anciens&nbsp;:<br \/>\n<\/span><\/p>\n<p style=\"margin-left: 28pt;\"><span style=\"color: #c00000; font-family: Arial;\">\u00ab&nbsp;Toutefois, il n&rsquo;est pas facile de trouver de nouvelles fa\u00e7ons de penser et de se conduire, parce que nos pens\u00e9es et actes sont habituellement contraints par les id\u00e9ologies et syst\u00e8mes sociaux de notre \u00e9poque. Ce livre retrace les origines de notre conditionnement actuel afin d&rsquo;en desserrer l&#8217;emprise, de nous permettre d&rsquo;agir autrement et d&rsquo;envisager notre avenir de mani\u00e8re bien plus imaginative. Loin de de r\u00e9tr\u00e9cir nos horizons en pr\u00e9voyant un seul et unique sc\u00e9nario d\u00e9finitif, il vise \u00e0 les \u00e9largir et \u00e0 nous faire prendre conscience que nous avons un spectre d&rsquo;options bien plus large.&nbsp;\u00bb<br \/>\n<\/span><\/p>\n<p><span style=\"color: #777777; font-family: Arial;\">C&rsquo;est aussi la force de la r\u00e9flexion de Harari de nous r\u00e9v\u00e9ler nos conditionnements et ainsi d&rsquo;\u00e9largir nos capacit\u00e9s de r\u00e9flexion et de compr\u00e9hension.<br \/>\n<\/span><\/p>\n<p><span style=\"color: #777777; font-family: Arial;\">Et il finit par ce nouvel assaut d&rsquo;humilit\u00e9 en phase avec toute sa d\u00e9marche&nbsp;:<br \/>\n<\/span><\/p>\n<p style=\"margin-left: 28pt;\"><span style=\"color: #c00000; font-family: Arial;\">\u00ab&nbsp;Comme je l&rsquo;ai maintes fois soulign\u00e9, personne ne sait vraiment \u00e0 quoi ressemblera le march\u00e9 du travail, la famille ou l&rsquo;\u00e9cologie en 2050, ni quels religions, syst\u00e8mes \u00e9conomiques et structures politiques domineront le monde&nbsp;\u00bb<br \/>\n<\/span><\/p>\n<p><span style=\"color: #777777; font-family: Arial;\">Dire qu&rsquo; \u00ab&nbsp;Homo deus&nbsp;\u00bb est un ouvrage aussi fabuleux qu&rsquo;\u00ab Sapiens&nbsp;\u00bb est probablement excessif.<br \/>\n<\/span><\/p>\n<p><span style=\"color: #777777; font-family: Arial;\">C&rsquo;est aussi plus compliqu\u00e9 de parler de l&rsquo;avenir que de ce qui a \u00e9t\u00e9. Il approfondit d&rsquo;ailleurs certaines des r\u00e9flexions qu&rsquo;il avait d\u00e9velopp\u00e9es dans son premier livre et il en rappelle d&rsquo;autres. Mais \u00ab Sapiens&nbsp;\u00bb pr\u00e9sentait une telle quantit\u00e9 d&rsquo;informations, de remise en question de mythes fondateurs que nous acceptons comme des v\u00e9rit\u00e9s, de mise en perspective du comportement et de l&rsquo;\u00e9volution de notre esp\u00e8ce, qu&rsquo;il \u00e9tait probablement tr\u00e8s difficile de rester \u00e0 ce niveau.<br \/>\n<\/span><\/p>\n<p><span style=\"color: #777777; font-family: Arial;\">Dans un entretien \u00e0 l&rsquo;OBS publi\u00e9 le 29 septembre 2018, Harari r\u00e9v\u00e8le ses craintes et sa d\u00e9marche, bien loin des ambitions de magist\u00e8re ch\u00e8res \u00e0&nbsp; Luc Ferry et consorts :<br \/>\n<\/span><\/p>\n<p style=\"margin-left: 28pt;\"><span style=\"color: #c00000; font-family: Arial;\">\u00ab Ma crainte, c&rsquo;est que l&rsquo;on commence \u00e0 me voir comme une sorte de gourou. Il est bon d&rsquo;appr\u00e9cier le savoir et de respecter l&rsquo;opinion des intellectuels, mais il est dangereux d&rsquo;en faire des idoles. Celui qui est plac\u00e9 sur un pi\u00e9destal court le risque de se croire tout-puissant, de d\u00e9velopper un ego surdimensionn\u00e9 et de devenir fou.<br \/>\n<\/span><\/p>\n<p style=\"margin-left: 28pt;\"><span style=\"color: #c00000; font-family: Arial;\">Quant aux fans qui croient avoir trouv\u00e9 un individu qui a r\u00e9ponse \u00e0 tout, ils renoncent \u00e0 leur libert\u00e9 et arr\u00eatent de r\u00e9fl\u00e9chir par eux-m\u00eames. Ils attendent que le gourou leur fournisse toutes les r\u00e9ponses, toutes les solutions, aussi mauvaises soient-elles. Je souhaite que mes lecteurs trouvent dans mes livres des questions plut\u00f4t que des r\u00e9ponses, qu&rsquo;ils voient en moi un compagnon de voyage sur le chemin de la v\u00e9rit\u00e9 plut\u00f4t qu&rsquo;un devin omniscient. \u00bb<br \/>\n<\/span><\/p>\n<p><span style=\"color: #777777; font-family: Arial;\">Je souhaite que mes lecteurs trouvent dans mes livres <strong>des questions plut\u00f4t que des r\u00e9ponses<\/strong>.<br \/>\n<\/span><\/p>\n<p><span style=\"color: #777777; font-family: Arial;\">J&rsquo;avais achev\u00e9 la s\u00e9rie sur \u00ab Sapiens \u00bb par cette injonction kantienne concernant la philosophie des lumi\u00e8res :<br \/>\n<\/span><\/p>\n<p><span style=\"color: #777777; font-family: Arial;\"> \u00ab <a href=\"https:\/\/lemotdujour.fr\/?p=1358\"><span style=\"color: #0000ff;\">Sapere aude ! Habe Mut dich deines eigenen Verstandes zu bedienen<\/span><\/a><strong><span style=\"color: #0000ff;\"> !<\/span>\u00bb<\/strong><br \/>\n\u00ab <strong>Ose savoir ! Aie le courage de te servir de ton propre entendement !<\/strong>\u00bb<\/span><\/p>\n<p><span style=\"color: #777777; font-family: Arial;\">Mais pour reprendre le jugement excessif et stupide du Point, Yuval Noah Harari est un penseur essentiel qu&rsquo;il faut lire pour apprendre beaucoup de connaissances et plus encore pour se poser les questions que sa d\u00e9marche, ses hypoth\u00e8ses et son cheminement intellectuel suscitent en nous.<br \/>\n<\/span><\/p>\n<p><span style=\"color: #777777; font-family: Arial;\">Et c&rsquo;est donc \u00e0 ce cheminement, \u00e0 ce questionnement que je vais vous inviter dans les prochains jours.<br \/>\n<\/span><\/p>\n<p><span style=\"color: #777777; font-family: Arial;\"><span style=\"color: #800000;\">&lt;1120&gt;<\/span><br \/>\n<\/span><\/p>\n","protected":false},"excerpt":{"rendered":"<p>\u00ab&nbsp;Tous les sc\u00e9narios esquiss\u00e9s dans ce livre doivent \u00eatre compris comme des possibilit\u00e9s et non comme des proph\u00e9ties.&nbsp;\u00bb Yuval Noah Harari \u00ab&nbsp;Homo Deus&nbsp;\u00bb Page 425 Le Point a fait sa Une de son num\u00e9ro du 20 septembre 2018 avec ce<\/p>\n","protected":false},"author":1,"featured_media":0,"comment_status":"open","ping_status":"closed","sticky":false,"template":"","format":"standard","meta":{"footnotes":""},"categories":[1],"tags":[49,54,6],"class_list":["post-5455","post","type-post","status-publish","format-standard","hentry","category-motdujour","tag-futur","tag-humanisme","tag-philosophie"],"_links":{"self":[{"href":"https:\/\/lemotdujour.fr\/index.php?rest_route=\/wp\/v2\/posts\/5455","targetHints":{"allow":["GET"]}}],"collection":[{"href":"https:\/\/lemotdujour.fr\/index.php?rest_route=\/wp\/v2\/posts"}],"about":[{"href":"https:\/\/lemotdujour.fr\/index.php?rest_route=\/wp\/v2\/types\/post"}],"author":[{"embeddable":true,"href":"https:\/\/lemotdujour.fr\/index.php?rest_route=\/wp\/v2\/users\/1"}],"replies":[{"embeddable":true,"href":"https:\/\/lemotdujour.fr\/index.php?rest_route=%2Fwp%2Fv2%2Fcomments&post=5455"}],"version-history":[{"count":7,"href":"https:\/\/lemotdujour.fr\/index.php?rest_route=\/wp\/v2\/posts\/5455\/revisions"}],"predecessor-version":[{"id":12360,"href":"https:\/\/lemotdujour.fr\/index.php?rest_route=\/wp\/v2\/posts\/5455\/revisions\/12360"}],"wp:attachment":[{"href":"https:\/\/lemotdujour.fr\/index.php?rest_route=%2Fwp%2Fv2%2Fmedia&parent=5455"}],"wp:term":[{"taxonomy":"category","embeddable":true,"href":"https:\/\/lemotdujour.fr\/index.php?rest_route=%2Fwp%2Fv2%2Fcategories&post=5455"},{"taxonomy":"post_tag","embeddable":true,"href":"https:\/\/lemotdujour.fr\/index.php?rest_route=%2Fwp%2Fv2%2Ftags&post=5455"}],"curies":[{"name":"wp","href":"https:\/\/api.w.org\/{rel}","templated":true}]}}