{"id":544,"date":"2013-12-20T01:00:00","date_gmt":"2013-12-19T22:00:00","guid":{"rendered":"http:\/\/lemotdujour.fr\/?p=544"},"modified":"2020-08-17T13:26:00","modified_gmt":"2020-08-17T11:26:00","slug":"vendredi-20122013","status":"publish","type":"post","link":"https:\/\/lemotdujour.fr\/?p=544","title":{"rendered":"Vendredi 20 d\u00e9cembre 2013"},"content":{"rendered":"<div class=\"mdjComplements\">A propos des auditeurs de radio :<\/div>\n<div class=\"mdjTexte\">\u00ab\u00a0Faire d\u00e9couvrir quelque chose qu&rsquo;ils ne savaient pas vouloir\u00a0\u00bb<\/div>\n<div class=\"mdjAuteur\">Jean-Luc Hees, Pr\u00e9sident de Radio France<\/div>\n<p><span style=\"color: #777777; font-family: Arial;\">Ces propos ont \u00e9t\u00e9 tenus par Jean-Luc Hees lors des c\u00e9r\u00e9monies des 50 ans de radio France.<br \/>\n<\/span><\/p>\n<p><span style=\"color: #777777; font-family: Arial;\">Vous trouverez cette r\u00e9ponse sur une vid\u00e9o en bas de la page d&rsquo;agora vox que je vous envoie. <\/span><span style=\"color: #777777; font-family: Arial;\">Sur cette page vous lirez aussi, avec perplexit\u00e9 (?), ce propos de notre pr\u00e9sident :<br \/>\n<\/span><\/p>\n<p style=\"margin-left: 28pt;\"><span style=\"color: #c00000; font-family: Arial;\">\u00ab\u00a0Je pr\u00e9f\u00e8re ne pas trancher\u00a0\u00bb<br \/>\n<\/span><\/p>\n<p><span style=\"color: #777777; font-family: Arial;\">Cela aurait pu \u00eatre un mot du jour, mais la phrase aurait \u00e9t\u00e9 sortie de son contexte. Dans le fond elle est probablement juste, mais dans la forme, le proc\u00e9d\u00e9 eut \u00e9t\u00e9 malhonn\u00eate. Je ne souhaite pas que le mot du jour soit malhonn\u00eate.<br \/>\n<\/span><\/p>\n<p><span style=\"color: #777777; font-family: Arial;\">Mais revenons au mot du jour<br \/>\n<\/span><\/p>\n<p><span style=\"color: #777777; font-family: Arial;\">\u00ab\u00a0 <span style=\"color: #c00000;\">faire d\u00e9couvrir quelque chose qu&rsquo;ils ne savaient pas vouloir<span style=\"color: #777777;\">\u00a0\u00bb, voil\u00e0 la mission du service public. C&rsquo;est une politique de l&rsquo;offre pour \u00e9lever l&rsquo;esprit.<br \/>\n<\/span><\/span><\/span><\/p>\n<p><span style=\"color: #777777; font-family: Arial;\">Et non une politique de la demande pour consommer, pour laisser du temps de cerveau disponible pour accueillir la publicit\u00e9 de coca cola et toutes ces autres \u00e9missions de l&rsquo;apparence, du superficiel, de la vacuit\u00e9&#8230;<br \/>\n<\/span><\/p>\n<p><span style=\"color: #777777; font-family: Arial;\"><strong>D\u00e9couvrir quelque chose que je ne savais pas vouloir<\/strong>, voil\u00e0 un beau d\u00e9fi.<br \/>\n<\/span><\/p>\n<p><span style=\"color: #777777; font-family: Arial;\">Le lien promis : <a href=\"http:\/\/www.agoravox.fr\/actualites\/medias\/article\/francois-hollande-aux-50-ans-de-la-145279%23forum3900165\"><span style=\"color: blue; text-decoration: underline;\"><span style=\"color: #0000ff; text-decoration: underline;\">http:\/\/www.agoravox.fr\/actualites\/medias\/article\/francois-hollande-aux-50-ans-de-la-145279#forum3900165<\/span><\/span><\/a><br \/>\n<\/span><\/p>\n<p><span style=\"color: #c0504d; font-family: Arial; text-decoration: underline;\"><em>Ajout\u00a0:<\/em><span style=\"color: #777777;\"><br \/>\n<\/span><\/span><\/p>\n<p><span style=\"color: #777777; font-family: Arial;\">Ce lien ne fonctionne plus. Agora Vox a publi\u00e9 une autre page consacr\u00e9e \u00e0 cet \u00e9v\u00e8nement <a href=\"https:\/\/www.agoravox.fr\/actualites\/medias\/article\/francois-hollande-aux-50-ans-de-la-145279\"><span style=\"color: #0000ff;\">&lt;ICI&gt;<\/span><\/a>. Malheureusement, cette page ne fait plus mention \u00e0 la phrase de Jean-Luc Hees.<br \/>\n<\/span><\/p>\n<p><span style=\"color: #800000; font-family: Arial;\">&lt;209&gt;<\/span><\/p>\n","protected":false},"excerpt":{"rendered":"<p>A propos des auditeurs de radio : \u00ab\u00a0Faire d\u00e9couvrir quelque chose qu&rsquo;ils ne savaient pas vouloir\u00a0\u00bb Jean-Luc Hees, Pr\u00e9sident de Radio France Ces propos ont \u00e9t\u00e9 tenus par Jean-Luc Hees lors des c\u00e9r\u00e9monies des 50 ans de radio France. Vous<\/p>\n","protected":false},"author":1,"featured_media":0,"comment_status":"closed","ping_status":"closed","sticky":false,"template":"","format":"standard","meta":{"footnotes":""},"categories":[1],"tags":[107,15,55],"class_list":["post-544","post","type-post","status-publish","format-standard","hentry","category-motdujour","tag-culture","tag-france","tag-idees"],"_links":{"self":[{"href":"https:\/\/lemotdujour.fr\/index.php?rest_route=\/wp\/v2\/posts\/544","targetHints":{"allow":["GET"]}}],"collection":[{"href":"https:\/\/lemotdujour.fr\/index.php?rest_route=\/wp\/v2\/posts"}],"about":[{"href":"https:\/\/lemotdujour.fr\/index.php?rest_route=\/wp\/v2\/types\/post"}],"author":[{"embeddable":true,"href":"https:\/\/lemotdujour.fr\/index.php?rest_route=\/wp\/v2\/users\/1"}],"replies":[{"embeddable":true,"href":"https:\/\/lemotdujour.fr\/index.php?rest_route=%2Fwp%2Fv2%2Fcomments&post=544"}],"version-history":[{"count":2,"href":"https:\/\/lemotdujour.fr\/index.php?rest_route=\/wp\/v2\/posts\/544\/revisions"}],"predecessor-version":[{"id":9459,"href":"https:\/\/lemotdujour.fr\/index.php?rest_route=\/wp\/v2\/posts\/544\/revisions\/9459"}],"wp:attachment":[{"href":"https:\/\/lemotdujour.fr\/index.php?rest_route=%2Fwp%2Fv2%2Fmedia&parent=544"}],"wp:term":[{"taxonomy":"category","embeddable":true,"href":"https:\/\/lemotdujour.fr\/index.php?rest_route=%2Fwp%2Fv2%2Fcategories&post=544"},{"taxonomy":"post_tag","embeddable":true,"href":"https:\/\/lemotdujour.fr\/index.php?rest_route=%2Fwp%2Fv2%2Ftags&post=544"}],"curies":[{"name":"wp","href":"https:\/\/api.w.org\/{rel}","templated":true}]}}