{"id":5428,"date":"2018-09-27T01:38:21","date_gmt":"2018-09-26T23:38:21","guid":{"rendered":"http:\/\/lemotdujour.fr\/?p=5428"},"modified":"2021-10-17T12:48:19","modified_gmt":"2021-10-17T10:48:19","slug":"jeudi-27-septembre-2018","status":"publish","type":"post","link":"https:\/\/lemotdujour.fr\/?p=5428","title":{"rendered":"Jeudi 27 septembre 2018"},"content":{"rendered":"<div class=\"mdjTexte\">\t\u00ab&nbsp;Je fus dup\u00e9e par mon \u00e9poque&nbsp;\u00bb<\/div>\n<div class=\"mdjAuteur\">\tMarceline Loridan<\/div>\n<p><span style=\"color: #777777; font-family: Arial;\">J&rsquo;avais \u00e9voqu\u00e9, lors du mot du jour de mardi, Marceline Loridan appel\u00e9e parfois aussi <a href=\"https:\/\/www.franceinter.fr\/culture\/disparition-de-marceline-loridan-ivens-les-hommages-et-les-reactions\"><span style=\"color: #0000ff;\">Marceline Loridan-Ivens<\/span><\/a><span style=\"color: #0000ff;\">,<\/span> en raison du nom de son \u00e9poux Joris Ivens.<br \/>\n<\/span><\/p>\n<p><span style=\"color: #777777; font-family: Arial;\">Camarade de d\u00e9portation de Simone Veil, cin\u00e9aste, ce fut une femme tout \u00e0 fait remarquable comme le disent toutes les personnes qui interviennent sur la page vers laquelle je renvoie et de nombreuses autres personnes.<br \/>\n<\/span><\/p>\n<p><span style=\"color: #777777; font-family: Arial;\">C&rsquo;est indiscutable et je m&rsquo;incline devant le destin et la force de cette grande Dame.<br \/>\n<\/span><\/p>\n<p><span style=\"color: #777777; font-family: Arial;\">C&rsquo;est une grande question que celle de dire ou de taire les parts d&rsquo;ombre des personnes qui m\u00e9ritent notre admiration et notre respect.<br \/>\n<\/span><\/p>\n<p><span style=\"color: #777777; font-family: Arial;\">R\u00e9cemment, tout en disant toute mon affection et ma gratitude \u00e0 l&rsquo;\u00e9gard de Leonard Bernstein j&rsquo;ai gliss\u00e9 aussi un article parlant d&rsquo;un aspect de sa personnalit\u00e9 moins d\u00e9fendable.<br \/>\n<\/span><\/p>\n<p><span style=\"color: #777777; font-family: Arial;\">Mon ami Bertrand m&rsquo;en a fait reproche&nbsp;:<br \/>\n<\/span><\/p>\n<p style=\"margin-left: 28pt;\"><span style=\"color: #c00000; font-family: Arial;\">\u00ab&nbsp;Cela dit, je pr\u00e9f\u00e8re \u00e9couter ses disques et regarder ses vid\u00e9os que de gloser sur la face cach\u00e9e de sa nature complexe.<span style=\"color: #777777;\"><span style=\"color: #c00000;\"> \u00bb<br \/>\n<\/span><\/span><\/span><\/p>\n<p><span style=\"color: #777777; font-family: Arial;\">Il me semble cependant qu&rsquo;on ne doit pas cacher ces choses, car elles expliquent d&rsquo;o\u00f9 on vient&nbsp;: \u00ab&nbsp;d&rsquo;un monde o\u00f9 parce qu&rsquo;on \u00e9tait reconnu comme un g\u00e9nie, on avait droit \u00e0 l&rsquo;impunit\u00e9&nbsp;\u00bb.<br \/>\n<\/span><\/p>\n<p><span style=\"color: #777777; font-family: Arial;\">Roman Polanski et certains de ses soutiens, semblent parfois le croire encore.<br \/>\n<\/span><\/p>\n<p><span style=\"color: #777777; font-family: Arial;\">Cela nous permet de relativiser, de ne pas croire aux surhommes et de rester prudent et mesur\u00e9.<br \/>\n<\/span><\/p>\n<p><span style=\"color: #777777; font-family: Arial;\">Alors pour cette grande dame, quelle fut sa part d&rsquo;ombre&nbsp;?<br \/>\n<\/span><\/p>\n<p><span style=\"color: #777777; font-family: Arial;\">C&rsquo;est que, comme beaucoup d&rsquo;autres elle a succomb\u00e9 au mirage du mao\u00efsme.<br \/>\n<\/span><\/p>\n<p><span style=\"color: #777777; font-family: Arial;\">C&rsquo;est d&rsquo;autant plus surprenant qu&rsquo;elle a, elle-m\u00eame, subi l&rsquo;horreur d&rsquo;un totalitarisme et qu&rsquo;elle a ensuite combattu et d\u00e9nonc\u00e9 le fascisme.<br \/>\n<\/span><\/p>\n<p><span style=\"color: #777777; font-family: Arial;\">Mais elle n&rsquo;a pas su reconna\u00eetre et comprendre qu&rsquo;elle soutenait un des plus grands criminels de l&rsquo;Histoire des totalitarismes. Si on s&rsquo;en tient \u00e0 la seule comptabilit\u00e9 morbide des morts, c&rsquo;est le plus horrible.<br \/>\n<\/span><\/p>\n<p><span style=\"color: #777777; font-family: Arial;\">C&rsquo;est cela ici la question qui me parait fondamentale, comment n&rsquo;a-t-elle pas compris imm\u00e9diatement qu&rsquo;il s&rsquo;agissait d&rsquo;un totalitarisme criminel, aveugle et ennemi absolu de la libert\u00e9&nbsp;?<br \/>\n<\/span><\/p>\n<p><span style=\"color: #777777; font-family: Arial;\">Heureusement, elle s&rsquo;en est cependant rendu compte, m\u00eame si c&rsquo;est un peu tard.<br \/>\n<\/span><\/p>\n<p><span style=\"color: #777777; font-family: Arial;\">Pierre Haski a <a href=\"https:\/\/www.nouvelobs.com\/rue89\/nos-vies-intimes\/20140615.RUE4247\/marceline-loridan-a-filme-la-chine-de-mao-je-fus-dupee-par-mon-epoque.html\"><span style=\"color: #0000ff;\">publi\u00e9 le 15 juin 2014 sur le site de l&rsquo;Obs<\/span><\/a> (Rue 89) une interview de Marceline Loridan o\u00f9 elle reconnait son erreur.<br \/>\n<\/span><\/p>\n<p><span style=\"color: #777777; font-family: Arial;\">Pierre Haski introduit le sujet ainsi&nbsp;:<br \/>\n<\/span><\/p>\n<p style=\"margin-left: 28pt;\"><span style=\"color: #c00000; font-family: Arial;\">\u00ab&nbsp; Il reste les images. Somptueuses. Une plong\u00e9e exceptionnelle dans la vie de la Chine mao\u00efste \u00e0 une \u00e9poque o\u00f9 elle \u00e9tait encore verrouill\u00e9e et ne projetait au monde que les images de la folie collective de la R\u00e9volution culturelle.<br \/>\n<\/span><\/p>\n<p style=\"margin-left: 28pt;\"><span style=\"color: #c00000; font-family: Arial;\">Revoir, ou d\u00e9couvrir, en 2014 les treize heures de film de \u00ab <span style=\"color: #0000ff;\"><a style=\"color: #0000ff;\" href=\"https:\/\/www.filmsdocumentaires.com\/films\/3068-comment-yukong-deplaca-les-montagnes\">Comment Yukong d\u00e9pla\u00e7a les montagnes<\/a> <\/span>\u00bb, la saga chinoise de Joris Ivens et Marceline Loridan, \u00e9dit\u00e9e en coffret par Arte, c&rsquo;est comme d\u00e9couvrir un tr\u00e9sor arch\u00e9ologique d&rsquo;une \u00e9poque r\u00e9volue.&nbsp;\u00bb&nbsp; [\u2026]<br \/>\n<\/span><\/p>\n<p style=\"margin-left: 28pt;\"><span style=\"color: #c00000; font-family: Arial;\">Joris Ivens, cin\u00e9aste engag\u00e9 n\u00e9erlandais, d\u00e9chu de sa nationalit\u00e9 par son pays pour avoir pris fait et cause pour l&rsquo;\u00ab ennemi \u00bb sur tous les fronts du monde, et Marceline Loridan, Fran\u00e7aise d&rsquo;origine juive polonaise, rescap\u00e9e des camps nazis d&rsquo;Auschwitz-Birkenau o\u00f9 elle avait \u00e9t\u00e9 d\u00e9port\u00e9e adolescente, devenue sa compagne et complice, ont film\u00e9 la Chine de la R\u00e9volution culturelle au ras des hommes. Ils ont film\u00e9 les Chinois plus que la Chine, et c&rsquo;est ce qui fait la valeur de leur document quatre d\u00e9cennies plus tard.<br \/>\n<\/span><\/p>\n<p style=\"margin-left: 28pt;\"><span style=\"color: #c00000; font-family: Arial;\">Lorsque l&rsquo;engouement aveugle pour le mao\u00efsme s&rsquo;est dissip\u00e9 en Occident, Ivens et Loridan ont d\u00fb faire face au reproche de \u00ab propagande \u00bb pour avoir film\u00e9 avec \u00ab empathie \u00bb (le mot est de Marceline Loridan) une exp\u00e9rience politique jug\u00e9e s\u00e9v\u00e8rement par l&rsquo;histoire.<br \/>\n<\/span><\/p>\n<p><span style=\"color: #777777; font-family: Arial;\">Ensuite vient l&rsquo;entretien<br \/>\n<\/span><\/p>\n<p><span style=\"color: #777777; font-family: Arial;\"><em>Rue89 : Quel regard portez-vous sur ces films qui ressortent quatre d\u00e9cennies plus tard ?<br \/>\n<\/em><\/span><\/p>\n<p><span style=\"color: #777777; font-family: Arial;\">Marceline Loridan :<br \/>\n<\/span><\/p>\n<p style=\"margin-left: 28pt;\"><span style=\"color: #c00000; font-family: Arial;\">\u00ab&nbsp;C&rsquo;est tr\u00e8s difficile \u00e0 exprimer. Il reste profond\u00e9ment l&rsquo;essentiel de ce qui est dit dans ces films. Avant on pouvait dire \u00ab c&rsquo;est de la propagande&#8230; \u00bb, on ne le dit plus aujourd&rsquo;hui.<br \/>\n<\/span><\/p>\n<p style=\"margin-left: 28pt;\"><span style=\"color: #c00000; font-family: Arial;\">Tout d&rsquo;un coup, ce qui reste, c&rsquo;est la force des gens qui s&rsquo;expriment et ce qu&rsquo;ils disent, m\u00eame si ce sont les choses les plus exp\u00e9rimentales. [\u2026] Mais comment pr\u00e9senter ces films \u00e0 une g\u00e9n\u00e9ration qui grandit dans un monde tellement diff\u00e9rent, sans avoir connu les utopies et les engagements de ces ann\u00e9es-l\u00e0 ?<br \/>\n<\/span><\/p>\n<p style=\"margin-left: 28pt;\"><span style=\"color: #c00000; font-family: Arial;\">Je leur dis que nous avons \u00e9t\u00e9 \u00e0 la fois les complices et les victimes du \u00ab scientisme \u00bb du XIXe si\u00e8cle. Ce que les g\u00e9n\u00e9rations pr\u00e9c\u00e9dentes nous ont laiss\u00e9 nous ont marqu\u00e9s profond\u00e9ment, et nous ont fait croire \u00e0 un monde qui n&rsquo;\u00e9tait pas possible, qui \u00e9tait faux. Il disait ce qui n&rsquo;\u00e9tait pas : c&rsquo;est ce que je pense aujourd&rsquo;hui. [\u2026]<br \/>\n<\/span><\/p>\n<p style=\"margin-left: 28pt;\"><span style=\"color: #c00000; font-family: Arial;\">Notre connaissance vient de notre exp\u00e9rience individuelle, et c&rsquo;est ce qui est le plus difficile \u00e0 transmettre. Les nouvelles g\u00e9n\u00e9rations prennent l&rsquo;histoire o\u00f9 elle en est, pour en faire tout autre chose. Du coup, sont gomm\u00e9s, quand on revoit ces films, nos cauchemars et nos r\u00eaves&#8230; Et il en reste quelque chose d&rsquo;un r\u00e9el qui est \u00e0 la fois vrai et faux, mais qui a \u00e9t\u00e9.\u00bb<br \/>\n<\/span><\/p>\n<p><span style=\"color: #777777; font-family: Arial;\">Elle parle d&rsquo;utopie et on sent comme une nostalgie. Pourtant elle raconte des comportements des autorit\u00e9s chinoises qui auraient d\u00fb l&rsquo;interpeller, et elle, victime du nazisme, l&rsquo;arr\u00eater imm\u00e9diatement&nbsp;:<br \/>\n<\/span><\/p>\n<p style=\"margin-left: 28pt;\"><span style=\"color: #c00000; font-family: Arial;\">\u00ab&nbsp; Nous avons \u00e9t\u00e9 durement attaqu\u00e9s par Jiang Qing [la femme de Mao, ndlr] apr\u00e8s avoir montr\u00e9 nos films : nous avons quasiment d\u00fb nous enfuir de P\u00e9kin. Zhou Enlai [le Premier ministre, ndlr], qui \u00e9tait presque mourant, nous a fait passer un message pour nous dire de d\u00e9camper au plus vite et de sortir nos films&#8230; Il n&rsquo;a jamais pu les voir.<br \/>\n<\/span><\/p>\n<p style=\"margin-left: 28pt;\"><span style=\"color: #c00000; font-family: Arial;\">Nous \u00e9tions tout \u00e0 fait conscients. Ils nous demandaient 61 coupures, j&rsquo;ai \u00e9t\u00e9 trait\u00e9e d&rsquo;espionne parce que je faisais des photos de femmes voil\u00e9es au Xinjiang, ou de femmes aux pieds band\u00e9s, ou que je montrais trop la pauvret\u00e9&#8230; Et Dieu sait si nous ne la montrions pas trop !&nbsp;\u00bb<br \/>\n<\/span><\/p>\n<p><span style=\"color: #777777; font-family: Arial;\">Heureusement qu&rsquo;en 2014 elle pose le probl\u00e8me sous son v\u00e9ritable aspect&nbsp;:<br \/>\n<\/span><\/p>\n<p style=\"margin-left: 28pt;\"><span style=\"color: #c00000; font-family: Arial;\">\u00ab&nbsp;Mais cette empathie nous conduisait \u00e0 croire les gens. Aujourd&rsquo;hui, quand je revois certains films, je me dis \u00ab j&rsquo;ai \u00e9t\u00e9 une vraie conne, j&rsquo;aurais d\u00fb poser aussi telle question, aller plus loin \u00bb [\u2026]<br \/>\n<\/span><\/p>\n<p style=\"margin-left: 28pt;\"><span style=\"color: #c00000; font-family: Arial;\">On s&rsquo;est fait avoir pour deux raisons principales :<br \/>\n<\/span><\/p>\n<ul style=\"margin-left: 42pt;\">\n<li><span style=\"color: #c00000; font-family: Arial;\">la rupture id\u00e9ologique entre l&rsquo;Union sovi\u00e9tique et la Chine ;<br \/>\n<\/span><\/li>\n<li><span style=\"color: #c00000; font-family: Arial;\">le fait qu&rsquo;un chef d&rsquo;Etat \u2013 Mao \u2013 appelle \u00e0 la r\u00e9volte de la jeunesse. Ce fut une r\u00e9alit\u00e9, mais une r\u00e9alit\u00e9 sanglante.<br \/>\n<\/span><\/li>\n<\/ul>\n<p><span style=\"color: #c00000; font-family: Arial;\">On voulait cesser de caricaturer la Chine comme elle l&rsquo;\u00e9tait dans la presse \u00e0 l&rsquo;\u00e9poque.&nbsp;\u00bb<br \/>\n<\/span><\/p>\n<p><span style=\"color: #777777; font-family: Arial;\">Et quand Haski pose la question qui ne peut que nous interpeller aujourd&rsquo;hui&nbsp;:<br \/>\n<\/span><\/p>\n<p><span style=\"color: #777777; font-family: Arial;\"><em>\u00ab&nbsp;Vous avez connu le totalitarisme le plus total \u2013 le nazisme \u2013 et vous avez connu le mao\u00efsme \u00e9galement consid\u00e9r\u00e9 aujourd&rsquo;hui comme un totalitarisme&#8230;&nbsp;\u00bb<br \/>\n<\/em><\/span><\/p>\n<p><span style=\"color: #777777; font-family: Arial;\">Elle r\u00e9pond&nbsp;:<br \/>\n<\/span><\/p>\n<p style=\"margin-left: 28pt;\"><span style=\"color: #c00000; font-family: Arial;\">\u00ab&nbsp;Je crois que j&rsquo;\u00e9tais sous influence&#8230; des hommes. C&rsquo;est une longue lutte que celle de la lib\u00e9ration des femmes.<br \/>\n<\/span><\/p>\n<p style=\"margin-left: 28pt;\"><span style=\"color: #c00000; font-family: Arial;\">Apr\u00e8s la guerre, j&rsquo;avais beaucoup de mal \u00e0 me construire. Et je me suis dit que puisque je ne pouvais rien faire pour moi, je pouvais peut-\u00eatre le faire pour les autres. C&rsquo;\u00e9tait une illusion.<br \/>\n<\/span><\/p>\n<p style=\"margin-left: 28pt;\"><span style=\"color: #c00000; font-family: Arial;\">Je ne savais plus qui j&rsquo;\u00e9tais. Je n&rsquo;avais aucun bagage intellectuel. Quand j&rsquo;ai \u00e9t\u00e9 d\u00e9port\u00e9e, j&rsquo;\u00e9tais en classe de quatri\u00e8me, interrompue parce qu&rsquo;il fallait se cacher. Apr\u00e8s, \u00e7a a \u00e9t\u00e9 les camps, l&rsquo;enfer, la violence qui p\u00e9n\u00e8tre en vous. Vous n&rsquo;en sortez pas innocent.<br \/>\n<\/span><\/p>\n<p style=\"margin-left: 28pt;\"><span style=\"color: #c00000; font-family: Arial;\">Et quand vous revenez et que le monde ne vous entend pas, m\u00eame dans votre propre famille, que la famille se d\u00e9truit devant vous. Plus de p\u00e8re, la m\u00e8re qui se remarie, deux fr\u00e8res qui se suicident&#8230; Comment faire ?<br \/>\n<\/span><\/p>\n<p style=\"margin-left: 28pt;\"><span style=\"color: #c00000; font-family: Arial;\">J&rsquo;ai pens\u00e9 que la seule solution \u00e9tait de m&rsquo;occuper des autres, \u00e0 travers la politique. J&rsquo;ai pass\u00e9 six mois au Parti communiste fran\u00e7ais, mais j&rsquo;\u00e9tais incadrable. Je n&rsquo;ai jamais pu rester dans une organisation, m\u00eame de d\u00e9port\u00e9s !<br \/>\n<\/span><\/p>\n<p style=\"margin-left: 28pt;\"><span style=\"color: #c00000; font-family: Arial;\">M\u00eame aujourd&rsquo;hui, je reste un \u00e9lectron libre, et donc pas aim\u00e9e par ceux qui d\u00e9tiennent des pouvoirs, quel que soit le lieu.<br \/>\n<\/span><\/p>\n<p style=\"margin-left: 28pt;\"><span style=\"color: #c00000; font-family: Arial;\">Aujourd&rsquo;hui, j&rsquo;ai beaucoup plus de recul par rapport \u00e0 cette gauche dont je vois les erreurs, les flottements, les compromissions, les corruptions, etc.&nbsp; [\u2026] Joris m&rsquo;a embarqu\u00e9e&#8230; Mais je pense que j&rsquo;ai \u00e9t\u00e9 dup\u00e9e par mon \u00e9poque.&nbsp;\u00bb<br \/>\n<\/span><\/p>\n<p><span style=\"color: #777777; font-family: Arial;\">Cet exemple montre que l&rsquo;on peut avoir les meilleurs sentiments du monde, avoir v\u00e9cu l&rsquo;impensable et rester pourtant aveugle et sourd aux d\u00e9lires du pr\u00e9sent. Je pense qu&rsquo;aujourd&rsquo;hui aussi des intellectuels et des bien-pensants sont dup\u00e9s par leur \u00e9poque sur bien des sujets et des causes dont ils ne voient pas le c\u00f4t\u00e9 obscur..<br \/>\n<\/span><\/p>\n<p><span style=\"color: #800000; font-family: Arial;\">&lt;1118&gt;<\/span><\/p>\n","protected":false},"excerpt":{"rendered":"<p>\u00ab&nbsp;Je fus dup\u00e9e par mon \u00e9poque&nbsp;\u00bb Marceline Loridan J&rsquo;avais \u00e9voqu\u00e9, lors du mot du jour de mardi, Marceline Loridan appel\u00e9e parfois aussi Marceline Loridan-Ivens, en raison du nom de son \u00e9poux Joris Ivens. Camarade de d\u00e9portation de Simone Veil, cin\u00e9aste,<\/p>\n","protected":false},"author":1,"featured_media":0,"comment_status":"open","ping_status":"closed","sticky":false,"template":"","format":"standard","meta":{"footnotes":""},"categories":[1],"tags":[17,3,111],"class_list":["post-5428","post","type-post","status-publish","format-standard","hentry","category-motdujour","tag-histoire","tag-politique","tag-resistance"],"_links":{"self":[{"href":"https:\/\/lemotdujour.fr\/index.php?rest_route=\/wp\/v2\/posts\/5428","targetHints":{"allow":["GET"]}}],"collection":[{"href":"https:\/\/lemotdujour.fr\/index.php?rest_route=\/wp\/v2\/posts"}],"about":[{"href":"https:\/\/lemotdujour.fr\/index.php?rest_route=\/wp\/v2\/types\/post"}],"author":[{"embeddable":true,"href":"https:\/\/lemotdujour.fr\/index.php?rest_route=\/wp\/v2\/users\/1"}],"replies":[{"embeddable":true,"href":"https:\/\/lemotdujour.fr\/index.php?rest_route=%2Fwp%2Fv2%2Fcomments&post=5428"}],"version-history":[{"count":5,"href":"https:\/\/lemotdujour.fr\/index.php?rest_route=\/wp\/v2\/posts\/5428\/revisions"}],"predecessor-version":[{"id":12362,"href":"https:\/\/lemotdujour.fr\/index.php?rest_route=\/wp\/v2\/posts\/5428\/revisions\/12362"}],"wp:attachment":[{"href":"https:\/\/lemotdujour.fr\/index.php?rest_route=%2Fwp%2Fv2%2Fmedia&parent=5428"}],"wp:term":[{"taxonomy":"category","embeddable":true,"href":"https:\/\/lemotdujour.fr\/index.php?rest_route=%2Fwp%2Fv2%2Fcategories&post=5428"},{"taxonomy":"post_tag","embeddable":true,"href":"https:\/\/lemotdujour.fr\/index.php?rest_route=%2Fwp%2Fv2%2Ftags&post=5428"}],"curies":[{"name":"wp","href":"https:\/\/api.w.org\/{rel}","templated":true}]}}