{"id":5414,"date":"2018-09-25T02:26:33","date_gmt":"2018-09-25T00:26:33","guid":{"rendered":"http:\/\/lemotdujour.fr\/?p=5414"},"modified":"2021-10-17T12:50:14","modified_gmt":"2021-10-17T10:50:14","slug":"mardi-25-septembre-2018","status":"publish","type":"post","link":"https:\/\/lemotdujour.fr\/?p=5414","title":{"rendered":"Mardi 25 septembre 2018"},"content":{"rendered":"<div class=\"mdjTexte\">\t\u00ab&nbsp;Nous n\u2019\u00e9tions que des enfants&nbsp;\u00bb<\/div>\n<div class=\"mdjAuteur\">\tRachel Jedinak<\/div>\n<p><span style=\"color: #777777; font-family: Arial;\">La semaine derni\u00e8re <a href=\"https:\/\/www.franceinter.fr\/culture\/disparition-de-marceline-loridan-ivens-les-hommages-et-les-reactions\"><span style=\"color: #0000ff;\">la cin\u00e9aste Marceline Loridan-Ivens<\/span><\/a>, camarade de d\u00e9portation de Simone Veil pendant la Seconde guerre mondiale dans le camp d&rsquo;Auschwitz-Birkenau, est morte \u00e0 90 ans.<br \/>\n<\/span><\/p>\n<p><span style=\"color: #777777; font-family: Arial;\">Il y a un an c&rsquo;\u00e9tait le tour de Simone Veil.<br \/>\n<\/span><\/p>\n<p><span style=\"color: #777777; font-family: Arial;\">Il n&rsquo;y a plus beaucoup de survivants de cette \u00e9poque sombre et terrible de l&rsquo;humanit\u00e9.<br \/>\n<\/span><\/p>\n<p><span style=\"color: #777777; font-family: Arial;\">Rachel Jedinak est l&rsquo;une d&rsquo;entre elle, elle est une des rescap\u00e9es de la rafle de la Vel d&rsquo;Hiv.<br \/>\n<\/span><\/p>\n<p><span style=\"color: #777777; font-family: Arial;\">Elle vient d&rsquo;\u00e9crire un livre publi\u00e9 le 19 septembre 2018&nbsp;: \u00ab&nbsp;<a href=\"https:\/\/livre.fnac.com\/a12131993\/Rachel-Jedinak-Nous-etions-seulement-des-enfants\"><span style=\"color: #0000ff;\">Nous n&rsquo;\u00e9tions que des enfants<\/span>&nbsp;<\/a>\u00bb. Elle \u00e9tait invit\u00e9e sur France Inter le <span style=\"color: #0000ff;\"><a style=\"color: #0000ff;\" href=\"https:\/\/www.franceinter.fr\/emissions\/l-invite-de-7h50\/l-invite-de-7h50-20-septembre-2018\">jeudi 20 septembre 2018.<\/a> <\/span><br \/>\n<\/span><\/p>\n<p><img loading=\"lazy\" decoding=\"async\" class=\"alignleft\" src=\"https:\/\/lemotdujour.fr\/wp-content\/uploads\/2018\/09\/092318_2024_Mardi25sept1.jpg\" alt=\"\" width=\"159\" height=\"248\" align=\"left\"><span style=\"color: #777777; font-family: Arial;\">Elle raconte sa vie de petite fille juive, dans le Paris en guerre.<br \/>\n<\/span><\/p>\n<p><span style=\"color: #777777; font-family: Arial;\">A la question pourquoi avoir attendu aussi longtemps pour raconter votre histoire&nbsp;?<br \/>\n<\/span><\/p>\n<p><span style=\"color: #777777; font-family: Arial;\">Elle r\u00e9pond&nbsp;:<br \/>\n<\/span><\/p>\n<p style=\"margin-left: 28pt;\"><span style=\"color: #c00000; font-family: Arial;\">\u00ab&nbsp;En fait, apr\u00e8s la guerre on ne nous a pas laiss\u00e9 parler.<br \/>\n<\/span><span style=\"color: #c00000; font-family: Arial;\">On parlait de la France r\u00e9sistante&nbsp;!<br \/>\n<\/span><\/p>\n<p style=\"margin-left: 28pt;\"><span style=\"color: #c00000; font-family: Arial;\">Il m&rsquo;est arriv\u00e9, je le dis dans le livre, d&rsquo;essayer de parler de cela. On me r\u00e9pondait tais-toi on ne parle plus de cela, on parle de l&rsquo;avenir.<br \/>\n<\/span><span style=\"color: #c00000; font-family: Arial;\">J&rsquo;ai entendu aussi, tu as eu de la chance d&rsquo;\u00eatre rest\u00e9 en vie. Alors tais-toi.<br \/>\n<\/span><\/p>\n<p style=\"margin-left: 28pt;\"><span style=\"color: #c00000; font-family: Arial;\">On ne parlait que de la France r\u00e9sistante.<br \/>\n<\/span><span style=\"color: #c00000; font-family: Arial;\">Pendant cinquante ans, nous nous sommes tus.\u00bb<br \/>\n<\/span><\/p>\n<p><span style=\"color: #777777; font-family: Arial;\">Lors des mots consacr\u00e9s \u00e0 Simone Veil j&rsquo;avais d\u00e9j\u00e0 abord\u00e9 ce sujet des m\u00e9moires. C&rsquo;\u00e9tait le mot du 6 septembre 2017 dans lequel je citais Simone Veil&nbsp;:<br \/>\n<\/span><\/p>\n<p><span style=\"color: #777777; font-family: Arial;\">\u00ab<span style=\"color: #0000ff;\">&nbsp;<a style=\"color: #0000ff;\" href=\"https:\/\/lemotdujour.fr\/?p=2983\">Si nous n&rsquo;avons pas parl\u00e9 c&rsquo;est parce que l&rsquo;on n&rsquo;a pas voulu nous entendre, pas voulu nous \u00e9couter<\/a>.&nbsp;<\/span>\u00bb<br \/>\n<\/span><\/p>\n<p><span style=\"color: #777777; font-family: Arial;\">Dans cet article je d\u00e9crivais les diff\u00e9rents types de m\u00e9moire \u00e0 la sortie de la guerre et j&rsquo;opposais notamment la m\u00e9moire triomphante des r\u00e9sistants \u00e0 la m\u00e9moire bless\u00e9e des d\u00e9port\u00e9s.<br \/>\n<\/span><\/p>\n<p><span style=\"color: #777777; font-family: Arial;\">Rachel Jedinak consid\u00e8re que la v\u00e9ritable rupture de l&rsquo;\u00ab&nbsp;omerta&nbsp;\u00bb se situe au moment de la reconnaissance par le Pr\u00e9sident Chirac de la responsabilit\u00e9 de la France dans la rafle du Vel d&rsquo;Hiv.<br \/>\n<\/span><\/p>\n<p style=\"margin-left: 28pt;\"><span style=\"color: #c00000; font-family: Arial;\">\u00ab&nbsp;Lorsque Jacques Chirac, en 1995, a reconnu la responsabilit\u00e9 du r\u00e9gime de P\u00e9tain, de la France d&rsquo;alors, les vannes se sont ouvertes et nous avons enfin pu nous exprimer, parler. Cela a mis du temps.&nbsp;\u00bb<br \/>\n<\/span><\/p>\n<p><span style=\"color: #777777; font-family: Arial;\">En 1939, elle vivait une vie heureuse d&rsquo;une enfant de M\u00e9nilmontant qui grandit, entour\u00e9 d&rsquo;amour par ses parents, dans une famille juive polonaise. Rachel Jedinak est n\u00e9e Rachel Psankiewicz. en 1934.<br \/>\n<\/span><\/p>\n<p style=\"margin-left: 28pt;\"><span style=\"color: #c00000; font-family: Arial;\">\u00ab&nbsp;Je vivais dans le quartier de M\u00e9nilmontant o\u00f9 vivait \u00e9galement des r\u00e9publicains espagnols, des italiens qui avaient fui le r\u00e9gime de Mussolini. Il y avait donc un melting pot d&rsquo;enfants. Nous jouions ensemble, beaucoup dans la rue, parce qu&rsquo;il y avait tr\u00e8s peu de voitures \u00e0 l&rsquo;\u00e9poque.&nbsp;\u00bb<br \/>\n<\/span><\/p>\n<p><span style=\"color: #777777; font-family: Arial;\">En 1940, P\u00e9tain signe l&rsquo;armistice avec Hitler, et la traque des juifs commence. Rachel Jedinak raconte des enfants qui ne veulent plus jouer avec elle, parce qu&rsquo;elle est juive. Et l&rsquo;\u00e9toile jaune qu&rsquo;il faut porter, cela va valoir une sc\u00e8ne avec sa m\u00e8re qui est en train de coudre l&rsquo;\u00e9toile jaune sur la robe de petite fille. Elle arrache la robe et l&rsquo;\u00e9toile et dit&nbsp;: \u00ab&nbsp;je ne veux pas porter \u00e7a&nbsp;!&nbsp;\u00bb<br \/>\n<\/span><\/p>\n<p><span style=\"color: #777777; font-family: Arial;\">Et sa m\u00e8re la gronde et lui dit&nbsp;: \u00ab&nbsp;C&rsquo;est comme \u00e7a, je vais la porter, ta s\u0153ur va la porter et tu vas la porter&nbsp;\u00bb.<br \/>\n<\/span><\/p>\n<p style=\"margin-left: 28pt;\"><span style=\"color: #c00000; font-family: Arial;\">\u00ab&nbsp;Je garde l&rsquo;image, parce que cela a \u00e9t\u00e9 un moment difficile pour moi.<br \/>\n<\/span><span style=\"color: #c00000; font-family: Arial;\">J&rsquo;ai pu \u00e9changer, assez r\u00e9cemment avec des gens qui \u00e9taient plus \u00e2g\u00e9s que moi.<br \/>\n<\/span><span style=\"color: #c00000; font-family: Arial;\">Les adolescents bravaient cela.<br \/>\n<\/span><span style=\"color: #c00000; font-family: Arial;\">Moi j&rsquo;avais 8 ans et c&rsquo;\u00e9tait tr\u00e8s difficile de la porter.<br \/>\n<\/span><span style=\"color: #c00000; font-family: Arial;\">Je garde de cela une honte non pas d&rsquo;\u00eatre juive, mais d&rsquo;\u00eatre juive avant toutes les autres choses que j&rsquo;\u00e9tais.\u00bb<br \/>\n<\/span><\/p>\n<p><span style=\"color: #777777; font-family: Arial;\">Elle manifestait pourtant son hostilit\u00e9, elle refusait de chanter l&rsquo;hymne \u00e0 P\u00e9tain que les \u00e9coliers devaient chanter en commen\u00e7ant la classe&nbsp;:&nbsp;\u00ab&nbsp;<span style=\"color: #0000ff;\"><a style=\"color: #0000ff;\" href=\"https:\/\/fr.wikipedia.org\/wiki\/Mar%C3%A9chal,_nous_voil%C3%A0_!\">Mar\u00e9chal nous voil\u00e0<\/a><\/span>&nbsp;\u00bb. Et sa ma\u00eetresse lui permettait de ne pas le chanter.<br \/>\n<\/span><\/p>\n<p style=\"margin-left: 28pt;\"><span style=\"color: #c00000; font-family: Arial;\">\u00ab&nbsp;J&rsquo;ai eu des ma\u00eetresses formidables qui nous ont matern\u00e9, qui nous ont aid\u00e9.&nbsp;\u00bb<br \/>\n<\/span><\/p>\n<p><span style=\"color: #777777; font-family: Arial;\">En juillet 1942, c&rsquo;est la rafle du Vel d&rsquo;Hiv. Elle est emmen\u00e9e avec sa s\u0153ur et sa m\u00e8re, parqu\u00e9es dans une cour dans un immeuble appel\u00e9 \u00ab&nbsp;La Bellevilloise&nbsp;\u00bb qui est aujourd&rsquo;hui un lieu festif o\u00f9 on joue du rock. Sa m\u00e8re apprend qu&rsquo;il y a une sortie de secours, alors elle ordonne \u00e0 ses deux filles de s&rsquo;enfuir. Mais Rachel refuse, elle s&rsquo;accroche \u00e0 la jupe de sa m\u00e8re. La m\u00e8re lui donne alors une gifle la premi\u00e8re et la derni\u00e8re qu&rsquo;elle lui aura jamais donn\u00e9. Cette gifle va lui sauver la vie. Sid\u00e9r\u00e9e elle ob\u00e9it et s&rsquo;enfuit avec sa s\u0153ur.<br \/>\n<\/span><\/p>\n<p style=\"margin-left: 28pt;\"><span style=\"color: #c00000; font-family: Arial;\">\u00ab&nbsp;Cette gifle m&rsquo;a sauv\u00e9 la vie, je ne l&rsquo;ai r\u00e9alis\u00e9 que plus tard.&nbsp;\u00bb<br \/>\n<\/span><\/p>\n<p><span style=\"color: #777777; font-family: Arial;\">Elle raconte les conditions dans lesquelles tout cela s&rsquo;est pass\u00e9, dans le petit matin, avec une chaleur insoutenable notamment parce que tous ces nombreux parents et enfants \u00e9taient serr\u00e9s les uns contre autres, les petits r\u00e9veill\u00e9s dans la nuit criaient dans les bras de leurs m\u00e8res. Personnes ne savaient ce qui allaient se passer, les enfants \u00e9taient angoiss\u00e9s, avaient peur. Quitter leur m\u00e8re \u00e9tait un d\u00e9chirement d&rsquo;une violence inou\u00efe.<br \/>\n<\/span><\/p>\n<p><span style=\"color: #777777; font-family: Arial;\">Ni la m\u00e8re, ni le p\u00e8re ne reviendront des camps.<br \/>\n<\/span><\/p>\n<p><span style=\"color: #777777; font-family: Arial;\">Le r\u00e9cit de cette journ\u00e9e se trouve aussi sur cette <\/span><span style=\"color: #0000ff;\"><span style=\"font-family: Arial;\"><a style=\"color: #0000ff;\" href=\"http:\/\/storynextdoor.com\/rachel-jedinak-survivante\/\">\u00ab&nbsp;page&nbsp;\u00bb<\/a><\/span><span style=\"font-family: Arial;\">.<\/span><\/span><span style=\"color: #777777; font-family: Arial;\"><br \/>\n<\/span><\/p>\n<p><span style=\"color: #777777; font-family: Arial;\">Rachel Jedinak est la pr\u00e9sidente du <a href=\"http:\/\/www.comitetlemcen.com\/Accueil.html\"><span style=\"color: #0000ff;\">\u00ab&nbsp;Comit\u00e9 \u00ab&nbsp;Ecole de la rue Tlemcen&nbsp;<\/span><\/a>\u00bb&nbsp;\u00bb, l&rsquo;association pour la M\u00e9moire des Enfants Juifs D\u00e9port\u00e9s du XXe arrondissement de Paris.<br \/>\n<\/span><\/p>\n<p><a href=\"https:\/\/www.youtube.com\/watch?v=5SZigSgI3z8\"><span style=\"font-family: Arial;\"><span style=\"color: #0000ff;\">&lt;Ici vous verrez une video o\u00f9 elle raconte son histoire&gt;<\/span><\/span><\/a><span style=\"color: #777777; font-family: Arial;\"><br \/>\n<\/span><\/p>\n<p><span style=\"color: #777777; font-family: Arial;\">Ce n&rsquo;\u00e9tait que des enfants.<br \/>\n<\/span><\/p>\n<p><span style=\"color: #800000; font-family: Arial;\">&lt;1116&gt;<\/span><\/p>\n","protected":false},"excerpt":{"rendered":"<p>\u00ab&nbsp;Nous n\u2019\u00e9tions que des enfants&nbsp;\u00bb Rachel Jedinak La semaine derni\u00e8re la cin\u00e9aste Marceline Loridan-Ivens, camarade de d\u00e9portation de Simone Veil pendant la Seconde guerre mondiale dans le camp d&rsquo;Auschwitz-Birkenau, est morte \u00e0 90 ans. Il y a un an c&rsquo;\u00e9tait<\/p>\n","protected":false},"author":1,"featured_media":0,"comment_status":"open","ping_status":"closed","sticky":false,"template":"","format":"standard","meta":{"footnotes":""},"categories":[1],"tags":[17,103,14],"class_list":["post-5414","post","type-post","status-publish","format-standard","hentry","category-motdujour","tag-histoire","tag-racisme","tag-recit"],"_links":{"self":[{"href":"https:\/\/lemotdujour.fr\/index.php?rest_route=\/wp\/v2\/posts\/5414","targetHints":{"allow":["GET"]}}],"collection":[{"href":"https:\/\/lemotdujour.fr\/index.php?rest_route=\/wp\/v2\/posts"}],"about":[{"href":"https:\/\/lemotdujour.fr\/index.php?rest_route=\/wp\/v2\/types\/post"}],"author":[{"embeddable":true,"href":"https:\/\/lemotdujour.fr\/index.php?rest_route=\/wp\/v2\/users\/1"}],"replies":[{"embeddable":true,"href":"https:\/\/lemotdujour.fr\/index.php?rest_route=%2Fwp%2Fv2%2Fcomments&post=5414"}],"version-history":[{"count":12,"href":"https:\/\/lemotdujour.fr\/index.php?rest_route=\/wp\/v2\/posts\/5414\/revisions"}],"predecessor-version":[{"id":12364,"href":"https:\/\/lemotdujour.fr\/index.php?rest_route=\/wp\/v2\/posts\/5414\/revisions\/12364"}],"wp:attachment":[{"href":"https:\/\/lemotdujour.fr\/index.php?rest_route=%2Fwp%2Fv2%2Fmedia&parent=5414"}],"wp:term":[{"taxonomy":"category","embeddable":true,"href":"https:\/\/lemotdujour.fr\/index.php?rest_route=%2Fwp%2Fv2%2Fcategories&post=5414"},{"taxonomy":"post_tag","embeddable":true,"href":"https:\/\/lemotdujour.fr\/index.php?rest_route=%2Fwp%2Fv2%2Ftags&post=5414"}],"curies":[{"name":"wp","href":"https:\/\/api.w.org\/{rel}","templated":true}]}}