{"id":5402,"date":"2018-09-24T02:26:07","date_gmt":"2018-09-24T00:26:07","guid":{"rendered":"http:\/\/lemotdujour.fr\/?p=5402"},"modified":"2021-10-17T12:50:53","modified_gmt":"2021-10-17T10:50:53","slug":"lundi-24-septembre-2018","status":"publish","type":"post","link":"https:\/\/lemotdujour.fr\/?p=5402","title":{"rendered":"Lundi 24 septembre 2018"},"content":{"rendered":"<div class=\"mdjTexte\">\t\u00ab&nbsp;Les fulgur\u00e9s d\u2019Azerailles&nbsp;\u00bb<\/div>\n<div class=\"mdjAuteur\">\tDes personnes unis \u00e0 vie par quelques millisecondes d\u2019\u00e9lectricit\u00e9 tomb\u00e9e du ciel.<\/div>\n<p><span style=\"color: #777777; font-family: Arial;\">Je suppose que comme moi vous ignoriez jusqu&rsquo;\u00e0 l&rsquo;existence d&rsquo;<a href=\"https:\/\/fr.wikipedia.org\/wiki\/Azerailles\"><span style=\"color: #0000ff;\">Azerailles<\/span><\/a>, petit village de Meurthe et Moselle de 800 habitants, proche de la cit\u00e9 du cristal : Baccarat.<br \/>\n<\/span><\/p>\n<p><span style=\"color: #777777; font-family: Arial;\">Et si vous n&rsquo;avez pas entendu parler d&rsquo;Azerailles, vous n&rsquo;avez pas non plus souvenir de ce qui s&rsquo;est pass\u00e9 dans cette commune le 2 septembre 2017.<br \/>\n<\/span><\/p>\n<p><img decoding=\"async\" class=\"alignleft\" src=\"https:\/\/lemotdujour.fr\/wp-content\/uploads\/2018\/09\/092218_2023_Lundi24sept1.png\" alt=\"\" align=\"left\"><span style=\"color: #777777; font-family: Arial;\">C&rsquo;est la <span style=\"color: #0000ff;\"><a style=\"color: #0000ff;\" href=\"https:\/\/www.franceinter.fr\/emissions\/la-revue-de-presse-du-week-end\/la-revue-de-presse-du-week-end-22-septembre-2018\">revue de Presse de Bernard Pommier du 22 septembre 2018<\/a> <\/span>qui en \u00e9voquant un article du Monde m&rsquo;a fait conna\u00eetre ce village et l&rsquo;histoire qui int\u00e9resse la science.<br \/>\n<\/span><\/p>\n<p><span style=\"color: #777777; font-family: Arial;\">Ce samedi-l\u00e0, pourtant, rien n&rsquo;annon\u00e7ait le drame. C&rsquo;\u00e9tait il y a un an, et le soleil brillait sur Azerailles. Ce samedi-l\u00e0, se d\u00e9roulait un festival champ\u00eatre : de la musique, des balades le long de la rivi\u00e8re, des ateliers pour d\u00e9couvrir les plantes sauvages\u2026<br \/>\n<\/span><\/p>\n<p><span style=\"color: #777777; font-family: Arial;\">Mais, vers 16 heures, la pluie se met \u00e0 tomber dru. Tout le monde fonce sous la tente. Un \u00e9norme bruit retentit. Un enfant crie, un autre pleure et plusieurs personnes tombent \u00e0 terre, inanim\u00e9es. Un responsable pense qu&rsquo;il s&rsquo;agit d&rsquo;un attentat. Au pied d&rsquo;un aulne, la broussaille, subitement, prend feu.<br \/>\n<\/span><\/p>\n<p><span style=\"color: #777777; font-family: Arial;\">Un pompier du village t\u00e9l\u00e9phone \u00e0 son sup\u00e9rieur&nbsp;:<br \/>\n<\/span><\/p>\n<p style=\"margin-left: 28pt;\"><span style=\"color: #c00000; font-family: Arial;\">\u00ab&nbsp;Francis, c&rsquo;est la guerre, on a plusieurs bless\u00e9s !&nbsp;\u00bb<br \/>\n<\/span><\/p>\n<p><span style=\"color: #777777; font-family: Arial;\">Mais non, ce n&rsquo;est pas la guerre, et pas non plus un attentat.<br \/>\n<\/span><\/p>\n<p><span style=\"color: #777777; font-family: Arial;\">C&rsquo;est la foudre qui vient de tomber sur Azerailles. Et l&rsquo;on compte une vingtaine de \u00ab&nbsp;fulgur\u00e9s&nbsp;\u00bb\u2026<br \/>\n<\/span><\/p>\n<p><span style=\"color: #777777; font-family: Arial;\">Car \u00ab&nbsp;<strong>Fulgur\u00e9<\/strong>&nbsp;\u00bb, c&rsquo;est le terme qu&rsquo;on emploie pour d\u00e9signer une personne qui a surv\u00e9cu apr\u00e8s avoir \u00e9t\u00e9 frapp\u00e9 par la foudre. Les \u00ab&nbsp;<strong>foudroy\u00e9s<\/strong>&nbsp;\u00bb meurent, les \u00ab&nbsp;<strong>fulgur\u00e9s<\/strong>&nbsp;\u00bb &nbsp;survivent<br \/>\n<\/span><\/p>\n<p><span style=\"color: #777777; font-family: Arial;\">A Azerailles, il n&rsquo;y a pas eu de foudroy\u00e9s, mais il y a eu une vingtaine de fulgur\u00e9s.<br \/>\n<\/span><\/p>\n<p><span style=\"color: #777777; font-family: Arial;\">C&rsquo;est donc un article du Monde du 21\/09\/2018 qui parle de cet \u00e9v\u00e8nement et de sa suite&nbsp;: \u00ab<span style=\"color: #0000ff;\">&nbsp;<a style=\"color: #0000ff;\" href=\"https:\/\/www.lemonde.fr\/m-actu\/article\/2018\/09\/21\/les-miracules-d-azerailles-unis-par-la-foudre-qui-ne-les-a-pas-tues-fascinent-la-science_5358025_4497186.html\">Les miracul\u00e9s d&rsquo;Azerailles, unis par la foudre qui ne les a pas tu\u00e9s&nbsp;<\/a><\/span>\u00bb<br \/>\n<\/span><\/p>\n<p><span style=\"color: #777777; font-family: Arial;\">Car le Monde raconte que la vingtaine de personnes frapp\u00e9es simultan\u00e9ment par la foudre le 2 septembre 2017 en Meurthe-et-Moselle sont un groupe uni et un \u00e9chantillon pr\u00e9cieux pour la recherche.<br \/>\n<\/span><\/p>\n<p><span style=\"color: #777777; font-family: Arial;\">Apr\u00e8s que la foudre soit tomb\u00e9e une soixantaine de pompiers et une trentaine de gendarmes arrivent sur les lieux du drame et l&rsquo;article nous d\u00e9crit la suite&nbsp;:<br \/>\n<\/span><\/p>\n<p style=\"margin-left: 28pt;\"><span style=\"color: #c00000; font-family: Arial;\">\u00ab&nbsp; Une zone d&rsquo;atterrissage pour h\u00e9licopt\u00e8re est m\u00eame improvis\u00e9e en cas de besoin.<br \/>\n<\/span><\/p>\n<p style=\"margin-left: 28pt;\"><span style=\"color: #c00000; font-family: Arial;\">Au total, quatorze bless\u00e9s, dont deux graves, sont \u00e9vacu\u00e9s vers les h\u00f4pitaux de Lun\u00e9ville, Saint-Di\u00e9 et Nancy. Les concerts du soir sont annul\u00e9s. Par un miracle que nul n&rsquo;explique, la mort, qui faisait ce jour-l\u00e0 plusieurs millions de volts, n&rsquo;a emport\u00e9 personne.<br \/>\n<\/span><\/p>\n<p style=\"margin-left: 28pt;\"><span style=\"color: #c00000; font-family: Arial;\">Un an plus tard, les rescap\u00e9s du 2 septembre forment un groupe unique, fascinant et myst\u00e9rieux. Ils sont une vingtaine, en comptant ceux qui n&rsquo;ont pas \u00e9t\u00e9 hospitalis\u00e9s. On les appelle des fulgur\u00e9s. [\u2026]<br \/>\n<\/span><\/p>\n<p style=\"margin-left: 28pt;\"><span style=\"color: #c00000; font-family: Arial;\">Certains souffrent encore de s\u00e9quelles importantes. D&rsquo;autres se portent bien. Beaucoup expliquent devoir leur vie \u00e0 leur nombre. C&rsquo;est la th\u00e8se d&rsquo;Herbert Ernst, correspondant local de L&rsquo;Est r\u00e9publicain, fulgur\u00e9 en plein reportage.<br \/>\n<\/span><\/p>\n<p style=\"margin-left: 28pt;\"><span style=\"color: #c00000; font-family: Arial;\">\u00ab S&rsquo;il n&rsquo;y a pas eu de macchab\u00e9e, pense-t-il, c&rsquo;est parce que nous nous sommes partag\u00e9 la d\u00e9charge. Cette explication n&rsquo;est peut-\u00eatre pas vraie, mais je m&rsquo;en fiche, c&rsquo;est notre ciment. Quand on se retrouve, c&rsquo;est difficile \u00e0 expliquer, c&rsquo;est comme faire un plein d&rsquo;\u00e9motion. \u00bb<br \/>\n<\/span><\/p>\n<p style=\"margin-left: 28pt;\"><span style=\"color: #c00000; font-family: Arial;\">[\u2026]<br \/>\n<\/span><\/p>\n<p style=\"margin-left: 28pt;\"><span style=\"color: #c00000; font-family: Arial;\">En un an, ils se sont r\u00e9unis trois fois. Li\u00e9s \u00e0 jamais, les fulgur\u00e9s d&rsquo;Azerailles suscitent aussi un fort int\u00e9r\u00eat scientifique. Pour la premi\u00e8re fois en France, un m\u00e9decin peut observer sur un large groupe les effets de l&rsquo;\u00e9lectricit\u00e9 naturelle, mal connus. Dans un contexte de changement climatique et de multiplication des orages, l&rsquo;enjeu est particuli\u00e8rement int\u00e9ressant.&nbsp;\u00bb<br \/>\n<\/span><\/p>\n<p><span style=\"color: #777777; font-family: Arial;\">Et le Monde raconte les s\u00e9quelles et cons\u00e9quences de ce coup de foudre sur plusieurs fulgur\u00e9s.<br \/>\n<\/span><\/p>\n<p><span style=\"color: #777777; font-family: Arial;\">L&rsquo;histoire de Rapha\u00eblle Manceau m&rsquo;a le plus impressionn\u00e9&nbsp;:<br \/>\n<\/span><\/p>\n<p style=\"margin-left: 28pt;\"><span style=\"color: #c00000; font-family: Arial;\">\u00ab&nbsp;De son c\u00f4t\u00e9, Rapha\u00eblle Manceau n&rsquo;\u00e9tait gu\u00e8re mieux lotie. Dans sa grande maison de rondins, au milieu des \u00e9pic\u00e9as et des bouleaux, \u00e0 Saint-Di\u00e9, dans les Vosges, elle explique avoir d\u00fb changer son rythme de femme suractive.<br \/>\n<\/span><\/p>\n<p style=\"margin-left: 28pt;\"><span style=\"color: #c00000; font-family: Arial;\">Professeure des \u00e9coles, elle est en arr\u00eat longue maladie. Elle, ce ne sont pas ses jambes mais son cerveau qui a \u00e9t\u00e9 touch\u00e9. Lors du coup de foudre, elle a perdu connaissance. Les semaines suivantes, elle a souffert de forte fatigue et de maux \u00ab insupportables \u00bb \u00e0 la t\u00eate et aux pieds, zones de passage de la d\u00e9charge.<br \/>\n<\/span><\/p>\n<p style=\"margin-left: 28pt;\"><span style=\"color: #c00000; font-family: Arial;\">\u00ab La foudre est sortie par cinq points sur un pied, et sept sur l&rsquo;autre, t\u00e9moigne-t-elle devant un sirop de menthe maison. \u00c7a faisait des taches noires, comme des verrues. \u00bb Chose \u00e9tonnante, elle a b\u00e9n\u00e9fici\u00e9 de capacit\u00e9s augment\u00e9es.<br \/>\n<\/span><\/p>\n<p style=\"margin-left: 28pt;\"><span style=\"color: #c00000; font-family: Arial;\">Rapha\u00eblle Manceau est, avec Jocelyne Chapelle, qui est devenue son amie et confidente, l&rsquo;une des victimes les plus touch\u00e9es. Durant le mois qui a suivi l&rsquo;impact, elle semble avoir pr\u00e9sent\u00e9 les sympt\u00f4mes d&rsquo;une hyperactivit\u00e9 c\u00e9r\u00e9brale.<br \/>\n<\/span><\/p>\n<p style=\"margin-left: 28pt;\"><span style=\"color: #c00000; font-family: Arial;\">\u00ab Je faisais des multiplications de trois chiffres par trois chiffres, en m\u00eame temps je fredonnais des airs et pensais \u00e0 l&rsquo;organisation du quotidien \u00bb, se souvient-elle. Mais ses \u00ab superpouvoirs \u00bb ont dur\u00e9 \u00e0 peine plus d&rsquo;un mois.<br \/>\n<\/span><\/p>\n<p style=\"margin-left: 28pt;\"><span style=\"color: #c00000; font-family: Arial;\">Elle a \u00e9galement chang\u00e9 de comportement. D\u00e9j\u00e0 tr\u00e8s sociable et enjou\u00e9e, elle abordait des inconnus dans la rue pour un brin de causette, \u00ab attir\u00e9e comme un aimant \u00bb. Puis, au bout d&rsquo;un mois et d&rsquo;un jour, elle a perdu la parole. Elle ne trouvait plus ses mots, s&rsquo;exprimait de fa\u00e7on tr\u00e8s lente.<br \/>\n<\/span><\/p>\n<p style=\"margin-left: 28pt;\"><span style=\"color: #c00000; font-family: Arial;\">Sp\u00e9cialiste des enfants en difficult\u00e9, elle a d\u00e9couvert qu&rsquo;elle aussi \u00e9tait devenue dysgraphique, dysorthographique, dyspraxique (soucis de coordination)\u2026 Elle a alors multipli\u00e9 les s\u00e9ances de kin\u00e9 et d&rsquo;orthophonie puis, au bout de trois mois, a commenc\u00e9 \u00e0 mieux parler.<br \/>\n<\/span><\/p>\n<p style=\"margin-left: 28pt;\"><span style=\"color: #c00000; font-family: Arial;\">Aujourd&rsquo;hui, c&rsquo;est quasiment parfait. Mais, surprise, elle a attrap\u00e9 l&rsquo;accent alsacien. Elle a certes habit\u00e9 quelques ann\u00e9es de l&rsquo;autre c\u00f4t\u00e9 des Vosges, mais certifie que jamais elle ne s&rsquo;est exprim\u00e9e ainsi. \u00ab Selon l&rsquo;orthophoniste, \u00e7a me permet de faire tra\u00eener certaines syllabes et de r\u00e9fl\u00e9chir aux mots que je dois utiliser. \u00bb<br \/>\n<\/span><\/p>\n<p style=\"margin-left: 28pt;\"><span style=\"color: #c00000; font-family: Arial;\">Elle a beaucoup de mal \u00e0 apprendre par c\u0153ur. En revanche, elle retrouve des souvenirs d&rsquo;enfance oubli\u00e9s. Enfin, elle souffre d&rsquo;acouph\u00e8nes et de fatigue intense. Parfois, en revenant de courses, elle doit se garer en urgence sur le bord de la route et dort\u2026 trois heures. \u00ab J&rsquo;ai fini par accepter de ne plus \u00eatre tout \u00e0 fait moi \u00bb, glisse-t-elle.&nbsp;\u00bb<br \/>\n<\/span><\/p>\n<p><span style=\"color: #777777; font-family: Arial;\">D&rsquo;autres racontent aussi des cons\u00e9quences \u00e9tonnantes et d\u00e9stabilisantes.<br \/>\n<\/span><\/p>\n<p><span style=\"color: #777777; font-family: Arial;\">Cet article nous apprend aussi <strong>qu&rsquo;un coup de foudre c&rsquo;est 30 000 degr\u00e9s<\/strong>.<br \/>\n<\/span><\/p>\n<p><span style=\"color: #777777; font-family: Arial;\">Plusieurs fulgur\u00e9s souffrent toujours de stress post-traumatique.<br \/>\n<\/span><\/p>\n<p><span style=\"color: #777777; font-family: Arial;\">Et l&rsquo;article nous apprend que beaucoup d&rsquo;entre eux cherchent un sens \u00e0 l&rsquo;histoire : pourquoi moi, pourquoi ce sursis, quel est le message ? Consciemment ou non, personne n&rsquo;\u00e9chappe \u00e0 la mythologie de la foudre.<br \/>\n<\/span><\/p>\n<p><span style=\"color: #777777; font-family: Arial;\">Les M\u00e9decins s&rsquo;int\u00e9ressent \u00e0 ce groupe de fulgur\u00e9s&nbsp;:<br \/>\n<\/span><\/p>\n<p style=\"margin-left: 28pt;\"><span style=\"color: #c00000; font-family: Arial;\">\u00ab&nbsp;Angoiss\u00e9s ou sereins, avec ou sans s\u00e9quelles, toutes les victimes ont accept\u00e9 de devenir des cobayes, au nom du progr\u00e8s de la science. Interne en m\u00e9decine aux urgences d&rsquo;Aurillac, R\u00e9mi Foussat lancera un protocole de recherche d&rsquo;ici \u00e0 la fin de l&rsquo;ann\u00e9e. Juste apr\u00e8s avoir pass\u00e9 sa th\u00e8se sur les troubles neurologiques chez les fulgur\u00e9s.<br \/>\n<\/span><\/p>\n<p style=\"margin-left: 28pt;\"><span style=\"color: #c00000; font-family: Arial;\">En France, la foudre touche une petite centaine de personnes par an, recens\u00e9es par le SAMU, et \u00ab de 200 \u00e0 500 personnes en tout, selon des estimations floues \u00bb, dit-il. Parmi elles, de 10 % \u00e0 15 % d\u00e9c\u00e8dent. Avec le chef des urgences d&rsquo;Aurillac, Laurent Caumon, il compte d&rsquo;ailleurs cr\u00e9er un r\u00e9seau r\u00e9gional de recensement des victimes de la foudre.<br \/>\n<\/span><\/p>\n<p style=\"margin-left: 28pt;\"><span style=\"color: #c00000; font-family: Arial;\">Mais les fulgurations collectives, qui permettent de comprendre les variantes entre individus, sont rarissimes. \u00ab Les troubles du groupe d&rsquo;Azerailles sont assez repr\u00e9sentatifs, constate l&rsquo;interne. Ils sont de trois types : transitoires, prolong\u00e9s et retard\u00e9s. Ces derniers se d\u00e9clenchent trois semaines \u00e0 six mois apr\u00e8s l&rsquo;accident. Au bout d&rsquo;un an, il y a donc peu de risque que de nouveaux troubles apparaissent. \u00bb Anne Chrisment devrait \u00eatre rassur\u00e9e.<br \/>\n<\/span><\/p>\n<p style=\"margin-left: 28pt;\"><span style=\"color: #c00000; font-family: Arial;\">\u00ab Nous avons une connaissance nulle de la fa\u00e7on dont passe le courant sur un organisme vivant. \u00bb Marie-Agn\u00e8s Courty, g\u00e9ologue au CNRS<br \/>\n<\/span><\/p>\n<p style=\"margin-left: 28pt;\"><span style=\"color: #c00000; font-family: Arial;\">Il a \u00e9t\u00e9 bien plus \u00e9tonn\u00e9 par l&rsquo;hyperactivit\u00e9 c\u00e9r\u00e9brale de deux victimes, \u00ab sympt\u00f4me tr\u00e8s rarement d\u00e9crit \u00bb. Quant \u00e0 la th\u00e8se du partage de la d\u00e9charge qui aurait sauv\u00e9 tout le monde, il ne la retient pas : \u00ab Trop simpliste, juge-t-il. Le coup de foudre est si puissant que le diviser ne change pas grand-chose. \u00bb Mais il n&rsquo;a pas d&rsquo;explication.<br \/>\n<\/span><\/p>\n<p style=\"margin-left: 28pt;\"><span style=\"color: #c00000; font-family: Arial;\">R\u00e9mi Foussat va traquer chez ces survivants des marqueurs invisibles de la foudre. Il va tenter de d\u00e9celer dans leur corps des <span style=\"color: #0000ff;\"><a style=\"color: #0000ff;\" href=\"https:\/\/fr.wikipedia.org\/wiki\/Nanocomposite\">nanocomposites,<\/a><\/span> soit un assemblage de nanoparticules m\u00e9talliques, v\u00e9g\u00e9tales ou cristallines. Gr\u00e2ce \u00e0 cette mise en \u00e9vidence, il esp\u00e8re mieux comprendre les l\u00e9sions d&rsquo;un courant \u00e9lectrique sur les nerfs, afin d&rsquo;expliquer, entre autres, les troubles retard\u00e9s.<br \/>\n<\/span><\/p>\n<p style=\"margin-left: 28pt;\"><span style=\"color: #c00000; font-family: Arial;\">En France, la sp\u00e9cialiste du sujet s&rsquo;appelle Marie-Agn\u00e8s Courty. G\u00e9ologue au CNRS \u00e0 Perpignan, elle a d\u00e9couvert que les nanocomposites permettent de tracer les effets du passage d&rsquo;un courant \u00e9lectrique sur un organisme vivant, un sol ou tous types de surfaces.<br \/>\n<\/span><\/p>\n<p style=\"margin-left: 28pt;\"><span style=\"color: #c00000; font-family: Arial;\">\u00ab Une fulguration entra\u00eene la production consid\u00e9rable de nanocomposites sur le moment et dans les mois qui suivent, expose-t-elle. L&rsquo;\u00e9tude de R\u00e9mi Foussat repr\u00e9sente un enjeu important car nous avons une connaissance nulle de la fa\u00e7on dont passe le courant sur un organisme vivant. \u00bb<br \/>\n<\/span><\/p>\n<p><span style=\"color: #777777; font-family: Arial;\">La science pourra donc probablement progresser gr\u00e2ce aux fulgur\u00e9s d&rsquo;Azerailles. Mais il s&rsquo;agit quand m\u00eame, si on comprend bien ce qui s&rsquo;est pass\u00e9, de ce que l&rsquo;on appelle dans notre compr\u00e9hension d&rsquo;une sorte de miracle.<br \/>\n<\/span><\/p>\n<p><span style=\"color: #800000; font-family: Arial;\">&lt;1115&gt;<\/span><\/p>\n","protected":false},"excerpt":{"rendered":"<p>\u00ab&nbsp;Les fulgur\u00e9s d\u2019Azerailles&nbsp;\u00bb Des personnes unis \u00e0 vie par quelques millisecondes d\u2019\u00e9lectricit\u00e9 tomb\u00e9e du ciel. Je suppose que comme moi vous ignoriez jusqu&rsquo;\u00e0 l&rsquo;existence d&rsquo;Azerailles, petit village de Meurthe et Moselle de 800 habitants, proche de la cit\u00e9 du cristal<\/p>\n","protected":false},"author":1,"featured_media":0,"comment_status":"open","ping_status":"closed","sticky":false,"template":"","format":"standard","meta":{"footnotes":""},"categories":[1],"tags":[48,13,35],"class_list":["post-5402","post","type-post","status-publish","format-standard","hentry","category-motdujour","tag-nature","tag-sante","tag-sciences"],"_links":{"self":[{"href":"https:\/\/lemotdujour.fr\/index.php?rest_route=\/wp\/v2\/posts\/5402","targetHints":{"allow":["GET"]}}],"collection":[{"href":"https:\/\/lemotdujour.fr\/index.php?rest_route=\/wp\/v2\/posts"}],"about":[{"href":"https:\/\/lemotdujour.fr\/index.php?rest_route=\/wp\/v2\/types\/post"}],"author":[{"embeddable":true,"href":"https:\/\/lemotdujour.fr\/index.php?rest_route=\/wp\/v2\/users\/1"}],"replies":[{"embeddable":true,"href":"https:\/\/lemotdujour.fr\/index.php?rest_route=%2Fwp%2Fv2%2Fcomments&post=5402"}],"version-history":[{"count":4,"href":"https:\/\/lemotdujour.fr\/index.php?rest_route=\/wp\/v2\/posts\/5402\/revisions"}],"predecessor-version":[{"id":12365,"href":"https:\/\/lemotdujour.fr\/index.php?rest_route=\/wp\/v2\/posts\/5402\/revisions\/12365"}],"wp:attachment":[{"href":"https:\/\/lemotdujour.fr\/index.php?rest_route=%2Fwp%2Fv2%2Fmedia&parent=5402"}],"wp:term":[{"taxonomy":"category","embeddable":true,"href":"https:\/\/lemotdujour.fr\/index.php?rest_route=%2Fwp%2Fv2%2Fcategories&post=5402"},{"taxonomy":"post_tag","embeddable":true,"href":"https:\/\/lemotdujour.fr\/index.php?rest_route=%2Fwp%2Fv2%2Ftags&post=5402"}],"curies":[{"name":"wp","href":"https:\/\/api.w.org\/{rel}","templated":true}]}}