{"id":540,"date":"2013-12-17T01:00:00","date_gmt":"2013-12-16T22:00:00","guid":{"rendered":"http:\/\/lemotdujour.fr\/?p=540"},"modified":"2017-05-08T13:20:26","modified_gmt":"2017-05-08T11:20:26","slug":"mardi-17122013","status":"publish","type":"post","link":"https:\/\/lemotdujour.fr\/?p=540","title":{"rendered":"Mardi 17\/12\/2013"},"content":{"rendered":"<div class=\"mdjDate\">Mardi 17\/12\/2013<\/div>\n<div class=\"mdjTexte\">\u00ab\u00a0Autrefois j&rsquo;\u00e9tais ind\u00e9cis, mais \u00e0 pr\u00e9sent je n&rsquo;en suis plus tout \u00e0 fait s\u00fbr.\u00a0\u00bb<\/div>\n<div class=\"mdjAuteur\">Umberto Ecco<\/div>\n<div class=\"mdjComplements\">Un mot du jour un peu plus l\u00e9ger aujourd&rsquo;hui, encore que&#8230;<\/div>\n<div class=\"mdjComplements\">Cit\u00e9 par Etienne Klein dans sa Chronique de France Culture le Monde selon Etienne Klein du 07\/11\/2013<\/div>\n","protected":false},"excerpt":{"rendered":"<p>Mardi 17\/12\/2013 \u00ab\u00a0Autrefois j&rsquo;\u00e9tais ind\u00e9cis, mais \u00e0 pr\u00e9sent je n&rsquo;en suis plus tout \u00e0 fait s\u00fbr.\u00a0\u00bb Umberto Ecco Un mot du jour un peu plus l\u00e9ger aujourd&rsquo;hui, encore que&#8230; Cit\u00e9 par Etienne Klein dans sa Chronique de France Culture le<\/p>\n","protected":false},"author":1,"featured_media":0,"comment_status":"closed","ping_status":"closed","sticky":false,"template":"","format":"standard","meta":{"footnotes":""},"categories":[1],"tags":[],"class_list":["post-540","post","type-post","status-publish","format-standard","hentry","category-motdujour"],"_links":{"self":[{"href":"https:\/\/lemotdujour.fr\/index.php?rest_route=\/wp\/v2\/posts\/540","targetHints":{"allow":["GET"]}}],"collection":[{"href":"https:\/\/lemotdujour.fr\/index.php?rest_route=\/wp\/v2\/posts"}],"about":[{"href":"https:\/\/lemotdujour.fr\/index.php?rest_route=\/wp\/v2\/types\/post"}],"author":[{"embeddable":true,"href":"https:\/\/lemotdujour.fr\/index.php?rest_route=\/wp\/v2\/users\/1"}],"replies":[{"embeddable":true,"href":"https:\/\/lemotdujour.fr\/index.php?rest_route=%2Fwp%2Fv2%2Fcomments&post=540"}],"version-history":[{"count":1,"href":"https:\/\/lemotdujour.fr\/index.php?rest_route=\/wp\/v2\/posts\/540\/revisions"}],"predecessor-version":[{"id":541,"href":"https:\/\/lemotdujour.fr\/index.php?rest_route=\/wp\/v2\/posts\/540\/revisions\/541"}],"wp:attachment":[{"href":"https:\/\/lemotdujour.fr\/index.php?rest_route=%2Fwp%2Fv2%2Fmedia&parent=540"}],"wp:term":[{"taxonomy":"category","embeddable":true,"href":"https:\/\/lemotdujour.fr\/index.php?rest_route=%2Fwp%2Fv2%2Fcategories&post=540"},{"taxonomy":"post_tag","embeddable":true,"href":"https:\/\/lemotdujour.fr\/index.php?rest_route=%2Fwp%2Fv2%2Ftags&post=540"}],"curies":[{"name":"wp","href":"https:\/\/api.w.org\/{rel}","templated":true}]}}