{"id":538,"date":"2013-12-16T01:00:00","date_gmt":"2013-12-15T22:00:00","guid":{"rendered":"http:\/\/lemotdujour.fr\/?p=538"},"modified":"2017-05-08T13:20:26","modified_gmt":"2017-05-08T11:20:26","slug":"lundi-16122013","status":"publish","type":"post","link":"https:\/\/lemotdujour.fr\/?p=538","title":{"rendered":"Lundi 16\/12\/2013"},"content":{"rendered":"<div class=\"mdjDate\">Lundi 16\/12\/2013<\/div>\n<div class=\"mdjTexte\">\u00ab Servons la bonne cause et servons-nous ! \u00bb<\/div>\n<div class=\"mdjAuteur\">Benjamin Constant<\/div>\n<div class=\"mdjComplements\">Ce mot du jour ou contre mot du jour, car il veut montrer des d\u00e9rives de nos \u00e9lites.<\/div>\n<div class=\"mdjComplements\">Ce propos est explicit\u00e9 dans l&rsquo;article de Laurent Mauduit paru dans MEDIAPART et joint au pr\u00e9sent message.<\/div>\n<div class=\"mdjComplements\">Il y a l&rsquo;analyse libre du journaliste, que je m&rsquo;interdis de commenter.<\/div>\n<div class=\"mdjComplements\">Mais il y a surtout des faits objectifs\u2026Ces faits montrent l&rsquo;extraordinaire porosit\u00e9 entre le monde de la haute administration et le monde de la Finance.<\/div>\n<div class=\"mdjComplements\">Ainsi, certains Hauts fonctionnaires que j&rsquo;ai du mal \u00e0 nommer des serviteurs de l&rsquo;Etat, qui sont d&rsquo;abord charg\u00e9s de surveiller, de contr\u00f4ler de r\u00e9guler des entreprises priv\u00e9es peuvent ensuite par un bond rapide et efficace se retrouver de l&rsquo;autre c\u00f4t\u00e9.<\/div>\n","protected":false},"excerpt":{"rendered":"<p>Lundi 16\/12\/2013 \u00ab Servons la bonne cause et servons-nous ! \u00bb Benjamin Constant Ce mot du jour ou contre mot du jour, car il veut montrer des d\u00e9rives de nos \u00e9lites. Ce propos est explicit\u00e9 dans l&rsquo;article de Laurent Mauduit<\/p>\n","protected":false},"author":1,"featured_media":0,"comment_status":"closed","ping_status":"closed","sticky":false,"template":"","format":"standard","meta":{"footnotes":""},"categories":[1],"tags":[],"class_list":["post-538","post","type-post","status-publish","format-standard","hentry","category-motdujour"],"_links":{"self":[{"href":"https:\/\/lemotdujour.fr\/index.php?rest_route=\/wp\/v2\/posts\/538","targetHints":{"allow":["GET"]}}],"collection":[{"href":"https:\/\/lemotdujour.fr\/index.php?rest_route=\/wp\/v2\/posts"}],"about":[{"href":"https:\/\/lemotdujour.fr\/index.php?rest_route=\/wp\/v2\/types\/post"}],"author":[{"embeddable":true,"href":"https:\/\/lemotdujour.fr\/index.php?rest_route=\/wp\/v2\/users\/1"}],"replies":[{"embeddable":true,"href":"https:\/\/lemotdujour.fr\/index.php?rest_route=%2Fwp%2Fv2%2Fcomments&post=538"}],"version-history":[{"count":1,"href":"https:\/\/lemotdujour.fr\/index.php?rest_route=\/wp\/v2\/posts\/538\/revisions"}],"predecessor-version":[{"id":539,"href":"https:\/\/lemotdujour.fr\/index.php?rest_route=\/wp\/v2\/posts\/538\/revisions\/539"}],"wp:attachment":[{"href":"https:\/\/lemotdujour.fr\/index.php?rest_route=%2Fwp%2Fv2%2Fmedia&parent=538"}],"wp:term":[{"taxonomy":"category","embeddable":true,"href":"https:\/\/lemotdujour.fr\/index.php?rest_route=%2Fwp%2Fv2%2Fcategories&post=538"},{"taxonomy":"post_tag","embeddable":true,"href":"https:\/\/lemotdujour.fr\/index.php?rest_route=%2Fwp%2Fv2%2Ftags&post=538"}],"curies":[{"name":"wp","href":"https:\/\/api.w.org\/{rel}","templated":true}]}}