{"id":5364,"date":"2018-09-19T02:49:48","date_gmt":"2018-09-19T00:49:48","guid":{"rendered":"http:\/\/lemotdujour.fr\/?p=5364"},"modified":"2022-03-11T15:31:32","modified_gmt":"2022-03-11T14:31:32","slug":"mercredi-19-septembre-2018","status":"publish","type":"post","link":"https:\/\/lemotdujour.fr\/?p=5364","title":{"rendered":"Mercredi 19 septembre 2018"},"content":{"rendered":"<div class=\"mdjTexte\">\u00ab&nbsp;La R\u00e9publique en march\u00e9&nbsp;?&nbsp;\u00bb<\/div>\n<div class=\"mdjAuteur\">Fr\u00e9d\u00e9ric Says<\/div>\n<p><span style=\"color: #777777; font-family: Arial;\">Lundi, j&rsquo;exprimais ma satisfaction concernant le Pr\u00e9sident de la R\u00e9publique et son attitude \u00e0 l&rsquo;\u00e9gard de la guerre d&rsquo;Alg\u00e9rie et du destin de Maurice Audin.<br \/>\n<\/span><\/p>\n<p><span style=\"color: #777777; font-family: Arial;\">Aujourd&rsquo;hui, je vais vous parler des produits d\u00e9riv\u00e9s de l&rsquo;Elys\u00e9e.<br \/>\n<\/span><\/p>\n<p><span style=\"color: #777777; font-family: Arial;\">Par exemple ce \u00ab&nbsp;T-shirt Champions du monde&nbsp;\u00bb est vendu 55 euros.<br \/>\n<\/span><\/p>\n<p><img decoding=\"async\" class=\"alignleft\" src=\"https:\/\/lemotdujour.fr\/wp-content\/uploads\/2018\/09\/091718_2149_Mercredi19s1.png\" alt=\"\" align=\"left\"><span style=\"color: #777777; font-family: Arial;\">Il nous rappelle que la France a gagn\u00e9 la coupe du monde Football et que notre jeune Pr\u00e9sident a illumin\u00e9 de son euphorie et de ses qualit\u00e9s sportives cet \u00e9v\u00e8nement mondial.<br \/>\n<\/span><\/p>\n<p><span style=\"color: #777777; font-family: Arial;\">Si vous souhaitez l&rsquo;offrir pour No\u00ebl ou d&rsquo;autres produits de ce type l&rsquo;adresse est derri\u00e8re ce lien&nbsp;: <a href=\"https:\/\/boutique.elysee.fr\/\"><span style=\"color: #0000ff;\">https:\/\/boutique.elysee.fr\/<\/span><\/a><br \/>\n<\/span><\/p>\n<p><span style=\"color: #777777; font-family: Arial;\">Le produit de la vente ne poursuit pas l&rsquo;objectif de donner de l&rsquo;argent de poche au couple pr\u00e9sidentiel, mais doit servir \u00e0 faire des travaux au Palais de l&rsquo;Elys\u00e9e sans passer par la case \u00ab&nbsp;imp\u00f4ts&nbsp;\u00bb<br \/>\n<\/span><\/p>\n<p><span style=\"color: #777777; font-family: Arial;\">Fr\u00e9d\u00e9ric Says a consacr\u00e9 sa chronique du 17 septembre \u00e0 cette nouvelle disruption et a donn\u00e9 pour titre de son billet&nbsp;: \u00ab&nbsp;<a href=\"https:\/\/www.franceculture.fr\/emissions\/le-billet-politique\/le-billet-politique-du-lundi-17-septembre-2018\"><span style=\"color: #0000ff;\">La R\u00e9publique en march\u00e9 ?&nbsp;<\/span><\/a><span style=\"color: #0000ff;\">\u00bb<\/span><br \/>\n<\/span><\/p>\n<p><span style=\"color: #777777; font-family: Arial;\">Selon lui il s&rsquo;agit d&rsquo;une initiative moins anodine qu&rsquo;il n&rsquo;y para\u00eet&nbsp;:<br \/>\n<\/span><\/p>\n<p style=\"margin-left: 28pt;\"><span style=\"color: #c00000; font-family: Arial;\">\u00ab&nbsp;347&nbsp;000 euros en trois jours&nbsp;: voici le chiffre d&rsquo;affaires de la nouvelle boutique de l&rsquo;\u00c9lys\u00e9e.<br \/>\n<\/span><\/p>\n<p style=\"margin-left: 28pt;\"><span style=\"color: #c00000; font-family: Arial;\">Une boutique lanc\u00e9e ce week-end, \u00e0 l&rsquo;occasion des Journ\u00e9es du patrimoine. Sur place ou en ligne, elle rassemble des dizaines de produits d\u00e9riv\u00e9s li\u00e9s \u00e0 la pr\u00e9sidence de la R\u00e9publique. Cela va du stylo Bic bleu-blanc-rouge (3 euros) jusqu&rsquo;au bracelet en or, estampill\u00e9 libert\u00e9, \u00e9galit\u00e9 ou fraternit\u00e9 (250 \u20ac).<br \/>\n<\/span><\/p>\n<p style=\"margin-left: 28pt;\"><span style=\"color: #c00000; font-family: Arial;\">[\u2026]<br \/>\n<\/span><\/p>\n<p style=\"margin-left: 28pt;\"><span style=\"color: #c00000; font-family: Arial;\">Plus s\u00e9rieusement, la pr\u00e9sidence de la R\u00e9publique se justifie&nbsp;: les b\u00e9n\u00e9fices de cette boutique seront affect\u00e9s \u00e0 la r\u00e9novation du palais de l&rsquo;Elys\u00e9e, dont certaines parties sont pour le moins d\u00e9cr\u00e9pies.<br \/>\n<\/span><\/p>\n<p style=\"margin-left: 28pt;\"><span style=\"color: #c00000; font-family: Arial;\">Une strat\u00e9gie de communication assez habile politiquement&#8230;<br \/>\n<\/span><\/p>\n<p style=\"margin-left: 28pt;\"><span style=\"color: #c00000; font-family: Arial;\">Oui, au moment o\u00f9 les m\u00e9nages payent leur dernier tiers d&rsquo;imp\u00f4t sur le revenu, il ne sera pas dit que le contribuable finance les am\u00e9nagements du \u00ab\u00a0Ch\u00e2teau\u00a0\u00bb. Par ailleurs, l&rsquo;existence de cette boutique est coh\u00e9rente avec les valeurs v\u00e9hicul\u00e9es inlassablement par Emmanuel Macron&nbsp;: la start-up nation, l&rsquo;innovation, la disruption&nbsp;: \u00e7a n&rsquo;avait jamais \u00e9t\u00e9 fait, il faut donc le faire&#8230;<br \/>\n<\/span><\/p>\n<p style=\"margin-left: 28pt;\"><span style=\"color: #c00000; font-family: Arial;\">\u00c9videmment, tout cela pr\u00eate \u00e0 hausser les \u00e9paules. Mais cette \u00e9volution n&rsquo;est pas seulement anecdotique ou insolite. Elle \u00e9claire aussi la philosophie g\u00e9n\u00e9rale du pr\u00e9sident sur la question de l&rsquo;imp\u00f4t. Peut-\u00eatre connaissez-vous la formule d&rsquo;Alphonse Allais&nbsp;: \u00ab <strong>il faut demander plus \u00e0 l&rsquo;imp\u00f4t et moins au contribuable<\/strong> \u00bb.<br \/>\n<\/span><\/p>\n<p style=\"margin-left: 28pt;\"><span style=\"color: #c00000; font-family: Arial;\">Pour Emmanuel Macron c&rsquo;est l&rsquo;inverse. L&rsquo;imp\u00f4t ne peut pas tout, les budgets publics non plus. L&rsquo;on a d\u00e9j\u00e0 vu cette logique \u00e0 l&rsquo;\u0153uvre avec le loto cr\u00e9\u00e9 pour venir en aide au patrimoine, sous la houlette de St\u00e9phane Bern. Dans cette perspective, ce n&rsquo;est pas \u00e0 la puissance publique de soutenir le patrimoine en danger, c&rsquo;est \u00e0 la g\u00e9n\u00e9rosit\u00e9 du public. M\u00eame raisonnement pour la r\u00e9fection de l&rsquo;\u00c9lys\u00e9e.<br \/>\n<\/span><\/p>\n<p style=\"margin-left: 28pt;\"><span style=\"color: #c00000; font-family: Arial;\">Bien s\u00fbr, l&rsquo;\u00c9tat ne coupe pas tous ses financements. En l&rsquo;occurrence, des fonds publics restent massivement engag\u00e9s&#8230;<br \/>\n<\/span><\/p>\n<p style=\"margin-left: 28pt;\"><span style=\"color: #c00000; font-family: Arial;\">Mais derri\u00e8re ces exemples tr\u00e8s m\u00e9diatis\u00e9s, l&rsquo;on entrevoit une id\u00e9e g\u00e9n\u00e9rale, qui est ici introduite de mani\u00e8re subreptice. Celle de faire primer la charit\u00e9 sur la solidarit\u00e9&nbsp;; le m\u00e9c\u00e9nat individuel sur la contribution collective. Si l&rsquo;on prend du recul, ces initiatives portent en germes l&rsquo;id\u00e9e d&rsquo;un imp\u00f4t \u00e0 la carte&nbsp;: \u00ab je choisis les causes pour lesquelles je donne \u00bb.<br \/>\n<\/span><\/p>\n<p style=\"margin-left: 28pt;\"><span style=\"color: #c00000; font-family: Arial;\">D&rsquo;ailleurs, il suffit d&rsquo;\u00e9tendre ce mod\u00e8le pour en montrer les limites. Pourquoi ne pas imaginer, demain, une tombola pour financer la r\u00e9fection d&rsquo;une \u00e9cole&nbsp;?<br \/>\n<\/span><\/p>\n<p style=\"margin-left: 28pt;\"><span style=\"color: #c00000; font-family: Arial;\">Une partie de poker pour la toiture du commissariat&nbsp;?<br \/>\n<\/span><\/p>\n<p style=\"margin-left: 28pt;\"><span style=\"color: #c00000; font-family: Arial;\">Une loterie pour le mat\u00e9riel m\u00e9dical de l&rsquo;h\u00f4pital&nbsp;?<br \/>\n<\/span><\/p>\n<p style=\"margin-left: 28pt;\"><span style=\"color: #c00000; font-family: Arial;\">Ce serait \u00e0 coup s\u00fbr disruptif. Voil\u00e0 pourquoi cette boutique de l&rsquo;Elys\u00e9e a quelque chose de croquignolesque, pour ne pas dire de \u00ab\u00a0poudre de perlimpinpin\u00a0\u00bb.&nbsp;\u00bb<br \/>\n<\/span><\/p>\n<p><span style=\"color: #777777; font-family: Arial;\">Je finirai en citant Philippe Meyer&nbsp;:<br \/>\n<\/span><\/p>\n<p style=\"margin-left: 28pt;\"><span style=\"color: #c00000; font-family: Arial;\">\u00ab&nbsp;Nous vivons une \u00e9poque moderne o\u00f9 le futur ne manque pas d&rsquo;avenir&nbsp;\u00bb <\/span><\/p>\n<p><span style=\"color: #c00000; font-family: Arial;\">&lt;1112&gt;<\/span><\/p>\n","protected":false},"excerpt":{"rendered":"<p>\u00ab&nbsp;La R\u00e9publique en march\u00e9&nbsp;?&nbsp;\u00bb Fr\u00e9d\u00e9ric Says Lundi, j&rsquo;exprimais ma satisfaction concernant le Pr\u00e9sident de la R\u00e9publique et son attitude \u00e0 l&rsquo;\u00e9gard de la guerre d&rsquo;Alg\u00e9rie et du destin de Maurice Audin. Aujourd&rsquo;hui, je vais vous parler des produits d\u00e9riv\u00e9s de<\/p>\n","protected":false},"author":1,"featured_media":0,"comment_status":"open","ping_status":"closed","sticky":false,"template":"","format":"standard","meta":{"footnotes":""},"categories":[1],"tags":[59,10,15],"class_list":["post-5364","post","type-post","status-publish","format-standard","hentry","category-motdujour","tag-commerce","tag-economie","tag-france"],"_links":{"self":[{"href":"https:\/\/lemotdujour.fr\/index.php?rest_route=\/wp\/v2\/posts\/5364","targetHints":{"allow":["GET"]}}],"collection":[{"href":"https:\/\/lemotdujour.fr\/index.php?rest_route=\/wp\/v2\/posts"}],"about":[{"href":"https:\/\/lemotdujour.fr\/index.php?rest_route=\/wp\/v2\/types\/post"}],"author":[{"embeddable":true,"href":"https:\/\/lemotdujour.fr\/index.php?rest_route=\/wp\/v2\/users\/1"}],"replies":[{"embeddable":true,"href":"https:\/\/lemotdujour.fr\/index.php?rest_route=%2Fwp%2Fv2%2Fcomments&post=5364"}],"version-history":[{"count":6,"href":"https:\/\/lemotdujour.fr\/index.php?rest_route=\/wp\/v2\/posts\/5364\/revisions"}],"predecessor-version":[{"id":13383,"href":"https:\/\/lemotdujour.fr\/index.php?rest_route=\/wp\/v2\/posts\/5364\/revisions\/13383"}],"wp:attachment":[{"href":"https:\/\/lemotdujour.fr\/index.php?rest_route=%2Fwp%2Fv2%2Fmedia&parent=5364"}],"wp:term":[{"taxonomy":"category","embeddable":true,"href":"https:\/\/lemotdujour.fr\/index.php?rest_route=%2Fwp%2Fv2%2Fcategories&post=5364"},{"taxonomy":"post_tag","embeddable":true,"href":"https:\/\/lemotdujour.fr\/index.php?rest_route=%2Fwp%2Fv2%2Ftags&post=5364"}],"curies":[{"name":"wp","href":"https:\/\/api.w.org\/{rel}","templated":true}]}}