{"id":536,"date":"2013-12-11T01:00:00","date_gmt":"2013-12-10T22:00:00","guid":{"rendered":"http:\/\/lemotdujour.fr\/?p=536"},"modified":"2017-05-08T13:20:25","modified_gmt":"2017-05-08T11:20:25","slug":"mercredi-11122013","status":"publish","type":"post","link":"https:\/\/lemotdujour.fr\/?p=536","title":{"rendered":"Mercredi 11\/12\/2013"},"content":{"rendered":"<div class=\"mdjDate\">Mercredi 11\/12\/2013<\/div>\n<div class=\"mdjTexte\">\u00ab telle \u00e9tait ma mission : lib\u00e9rer \u00e0 la fois l\u2019opprim\u00e9 et l\u2019oppresseur. \u00bb<\/div>\n<div class=\"mdjAuteur\">Nelson Mandela.<\/div>\n<div class=\"mdjComplements\">Et je ne me lasse pas de citer Nelson Mandela.<\/div>\n<div class=\"mdjComplements\">Toujours dans son ouvrage \u00ab\u00a0Un long chemin vers la libert\u00e9\u00a0\u00bb, dans les derni\u00e8re pages de cet ouvrage, il ajoute : \u00ab Quand j\u2019ai franchi les portes de la prison, telle \u00e9tait ma mission : lib\u00e9rer \u00e0 la fois l\u2019opprim\u00e9 et l\u2019oppresseur. \u00bb<\/div>\n<div class=\"mdjComplements\">Sur ce point Mandela a \u00e9t\u00e9 constant dans la derni\u00e8re partie de sa vie, le mot du jour du 28\/06\/2013 citait un autre propos de lui : \u00ab Etre libre, ce n&rsquo;est pas seulement se d\u00e9barrasser de ses cha\u00eenes ; c&rsquo;est vivre d&rsquo;une fa\u00e7on qui respecte et renforce la libert\u00e9 des autres. \u00bb.<\/div>\n<div class=\"mdjComplements\">Bien s\u00fbr qu&rsquo;il faut lib\u00e9rer l&rsquo;opprim\u00e9.<\/div>\n<div class=\"mdjComplements\">Ce que Mandela nous apprend c&rsquo;est que l&rsquo;oppresseur est aussi prisonnier de ses id\u00e9es, de ses dogmes. La paix ne peut se faire qu&rsquo;au prix de la r\u00e9conciliation.<\/div>\n<div class=\"mdjComplements\">La r\u00e9conciliation rend n\u00e9cessaire de s&rsquo;occuper aussi de l&rsquo;oppresseur.<\/div>\n<div class=\"mdjComplements\">Ainsi devenu Pr\u00e9sident, il a souhait\u00e9 rencontrer la veuve de M. Hendrik Verwoerd, qui dirigeait le pays quand il a \u00e9t\u00e9 arr\u00eat\u00e9 et condamn\u00e9 \u00e0 la prison \u00e0 vie et il l&rsquo;a invit\u00e9 au Palais pr\u00e9sidentiel \u00e0 Pretoria. Cette derni\u00e8re a d\u00e9clin\u00e9 l&rsquo;invitation exprimant par ailleurs qu&rsquo;elle n&rsquo;aimait pas l&rsquo;id\u00e9e d&rsquo;un pr\u00e9sident noir pour l&rsquo;Afrique du Sud.<\/div>\n<div class=\"mdjComplements\">Alors Mandela a r\u00e9pondu qu&rsquo;il viendrait lui rendre visite chez elle \u00e0 Orania qui est rest\u00e9 une enclave blanche jusqu&rsquo;aujourd&rsquo;hui, pour prendre le th\u00e9. Mme Verwoerd ne pouvait plus refuser.<\/div>\n<div class=\"mdjComplements\">Et apr\u00e8s sa visite, elle a d\u00e9clar\u00e9 qu&rsquo;elle avait \u00e9t\u00e9 ravie de rencontrer Nelson Mandela.<\/div>\n<div class=\"mdjComplements\">C&rsquo;\u00e9tait la force de cet homme : d\u00e9sarmer ses adversaires par son charisme et son humanit\u00e9.<\/div>\n<div class=\"mdjComplements\"><a href=\"http:\/\/www.huffingtonpost.fr\/2013\/12\/06\/afrique-du-sud-apartheid-mandela_n_4396942.html\">http:\/\/www.huffingtonpost.fr\/2013\/12\/06\/afrique-du-sud-apartheid-mandela_n_4396942.html<\/a><\/div>\n","protected":false},"excerpt":{"rendered":"<p>Mercredi 11\/12\/2013 \u00ab telle \u00e9tait ma mission : lib\u00e9rer \u00e0 la fois l\u2019opprim\u00e9 et l\u2019oppresseur. \u00bb Nelson Mandela. Et je ne me lasse pas de citer Nelson Mandela. Toujours dans son ouvrage \u00ab\u00a0Un long chemin vers la libert\u00e9\u00a0\u00bb, dans les<\/p>\n","protected":false},"author":1,"featured_media":0,"comment_status":"closed","ping_status":"closed","sticky":false,"template":"","format":"standard","meta":{"footnotes":""},"categories":[1],"tags":[],"class_list":["post-536","post","type-post","status-publish","format-standard","hentry","category-motdujour"],"_links":{"self":[{"href":"https:\/\/lemotdujour.fr\/index.php?rest_route=\/wp\/v2\/posts\/536","targetHints":{"allow":["GET"]}}],"collection":[{"href":"https:\/\/lemotdujour.fr\/index.php?rest_route=\/wp\/v2\/posts"}],"about":[{"href":"https:\/\/lemotdujour.fr\/index.php?rest_route=\/wp\/v2\/types\/post"}],"author":[{"embeddable":true,"href":"https:\/\/lemotdujour.fr\/index.php?rest_route=\/wp\/v2\/users\/1"}],"replies":[{"embeddable":true,"href":"https:\/\/lemotdujour.fr\/index.php?rest_route=%2Fwp%2Fv2%2Fcomments&post=536"}],"version-history":[{"count":1,"href":"https:\/\/lemotdujour.fr\/index.php?rest_route=\/wp\/v2\/posts\/536\/revisions"}],"predecessor-version":[{"id":537,"href":"https:\/\/lemotdujour.fr\/index.php?rest_route=\/wp\/v2\/posts\/536\/revisions\/537"}],"wp:attachment":[{"href":"https:\/\/lemotdujour.fr\/index.php?rest_route=%2Fwp%2Fv2%2Fmedia&parent=536"}],"wp:term":[{"taxonomy":"category","embeddable":true,"href":"https:\/\/lemotdujour.fr\/index.php?rest_route=%2Fwp%2Fv2%2Fcategories&post=536"},{"taxonomy":"post_tag","embeddable":true,"href":"https:\/\/lemotdujour.fr\/index.php?rest_route=%2Fwp%2Fv2%2Ftags&post=536"}],"curies":[{"name":"wp","href":"https:\/\/api.w.org\/{rel}","templated":true}]}}