{"id":5358,"date":"2018-09-18T02:52:05","date_gmt":"2018-09-18T00:52:05","guid":{"rendered":"http:\/\/lemotdujour.fr\/?p=5358"},"modified":"2022-03-11T15:33:44","modified_gmt":"2022-03-11T14:33:44","slug":"mardi-18-septembre-2018","status":"publish","type":"post","link":"https:\/\/lemotdujour.fr\/?p=5358","title":{"rendered":"Mardi 18 septembre 2018"},"content":{"rendered":"<div class=\"mdjTexte\">\u00ab&nbsp;Une immersion dans l&rsquo;art et la musique&nbsp;\u00bb<\/div>\n<div class=\"mdjAuteur\">Exposition consacr\u00e9e \u00e0 Gustav Klimt et d&rsquo;autres viennois \u00e0 l&rsquo;atelier des lumi\u00e8res<\/div>\n<p><span style=\"color: #777777; font-family: Arial;\">Ce week-end nous \u00e9tions \u00e0 Paris pour assister \u00e0 la Philharmonie de Paris \u00e0 une interpr\u00e9tation d&rsquo;anthologie de la 3<sup>\u00e8me<\/sup> Symphonie de Mahler par le Boston Symphony Orchestra sous la direction de son chef Andris Nelsons.<br \/>\n<\/span><\/p>\n<p><span style=\"color: #777777; font-family: Arial;\">Et dimanche matin, nous en avons profit\u00e9 pour aller \u00e0 l&rsquo;exposition Klimt, plus pr\u00e9cis\u00e9ment <strong>l&rsquo;exposition immersive et interactive sur l&rsquo;\u0153uvre de Gustav Klimt<\/strong>.<br \/>\n<\/span><\/p>\n<p><span style=\"color: #777777; font-family: Arial;\">Je pourrai bien s\u00fbr analyser et d\u00e9crire le fabuleux concert auquel nous avons assist\u00e9 Annie, Florence et moi. Mais ce concert est termin\u00e9, il s&rsquo;agit d&rsquo;un moment pass\u00e9 et auquel vous n&rsquo;aurez jamais acc\u00e8s, puisque la machine \u00e0 remonter le temps n&rsquo;a pas encore \u00e9t\u00e9 invent\u00e9.<br \/>\n<\/span><\/p>\n<p><img loading=\"lazy\" decoding=\"async\" class=\"alignleft\" src=\"https:\/\/lemotdujour.fr\/wp-content\/uploads\/2018\/09\/091718_2051_Mardi18sept1.jpg\" alt=\"\" width=\"538\" height=\"380\" align=\"left\"><span style=\"color: #777777; font-family: Arial;\">En revanche, l&rsquo;exposition \u00e0 laquelle nous sommes all\u00e9s est toujours ouverte. Et m\u00eame, en raison de son succ\u00e8s, a \u00e9t\u00e9 prolong\u00e9 de fin novembre jusqu&rsquo;au 6 janvier 2019.<br \/>\n<\/span><\/p>\n<p><span style=\"color: #777777; font-family: Arial;\">Cette exposition, c&rsquo;est d&rsquo;abord un lieu&nbsp;: <strong>\u00ab&nbsp;L&rsquo;atelier des lumi\u00e8res<\/strong>&nbsp;\u00bb qui se situe dans le 11\u00e8me arrondissement de Paris, 38 rue Saint Maur.<br \/>\n<\/span><\/p>\n<p><span style=\"color: #777777; font-family: Arial;\">Il s&rsquo;agit d&rsquo;une ancienne fonderie de 3300 m\u00b2 qui a \u00e9t\u00e9 reconverti en espace culture num\u00e9rique situ\u00e9e dans le XIe arrondissement de Paris<br \/>\n<\/span><\/p>\n<p><span style=\"color: #777777; font-family: Arial;\">Son nom \u00e9tait \u00ab&nbsp;La fonderie du Chemin-Vert&nbsp;\u00bb car situ\u00e9e pr\u00e8s de la rue du Chemin Vert. Elle avait \u00e9t\u00e9 fond\u00e9e en 1835 pour r\u00e9pondre aux besoins de la marine et du chemin de fer pour des pi\u00e8ces en fonte de grande qualit\u00e9. L&rsquo;usine occupait alors un terrain de 3 126 m2 et employait 60 personnes. L&rsquo;usine produisait des moulages de toutes pi\u00e8ces en fonte de fer sur plans et sur mod\u00e8les jusqu&rsquo;\u00e0 10 000 kg.<br \/>\n<\/span><\/p>\n<p><span style=\"color: #777777; font-family: Arial;\">L&rsquo;affaire fait faillite et en 1935, la soci\u00e9t\u00e9 est dissoute, 100 ans apr\u00e8s sa cr\u00e9ation. Le terrain et les immeubles sont vendus aux actuels propri\u00e9taires et abritera une entreprise sp\u00e9cialis\u00e9e dans la fabrication et la vente de machines-outils.<br \/>\n<\/span><\/p>\n<p><span style=\"color: #777777; font-family: Arial;\">Ce lieu a \u00e9t\u00e9 investi par le m\u00eame groupe de cr\u00e9ateur et d&rsquo;artistes, \u00ab&nbsp;<strong>Culturespace&nbsp;<\/strong>\u00bb qui avait d\u00e9j\u00e0 cr\u00e9\u00e9 \u00ab<span style=\"color: #0000ff;\">&nbsp;<\/span><a href=\"https:\/\/www.carrieres-lumieres.com\/fr\/expositions\"><span style=\"color: #0000ff;\">Les carri\u00e8res de lumi\u00e8res aux Baux de Provence.<\/span>&nbsp;<\/a>\u00bb<br \/>\n<\/span><\/p>\n<p><span style=\"color: #777777; font-family: Arial;\">J&rsquo;avais aussi eu la chance avec Annie, gr\u00e2ce \u00e0 Marcel et Josiane, de visiter ce lieu naturel d&rsquo;une beaut\u00e9 majestueuse situ\u00e9 aux Baux de Provence. Dans ce cas aussi, c&rsquo;\u00e9tait au lendemain de la Premi\u00e8re Guerre Mondiale, que le d\u00e9clin de la pierre de construction s&rsquo;\u00e9tait amorc\u00e9 et que de nouveaux mat\u00e9riaux de construction faisant leur apparition, l&rsquo;acier, le b\u00e9ton. les carri\u00e8res de pierre allaient perdre leur destin industriel.<br \/>\n<\/span><\/p>\n<p><span style=\"color: #777777; font-family: Arial;\">C&rsquo;est dans les ann\u00e9es 1960 que Jean Cocteau, envout\u00e9 par la beaut\u00e9 des lieux d\u00e9cide d&rsquo;y tourner \u00ab Le Testament d&rsquo;Orph\u00e9e \u00bb.<br \/>\n<\/span><\/p>\n<p><span style=\"color: #777777; font-family: Arial;\">Et c&rsquo;est, dans ce lieu des carri\u00e8res de Baux de Provence, qu&rsquo;en 2012 un groupe d&rsquo;artistes&nbsp;: Gianfranco Iannuzzi, Renato Gatto et Massimiliano Siccardi, sous le nom de Culturespaces vont cr\u00e9er un concept novateur AMIEX\u00ae (Art &amp; Music Immersive Experience).<br \/>\n<\/span><\/p>\n<p><span style=\"color: #777777; font-family: Arial;\">Des esprits retors et blas\u00e9s diront qu&rsquo;il s&rsquo;agit d&rsquo;un banal son et lumi\u00e8re se basant sur des \u0153uvres picturales accompagn\u00e9es de musique.<br \/>\n<\/span><\/p>\n<p><span style=\"color: #777777; font-family: Arial;\">Oui c&rsquo;est cela, mais c&rsquo;est aussi tr\u00e8s beau et permet d&rsquo;entrer dans l&rsquo;art avec des moyens modernes et num\u00e9riques.<br \/>\n<\/span><\/p>\n<p><span style=\"color: #777777; font-family: Arial;\">Tout cela est expliqu\u00e9 sur &lt;<span style=\"color: #0000ff;\"><a style=\"color: #0000ff;\" href=\"https:\/\/www.atelier-lumieres.com\/\">Le site de l&rsquo;Atelier des Lumi\u00e8res<\/a><\/span>&gt;.<br \/>\n<\/span><\/p>\n<p><span style=\"color: #777777; font-family: Arial;\">Voici une vue de cet espace vierge de toute projection.<br \/>\n<\/span><\/p>\n<p><img decoding=\"async\" src=\"https:\/\/lemotdujour.fr\/wp-content\/uploads\/2018\/09\/091718_2051_Mardi18sept2.jpg\" alt=\"\"><span style=\"color: #777777; font-family: Arial;\"><br \/>\n<\/span><\/p>\n<p><span style=\"color: #777777; font-family: Arial;\">Et voici ce que cela donne avec les projections des tableaux de Klimt. Vous n&rsquo;avez \u00e9videmment pas le son.<br \/>\n<\/span><\/p>\n<p><span style=\"color: #777777; font-family: Arial;\">Mais vous pourrez en avoir un aper\u00e7u sur cette &lt;<a href=\"https:\/\/www.atelier-lumieres.com\/fr\/gustav-klimt\"><span style=\"color: #0000ff;\">Page consacr\u00e9e \u00e0 l&rsquo;exposition Klimt<\/span><\/a>&gt;<br \/>\n<\/span><\/p>\n<p><img decoding=\"async\" src=\"https:\/\/lemotdujour.fr\/wp-content\/uploads\/2018\/09\/091718_2051_Mardi18sept3.jpg\" alt=\"\"><span style=\"color: #777777; font-family: Arial;\"><br \/>\n<\/span><\/p>\n<p><span style=\"color: #777777; font-family: Arial;\">Culturespaces a voulu pour l&rsquo;ouverture de l&rsquo;Atelier des Lumi\u00e8res pr\u00e9senter un parcours immersif autour des repr\u00e9sentants majeurs de la sc\u00e8ne artistique viennoise avec au centre Gustav Klimt, mais aussi Egon Schiele et Friedensreich Hundertwasser. Leurs \u0153uvres s&rsquo;animent en musique sur l&rsquo;immense espace de projection de l&rsquo;ancienne fonderie.<br \/>\n<\/span><\/p>\n<p><img decoding=\"async\" src=\"https:\/\/lemotdujour.fr\/wp-content\/uploads\/2018\/09\/091718_2051_Mardi18sept4.jpg\" alt=\"\"><span style=\"color: #777777; font-family: Arial;\"><br \/>\n<\/span><\/p>\n<p><span style=\"color: #777777; font-family: Arial;\">Annie et moi avons aim\u00e9 et nous ne sommes pas les seuls&nbsp;:<br \/>\n<\/span><\/p>\n<p><span style=\"color: #777777; font-family: Arial;\">Culture Box pr\u00e9sente&nbsp;: <a href=\"https:\/\/culturebox.francetvinfo.fr\/arts\/peinture\/l-atelier-des-lumieres-nouveau-lieu-d-exposition-a-paris-ouvre-avec-klimt-271681\"><span style=\"color: #0000ff;\">&lt;L&rsquo;Atelier des Lumi\u00e8res, nouveau lieu d&rsquo;exposition \u00e0 Paris, ouvre avec Klimt&gt;<\/span><\/a>&nbsp;:<br \/>\n<\/span><\/p>\n<p style=\"margin-left: 28pt;\"><span style=\"color: #c00000; font-family: Arial;\">\u00ab&nbsp;A l&rsquo;aide de 140 vid\u00e9oprojecteurs et au son des valses et autres musiques de la Vienne de la fin XIXe si\u00e8cle, les \u0153uvres du peintre autrichien s&rsquo;animent et habillent les 3.300 m\u00b2 de surface de projection de ce nouveau lieu baptis\u00e9 Atelier des Lumi\u00e8res, situ\u00e9 dans le XIe arrondissement. C&rsquo;est \u00ab\u00a0la plus grande installation num\u00e9rique de ce type dans le monde\u00a0\u00bb, assure Bruno Monnier, le pr\u00e9sident de Culturespaces, la soci\u00e9t\u00e9 priv\u00e9e en charge du lieu qui ouvre au public ce vendredi avec cette premi\u00e8re exposition.<br \/>\n<\/span><\/p>\n<p style=\"margin-left: 28pt;\"><span style=\"color: #c00000; font-family: Arial;\">Pendant les 35 minutes de projection, le sol et les murs de cette ancienne fonderie se couvrent des \u0153uvres, permettant aux visiteurs de voyager dans la S\u00e9cession viennoise, ce courant artistique autrichien dont Gustav Klimt est la figure de proue.<br \/>\n<\/span><\/p>\n<p style=\"margin-left: 28pt;\"><span style=\"color: #c00000; font-family: Arial;\">[\u2026]. La bande-son venue tout droit de l&rsquo;\u00e9poque de Klimt contribue \u00e0 l&rsquo;immersion : Strauss, Chopin, Mahler&#8230; \u00bb<br \/>\n<\/span><\/p>\n<p><span style=\"color: #777777; font-family: Arial;\">Le Parisien d\u00e9clare&nbsp;: <a href=\"http:\/\/www.leparisien.fr\/culture-loisirs\/art-numerique-plein-les-yeux-avec-klimt-11-04-2018-7658883.php\"><span style=\"color: #0000ff;\">&lt;A l&rsquo;Atelier des Lumi\u00e8res : plein les yeux avec Klimt&gt;<\/span><\/a><span style=\"color: #0000ff;\">&nbsp;<\/span>:<br \/>\n<\/span><\/p>\n<p style=\"margin-left: 28pt;\"><span style=\"color: #c00000; font-family: Arial;\">\u00ab&nbsp;C&rsquo;est \u00e0 voir. \u00c7a en jette, mais on ne trouve pas les mots. Certains parlent du \u00ab premier mus\u00e9e num\u00e9rique \u00bb. Faux, un mus\u00e9e conserve des \u00ab vraies \u00bb \u0153uvres en permanence. Ou \u00e0 la limite, il en existe un au Japon, qui propose des reproductions de peintures dans leur cadre, sur un \u00e9cran plasma. Rien de tel ici. Le contenu des projections Klimt dans ce nouvel espace, l&rsquo;Atelier des Lumi\u00e8res, qui ouvre vendredi dans une ancienne fonderie du XIe arrondissement \u00e0 Paris, tiendrait dans un disque dur. Culturespaces, la soci\u00e9t\u00e9 tr\u00e8s s\u00e9rieuse qui le g\u00e8re, parle plus raisonnablement de \u00ab premier centre d&rsquo;art num\u00e9rique \u00bb dans la capitale.<br \/>\n<\/span><\/p>\n<p style=\"margin-left: 28pt;\"><span style=\"color: #c00000; font-family: Arial;\">On entre dans le noir pour une projection de 40 minutes, et si l&rsquo;on veut, deux autres expositions \u00ab immersives \u00bb plus courtes. D&rsquo;abord Klimt *, le grand peintre de la S\u00e9cession Viennoise au d\u00e9but du XXe si\u00e8cle, inventeur de formes nouvelles, de nus \u00e9tranges couverts d&rsquo;or, de femmes aussi attirantes et inqui\u00e9tantes que dans un film de David Lynch.<br \/>\n<\/span><\/p>\n<p style=\"margin-left: 28pt;\"><span style=\"color: #c00000; font-family: Arial;\">Au sol, aux plafonds, aux murs, les couleurs explosent&nbsp;\u00bb<br \/>\n<\/span><\/p>\n<p><span style=\"color: #777777; font-family: Arial;\">Et ce m\u00eame journal pr\u00e9cise&nbsp;:<br \/>\n<\/span><\/p>\n<p style=\"margin-left: 28pt;\"><span style=\"color: #c00000; font-family: Arial;\">\u00ab&nbsp;C&rsquo;est de la culture plaisir. Et m\u00eame \u00e0 Paris, comme le souligne Bruno Monnier, patron de Culturespaces, \u00ab les mus\u00e9es ne touchent que 50 % de la population au grand maximum. Beaucoup de gens n&rsquo;osent pas en pousser la porte. Peut-\u00eatre que ceux qui ont peur d&rsquo;y aller seront moins intimid\u00e9s par un espace comme celui-ci \u00bb.<br \/>\n<\/span><\/p>\n<p style=\"margin-left: 28pt;\"><span style=\"color: #c00000; font-family: Arial;\">Soyons clairs : ce n&rsquo;est pas une expo, aucun tableau n&rsquo;est cadr\u00e9 comme au mus\u00e9e. Un ballet plut\u00f4t, plus de 3000 images mises en mouvement par 140 vid\u00e9oprojecteurs laser. La salle des miroirs, o\u00f9 la projection se poursuit sous vos pieds, sur l&rsquo;eau d&rsquo;un ancien bassin de la fonderie, \u00e0 l&rsquo;infini, offre un l\u00e9ger vertige.<br \/>\n<\/span><\/p>\n<p style=\"margin-left: 28pt;\"><span style=\"color: #c00000; font-family: Arial;\">[\u2026] Car si l&rsquo;on vient \u00e0 l&rsquo;Atelier des Lumi\u00e8res pour Klimt, on a \u00e9t\u00e9 souffl\u00e9 par le show donn\u00e9 dans la petite salle par le collectif Poetic_Ai, qui utilise l&rsquo;intelligence artificielle dans un processus de cr\u00e9ation visuelle, \u00e0 travers un algorithme qui compose une \u0153uvre digitale et contemplative. Un noir et blanc sid\u00e9rant, une musique plein les oreilles, une exp\u00e9rience vraiment sp\u00e9ciale.&nbsp;\u00bb<br \/>\n<\/span><\/p>\n<p><span style=\"color: #777777; font-family: Arial;\">Et m\u00eame le site de \u00ab&nbsp;C\u00f4t\u00e9 Maison&nbsp;\u00bb parle de cet \u00e9v\u00e8nement avec enthousiasme : <a href=\"http:\/\/www.cotemaison.fr\/chaine-d\/creation\/atelier-des-lumieres-a-paris-exposition-klimt_30519.html\"><span style=\"color: #0000ff;\">&lt;L&rsquo;Atelier des Lumi\u00e8res, lieu d&rsquo;exposition monumental&gt;<\/span><\/a>&nbsp;:<br \/>\n<\/span><\/p>\n<p style=\"margin-left: 28pt;\"><span style=\"color: #c00000; font-family: Arial;\">\u00ab&nbsp;Entre prouesse technologique et histoire de l&rsquo;art revisit\u00e9e, l&rsquo;Atelier des Lumi\u00e8res d\u00e9multiplie les \u00e9motions. Dans une ancienne fonderie du XIXe si\u00e8cle, le premier centre d&rsquo;art num\u00e9rique \u00e0 Paris est n\u00e9. Chaque exposition est une aventure sensorielle unique.&nbsp;[\u2026]<br \/>\n<\/span><\/p>\n<p style=\"margin-left: 28pt;\"><span style=\"color: #c00000; font-family: Arial;\">Sous la r\u00e9alisation de Gianfranco Iannuzzi, Renato Gatto et Massimiliano Siccardi, avec la collaboration musicale de Luca Longobardi, d\u00e8s les premi\u00e8res notes la technologie s&rsquo;efface. L&rsquo;aventure sensorielle se teinte d&rsquo;\u00e9motion esth\u00e9tique. Un exercice du regard in\u00e9dit accompagne l&rsquo;histoire de l&rsquo;art d&rsquo;une nouvelle soif d&rsquo;apprendre.. \u00bb<br \/>\n<\/span><\/p>\n<p><span style=\"color: #777777; font-family: Arial;\">C&rsquo;est bien mon ressenti, dans cet espace dans lequel on peut se d\u00e9placer et rester aussi longtemps qu&rsquo;on souhaite, la technologie s&rsquo;efface et la beaut\u00e9 s&rsquo;impose.<br \/>\n<\/span><\/p>\n<p><span style=\"color: #777777; font-family: Arial;\">Il y a des avis divergents<br \/>\n<\/span><\/p>\n<p><span style=\"color: #777777; font-family: Arial;\">L&rsquo;essayiste et romanci\u00e8re C\u00e9cile Guilbert a produit un article tr\u00e8s critique dans le journal La Croix&nbsp;: <a href=\"https:\/\/www.la-croix.com\/Debats\/Chroniques\/guerre-mort-culture-contre-lart-2018-05-02-1200935951\"><span style=\"color: #0000ff;\">&lt;La guerre \u00e0 mort de la culture contre l&rsquo;art&gt;<\/span><\/a><span style=\"color: #0000ff;\">&nbsp;<\/span>:<br \/>\n<\/span><\/p>\n<p style=\"margin-left: 28pt;\"><span style=\"color: #c00000; font-family: Arial;\">\u00ab&nbsp;puisque seule l&rsquo;approbation de tout a droit de cit\u00e9 dans cette inlassable zone d&rsquo;activit\u00e9 fr\u00e9n\u00e9tique qu&rsquo;est aujourd&rsquo;hui \u00ab la culture \u00bb, cette industrie appliqu\u00e9e aux Beaux-Arts, ce bazar mondial que le g\u00e9nial pol\u00e9miste viennois Karl Kraus d\u00e9finissait d\u00e9j\u00e0 en son temps comme \u00ab le mal rapport\u00e9 au syst\u00e8me des valeurs esth\u00e9tiques \u00bb. [\u2026]<br \/>\n<\/span><\/p>\n<p style=\"margin-left: 28pt;\"><span style=\"color: #c00000; font-family: Arial;\">Regarder, c&rsquo;est toujours penser. [\u2026]<br \/>\n<\/span><\/p>\n<p style=\"margin-left: 28pt;\"><span style=\"color: #c00000; font-family: Arial;\">D&rsquo;o\u00f9 mon interrogation sur la prolif\u00e9ration contemporaine croissante d&rsquo;\u00ab installations \u00bb, de \u00ab dispositifs \u00bb, d&rsquo;\u00ab \u00e9v\u00e9nements \u00bb culturels \u00e0 propos desquels m\u00eame le mot exposition ne convient plus tant ils semblent n&rsquo;avoir pour finalit\u00e9 que de nous en mettre justement \u00ab plein la vue \u00bb, c&rsquo;est-\u00e0-dire \u2013 CQFD \u2013 nous dissuader de penser. D\u00e9mesure et monumentalit\u00e9 des formats, des lieux d&rsquo;expos, des co\u00fbts et des prix, n&rsquo;est-ce pas l\u00e0 d&rsquo;ailleurs le propre d&rsquo;un certain art dit contemporain, entreprise d&rsquo;intimidation et de terreur habile \u00e0 compenser l&rsquo;an\u00e9antissement des facult\u00e9s sensibles par l&rsquo;ironie de ses gros jouets pour milliardaires\u2009?<br \/>\n<\/span><\/p>\n<p style=\"margin-left: 28pt;\"><span style=\"color: #c00000; font-family: Arial;\">[\u2026] d\u00e9bauche techniciste et pillage des peintres du pass\u00e9 forment une doublette d&rsquo;enfer pour vider l&rsquo;art de tout contenu et de tout sens. [\u2026]<br \/>\n<\/span><\/p>\n<p style=\"margin-left: 28pt;\"><span style=\"color: #c00000; font-family: Arial;\">Car si le surgissement de toute \u0153uvre d&rsquo;art digne de ce nom s&rsquo;av\u00e8re un \u00e9v\u00e9nement \u2013 celui de sa pr\u00e9sence, de son aura \u2013, sa mise en sc\u00e8ne \u00e9v\u00e9nementielle en configure \u00e0 coup s\u00fbr le tombeau. Or c&rsquo;est pr\u00e9cis\u00e9ment ce \u00e0 quoi n&rsquo;a jamais pens\u00e9 Culturespaces, entreprise issue d&rsquo;Havas et filiale d&rsquo;Engie (ex-Lyonnaise des eaux devenue GDF-Suez), \u00e0 savoir l&rsquo;entrepreneur priv\u00e9 d&rsquo;ing\u00e9nierie culturelle \u00e0 l&rsquo;origine de ce \u00ab barnum Klimt \u00bb et dont le \u00ab business model \u00bb est si prometteur qu&rsquo;il op\u00e8re d\u00e9j\u00e0 dans une dizaine de monuments et de mus\u00e9es fran\u00e7ais tandis qu&rsquo;un syst\u00e8me de franchises est pr\u00e9vu \u00e0 l&rsquo;\u00e9tranger\u2026<br \/>\n<\/span><\/p>\n<p style=\"margin-left: 28pt;\"><span style=\"color: #c00000; font-family: Arial;\">Syst\u00e8me rentable, syst\u00e8me parfait, croissance et dividendes garantis, mais aussi honte et <strong>d\u00e9solation \u00e9prouv\u00e9es au spectacle sans cesse amplifi\u00e9 de l&rsquo;\u00e9touffement de l&rsquo;art par la culture<\/strong>, au nom de la culture comme bras arm\u00e9 de l&rsquo;\u00e9conomie politique dont se constate l&rsquo;essor plan\u00e9taire toujours plus meurtrier.&nbsp;\u00bb<br \/>\n<\/span><\/p>\n<p><span style=\"color: #777777; font-family: Arial;\">Attaque brillante, qui a du contenu et dont certains arguments me touchent\u2026.<strong> l&rsquo;\u00e9touffement de l&rsquo;art par la culture.<br \/>\n<\/strong><\/span><\/p>\n<p><span style=\"color: #777777; font-family: Arial;\">Le <a href=\"https:\/\/www.franceculture.fr\/emissions\/le-billet-culturel\/le-billet-culturel-du-jeudi-10-mai-2018\"><span style=\"color: #0000ff;\">&lt;Billet culturel de Mathilde Serrell&gt;<\/span><\/a> sur France Culture qui reprend ces arguments de C\u00e9cile Guilbert et en ajoute m\u00eame un autre :<br \/>\n<\/span><\/p>\n<p style=\"margin-left: 28pt;\"><span style=\"color: #c00000; font-family: Arial;\">\u00ab&nbsp;Souligner qu&rsquo;afin de toucher un public familial, les nus les plus provocateurs d&rsquo;Egon Schiele ne figurent pas dans la s\u00e9lection.&nbsp;\u00bb<br \/>\n<\/span><\/p>\n<p><span style=\"color: #777777; font-family: Arial;\">nuance quand m\u00eame le propos sous forme de question&nbsp;:<br \/>\n<\/span><\/p>\n<p style=\"margin-left: 28pt;\"><span style=\"color: #c00000; font-family: Arial;\">\u00ab&nbsp;Mais l&rsquo;objectif annonc\u00e9 est de s&rsquo;adresser en plus des 50% de la population que peuvent toucher les mus\u00e9es, aux 25% de gens qui n&rsquo;y vont jamais. Frein\u00e9s par la barri\u00e8re de l&rsquo;\u00e9tablissement culturel. On aurait donc avec ce format de diffusion num\u00e9rique une sorte d&rsquo;exp\u00e9rience collective d&rsquo;art qui ne serait pas une exposition mais un divertissement culturel. Et alors ? Pourquoi pas ? &nbsp;\u00bb<br \/>\n<\/span><\/p>\n<p><span style=\"color: #777777; font-family: Arial;\">A vous de voir.<br \/>\n<\/span><\/p>\n<p><span style=\"color: #777777; font-family: Arial;\">Mais m\u00eame une invitation comme celle-ci&nbsp;: \u00ab&nbsp;<span style=\"color: #c00000;\">J&rsquo;ai vu un truc super, vous devriez aller le voir aussi<span style=\"color: #777777;\">&nbsp;\u00bb renferme en elle, de la complexit\u00e9 et des questionnements.<br \/>\n<\/span><\/span><\/span><\/p>\n<p><span style=\"color: #c00000; font-family: Arial;\">&lt;1111&gt;<br \/>\n<\/span><\/p>\n","protected":false},"excerpt":{"rendered":"<p>\u00ab&nbsp;Une immersion dans l&rsquo;art et la musique&nbsp;\u00bb Exposition consacr\u00e9e \u00e0 Gustav Klimt et d&rsquo;autres viennois \u00e0 l&rsquo;atelier des lumi\u00e8res Ce week-end nous \u00e9tions \u00e0 Paris pour assister \u00e0 la Philharmonie de Paris \u00e0 une interpr\u00e9tation d&rsquo;anthologie de la 3\u00e8me Symphonie<\/p>\n","protected":false},"author":1,"featured_media":0,"comment_status":"open","ping_status":"closed","sticky":false,"template":"","format":"standard","meta":{"footnotes":""},"categories":[1],"tags":[107,32,108],"class_list":["post-5358","post","type-post","status-publish","format-standard","hentry","category-motdujour","tag-culture","tag-numerique","tag-peinture"],"_links":{"self":[{"href":"https:\/\/lemotdujour.fr\/index.php?rest_route=\/wp\/v2\/posts\/5358","targetHints":{"allow":["GET"]}}],"collection":[{"href":"https:\/\/lemotdujour.fr\/index.php?rest_route=\/wp\/v2\/posts"}],"about":[{"href":"https:\/\/lemotdujour.fr\/index.php?rest_route=\/wp\/v2\/types\/post"}],"author":[{"embeddable":true,"href":"https:\/\/lemotdujour.fr\/index.php?rest_route=\/wp\/v2\/users\/1"}],"replies":[{"embeddable":true,"href":"https:\/\/lemotdujour.fr\/index.php?rest_route=%2Fwp%2Fv2%2Fcomments&post=5358"}],"version-history":[{"count":6,"href":"https:\/\/lemotdujour.fr\/index.php?rest_route=\/wp\/v2\/posts\/5358\/revisions"}],"predecessor-version":[{"id":13384,"href":"https:\/\/lemotdujour.fr\/index.php?rest_route=\/wp\/v2\/posts\/5358\/revisions\/13384"}],"wp:attachment":[{"href":"https:\/\/lemotdujour.fr\/index.php?rest_route=%2Fwp%2Fv2%2Fmedia&parent=5358"}],"wp:term":[{"taxonomy":"category","embeddable":true,"href":"https:\/\/lemotdujour.fr\/index.php?rest_route=%2Fwp%2Fv2%2Fcategories&post=5358"},{"taxonomy":"post_tag","embeddable":true,"href":"https:\/\/lemotdujour.fr\/index.php?rest_route=%2Fwp%2Fv2%2Ftags&post=5358"}],"curies":[{"name":"wp","href":"https:\/\/api.w.org\/{rel}","templated":true}]}}