{"id":534,"date":"2013-12-09T01:00:00","date_gmt":"2013-12-08T22:00:00","guid":{"rendered":"http:\/\/lemotdujour.fr\/?p=534"},"modified":"2024-07-21T23:59:50","modified_gmt":"2024-07-21T21:59:50","slug":"lundi-09122013","status":"publish","type":"post","link":"https:\/\/lemotdujour.fr\/?p=534","title":{"rendered":"Lundi 09\/12\/2013"},"content":{"rendered":"<div class=\"mdjDate\">Lundi 09\/12\/2013<\/div>\n<div class=\"mdjTexte\">\u00ab\u00a0Mais j\u2019ai d\u00e9couvert ce secret : apr\u00e8s avoir gravi<br \/>une haute colline, tout ce qu\u2019on d\u00e9couvre, c\u2019est qu\u2019il<br \/>reste beaucoup d\u2019autres collines \u00e0 gravir.\u00a0\u00bb<\/div>\n<div class=\"mdjAuteur\">Nelson Mandela \u00ab\u00a0Un long chemin vers la libert\u00e9\u00a0\u00bb<\/div>\n<div class=\"mdjComplements\">Mandela !<\/div>\n<div class=\"mdjComplements\">Bien s\u00fbr Mandela, il ne saurait en \u00eatre autrement.<\/div>\n<div class=\"mdjComplements\">L&rsquo;humanit\u00e9 a g\u00e9n\u00e9r\u00e9 des grands hommes, mais en petit nombre.<\/div>\n<div class=\"mdjComplements\">Grands hommes qui ne sont pas des saints, comme l&rsquo;a dit Mandela lui-m\u00eame, mais Grands hommes parce qu&rsquo;ils n&rsquo;agissent pas de la mani\u00e8re habituelle des autres hommes, et qu&rsquo;ils r\u00e9ussissent \u00e0 r\u00e9aliser des choses que l&rsquo;on croyait impossible.<\/div>\n<div class=\"mdjComplements\">Il \u00e9crit au dernier paragraphe de ses m\u00e9moires, \u00ab\u00a0Un long chemin vers la libert\u00e9\u00a0\u00bb :<\/div>\n<div class=\"mdjCiter\">\u00ab J\u2019ai essay\u00e9 de ne pas h\u00e9siter ; j\u2019ai fait beaucoup de faux pas. Mais j\u2019ai d\u00e9couvert ce secret\u00a0:\u00a0apr\u00e8s avoir gravi une haute colline, tout ce qu\u2019on d\u00e9couvre, c\u2019est qu\u2019il reste beaucoup d\u2019autres collines \u00e0 gravir. Je me suis arr\u00eat\u00e9 un instant pour me reposer, pour contempler l\u2019admirable paysage qui m\u2019entoure, pour regarder derri\u00e8re moi la longue route que j\u2019ai parcourue. Mais je ne peux me reposer qu\u2019un instant ; avec la libert\u00e9 viennent les responsabilit\u00e9s, et je n\u2019ose m\u2019attarder car je ne suis pas arriv\u00e9 au terme de mon long chemin.\u00bb<\/div>\n<div class=\"mdjComplements\">J&rsquo;ai tir\u00e9 ces \u00e9l\u00e9ments d&rsquo;un remarquable article de Mediapart, \u00e9crit par Thomas Canteloube. Il montre en quoi Mandela est unique :<\/div>\n<div class=\"mdjCiter\">La mort de Nelson Mandela, annonc\u00e9e Jeudi 5 d\u00e9cembre, n\u2019est rien de moins que la mort d\u2019un des plus grands hommes du XXe si\u00e8cle, sinon le plus grand dans la sph\u00e8re politique.<\/div>\n<div class=\"mdjCiter\">Pas seulement parce que ses combats ont \u00e9pous\u00e9 les luttes majeures de son \u00e9poque (\u00e9galit\u00e9 des droits, anticolonialisme, antiracisme), mais parce qu\u2019\u00e0 chacune des \u00e9tapes de sa vie, il a fait triompher ses principes, m\u00eame quand il les a tremp\u00e9s dans le r\u00e9alisme politique.<\/div>\n<div class=\"mdjCiter\">Il a eu des pairs dans ses luttes \u2013 combat r\u00e9volutionnaire, leader syndical et politique, emprisonnement, pouvoir, retraite \u2013, des personnalit\u00e9s qui ont marqu\u00e9 leur temps sur les cinq continents, mais aucun n\u2019est parvenu \u00e0 franchir toutes ces phases avec autant de r\u00e9ussite et surtout d\u2019int\u00e9grit\u00e9.<\/div>\n<div class=\"mdjCiter\">Gandhi et Martin Luther King sont les deux noms que l\u2019on associe le plus souvent \u00e0 celui de Nelson Mandela \u2013 le premier l\u2019a inspir\u00e9, le second a port\u00e9 le combat pour l\u2019\u00e9galit\u00e9 dans la nation majeure du XXe si\u00e8cle \u2013 mais aucun des deux n\u2019a gouvern\u00e9. Leurs parcours restent donc \u00ab purs \u00bb et leur assassinat a grandi leur l\u00e9gende.<\/div>\n<div class=\"mdjCiter\">Quant aux grands r\u00e9volutionnaires ou \u00ab lib\u00e9rateurs \u00bb de cette \u00e8re, la plupart ont grossi les rangs des dictateurs (L\u00e9nine, Staline, Castro, Mao\u2026) ou fini pr\u00e9cipitamment au cimeti\u00e8re (Guevara, Lumumba\u2026). Du c\u00f4t\u00e9 de ceux qui ont gouvern\u00e9 dignement (Nehru, Havel, Walesa), aucun n\u2019avait un pass\u00e9 de r\u00e9sistant aussi marquant que celui de Mandela et, de toute mani\u00e8re, aucun n\u2019est parvenu \u00e0 s\u2019affranchir des basses querelles internes, ni \u00e0 organiser de succession r\u00e9ussie. Et puis il y a tous ceux qui ont brill\u00e9 \u00e0 un moment charni\u00e8re du si\u00e8cle, mais n\u2019ont gu\u00e8re \u00e9t\u00e9 des inspirateurs au-del\u00e0 de leurs fronti\u00e8res (Churchill, de Gaulle, Roosevelt).<\/div>\n<div class=\"mdjComplements\">Que le ciel vous tienne en joie comme dirait Philippe Meyer<\/div>\n","protected":false},"excerpt":{"rendered":"<p>Lundi 09\/12\/2013 \u00ab\u00a0Mais j\u2019ai d\u00e9couvert ce secret : apr\u00e8s avoir graviune haute colline, tout ce qu\u2019on d\u00e9couvre, c\u2019est qu\u2019ilreste beaucoup d\u2019autres collines \u00e0 gravir.\u00a0\u00bb Nelson Mandela \u00ab\u00a0Un long chemin vers la libert\u00e9\u00a0\u00bb Mandela ! Bien s\u00fbr Mandela, il ne saurait<\/p>\n","protected":false},"author":1,"featured_media":0,"comment_status":"open","ping_status":"closed","sticky":false,"template":"","format":"standard","meta":{"footnotes":""},"categories":[1],"tags":[],"class_list":["post-534","post","type-post","status-publish","format-standard","hentry","category-motdujour"],"_links":{"self":[{"href":"https:\/\/lemotdujour.fr\/index.php?rest_route=\/wp\/v2\/posts\/534","targetHints":{"allow":["GET"]}}],"collection":[{"href":"https:\/\/lemotdujour.fr\/index.php?rest_route=\/wp\/v2\/posts"}],"about":[{"href":"https:\/\/lemotdujour.fr\/index.php?rest_route=\/wp\/v2\/types\/post"}],"author":[{"embeddable":true,"href":"https:\/\/lemotdujour.fr\/index.php?rest_route=\/wp\/v2\/users\/1"}],"replies":[{"embeddable":true,"href":"https:\/\/lemotdujour.fr\/index.php?rest_route=%2Fwp%2Fv2%2Fcomments&post=534"}],"version-history":[{"count":1,"href":"https:\/\/lemotdujour.fr\/index.php?rest_route=\/wp\/v2\/posts\/534\/revisions"}],"predecessor-version":[{"id":535,"href":"https:\/\/lemotdujour.fr\/index.php?rest_route=\/wp\/v2\/posts\/534\/revisions\/535"}],"wp:attachment":[{"href":"https:\/\/lemotdujour.fr\/index.php?rest_route=%2Fwp%2Fv2%2Fmedia&parent=534"}],"wp:term":[{"taxonomy":"category","embeddable":true,"href":"https:\/\/lemotdujour.fr\/index.php?rest_route=%2Fwp%2Fv2%2Fcategories&post=534"},{"taxonomy":"post_tag","embeddable":true,"href":"https:\/\/lemotdujour.fr\/index.php?rest_route=%2Fwp%2Fv2%2Ftags&post=534"}],"curies":[{"name":"wp","href":"https:\/\/api.w.org\/{rel}","templated":true}]}}