{"id":5330,"date":"2018-09-14T02:09:37","date_gmt":"2018-09-14T00:09:37","guid":{"rendered":"http:\/\/lemotdujour.fr\/?p=5330"},"modified":"2022-03-11T15:35:44","modified_gmt":"2022-03-11T14:35:44","slug":"vendredi-14-septembre-2018","status":"publish","type":"post","link":"https:\/\/lemotdujour.fr\/?p=5330","title":{"rendered":"Vendredi 14 septembre 2018"},"content":{"rendered":"<div class=\"mdjTexte\">\u00ab&nbsp;Changer d&rsquo;histoire pour changer l&rsquo;Histoire&nbsp;\u00bb<\/div>\n<div class=\"mdjAuteur\">Cyril Dion &#8211; Chapitre 3 du livre : \u00ab Petit manuel de r\u00e9sistance contemporaine&nbsp;\u00bb<\/div>\n<p><span style=\"color: #777777; font-family: Arial;\">Beaucoup d&rsquo;\u00e9missions tr\u00e8s int\u00e9ressantes ont \u00e9t\u00e9 diffus\u00e9es ces derni\u00e8res semaines sur le sujet du d\u00e9fi \u00e9cologique qui se pose \u00e0 l&rsquo;esp\u00e8ce humaine.<br \/>\n<\/span><\/p>\n<p><span style=\"color: #777777; font-family: Arial;\">Une premi\u00e8re \u00ab&nbsp;<a href=\"https:\/\/www.franceculture.fr\/emissions\/linvite-idees-de-la-matinale\/economieecologie-limpossible-conjugaison\"><span style=\"color: #0000ff;\">Economie \/ \u00e9cologie l&rsquo;impossible conjugaison ?&nbsp;<\/span><\/a>\u00bb du 1<sup>er<\/sup> septembre 2018 dans laquelle l&rsquo;invit\u00e9 <strong>Ga\u00ebl Giraud<\/strong> a rappel\u00e9 cette \u00e9vidence&nbsp;:<br \/>\n<\/span><\/p>\n<p style=\"margin-left: 28pt;\"><span style=\"color: #c00000; font-family: Arial;\">\u00ab&nbsp;Le d\u00e9r\u00e8glement climatique est un probl\u00e8me cr\u00e9\u00e9 par les riches dont les premi\u00e8res victimes sont les pauvres.&nbsp;\u00bb<br \/>\n<\/span><\/p>\n<p><span style=\"color: #777777; font-family: Arial;\">Et puis une deuxi\u00e8me&nbsp;: \u00ab <a href=\"https:\/\/www.franceculture.fr\/emissions\/du-grain-a-moudre\/du-grain-a-moudre-du-jeudi-06-septembre-2018\"><span style=\"color: #0000ff;\">Comment rendre cr\u00e9dible la catastrophe \u00e9cologique ?<\/span>&nbsp;<\/a>\u00bb du 8 septembre 2018, dans laquelle \u00e9taient invit\u00e9s la journaliste <strong>Jade Lindgaard<\/strong> qui insistait sur les initiatives locales (l&rsquo;\u00e9conomie sociale et solidaire, les AMAP, l&rsquo;agriculture biologique), <strong>Yves Cochet<\/strong> ancien ministre de l&rsquo;Environnement de Jospin, et le philosophe <strong>Dominique Bourg<\/strong> qui faisait ce constat&nbsp;:<br \/>\n<\/span><\/p>\n<p style=\"margin-left: 28pt;\"><span style=\"color: #c00000; font-family: Arial;\">\u00ab&nbsp;\u00c7a fait des si\u00e8cles qu&rsquo;on a dit aux gens qu&rsquo;on dominait la nature, que le progr\u00e8s \u00e9tait forc\u00e9ment lin\u00e9aire et absolument cumulatif. Apr\u00e8s on leur a racont\u00e9 que l&rsquo;\u00e9conomie pouvait permettre de tout comprendre et qu&rsquo;il n&rsquo;\u00e9tait pas question de nature parce que toute la technique \u00e9tait l\u00e0 pour la biffer et s&rsquo;y substituer&#8230; \u00c7a fait des si\u00e8cles qu&rsquo;on raconte ce genre d&rsquo;\u00e2neries, vous n&rsquo;attendez quand m\u00eame pas, parce qu&rsquo;il y a un soubresaut climatique, que les gens vont remettre \u00e7a en cause !&nbsp;\u00bb<br \/>\n<\/span><\/p>\n<p><span style=\"color: #777777; font-family: Arial;\">Et aussi une troisi\u00e8me ou au moins la premi\u00e8re moiti\u00e9 de <span style=\"color: #0000ff;\"><a style=\"color: #0000ff;\" href=\"https:\/\/www.franceculture.fr\/emissions\/lesprit-public\/la-vacance-de-monsieur-hulot-ou-est-la-faille-chine-xi-jinping-en-route-vers-le-leadership-mondial\">l&rsquo;\u00e9mission Esprit Public de dimanche dernier<\/a> <\/span>qui portait pour titre humoristique&nbsp;: <strong>\u00ab&nbsp;La vacance de Monsieur Hulot&nbsp;\u00bb.<\/strong> La seconde partie \u00e9tait consacr\u00e9e \u00e0 la Chine pour laquelle on apprenait que pour r\u00e9aliser son ambition projet \u00ab&nbsp;<strong>Les routes de la Soie<\/strong>&nbsp;\u00bb elle envisageait de construire une cinquantaine d&rsquo;a\u00e9roports et d&rsquo;autres infrastructures qui ne vont pas dans le sens d&rsquo;une att\u00e9nuation de l&rsquo;impact \u00e9cologique humaine.<br \/>\n<\/span><\/p>\n<p><span style=\"color: #777777; font-family: Arial;\">A partir de ces 3 \u00e9missions, j&rsquo;envisageais d&rsquo;\u00e9crire un mot du jour de synth\u00e8se qui aurait eu pour exergue&nbsp;: \u00ab&nbsp;<strong>Entre le d\u00e9ni et le catastrophisme<\/strong>&nbsp;\u00bb pour d\u00e9montrer que l&rsquo;un comme l&rsquo;autre conduisent \u00e0 l&rsquo;inaction, le premier parce qu&rsquo;il am\u00e8ne les gens \u00e0 penser qu&rsquo;il n&rsquo;y a rien \u00e0 faire et le second parce que dans ce cas les gens se persuadent qu&rsquo;il n&rsquo;y a plus rien \u00e0 faire. Ce contre quoi je m&rsquo;insurge, l&rsquo;Histoire n&rsquo;est pas \u00e9crite.<br \/>\n<\/span><\/p>\n<p><span style=\"color: #777777; font-family: Arial;\">Mais j&rsquo;ai pr\u00e9f\u00e9r\u00e9 finir cette semaine par un extrait du dernier livre de <span style=\"color: #0000ff;\"><a style=\"color: #0000ff;\" href=\"https:\/\/www.cyrildion.com\/\">Cyril Dion<\/a>,<\/span> le r\u00e9alisateur du film documentaire&nbsp;: \u00ab&nbsp;Demain&nbsp;\u00bb. J&rsquo;y avais consacr\u00e9 le mot du jour du <a href=\"https:\/\/lemotdujour.fr\/?p=1566\"><span style=\"color: blue; text-decoration: underline;\"><span style=\"color: #0000ff; text-decoration: underline;\">lundi 11 janvier 2016<\/span><\/span><\/a><span style=\"color: blue; text-decoration: underline;\">.<br \/>\n<\/span><\/span><\/p>\n<p><img decoding=\"async\" class=\"alignleft\" src=\"https:\/\/lemotdujour.fr\/wp-content\/uploads\/2018\/09\/091318_2009_Vendredi14s1.jpg\" alt=\"\" align=\"left\"><span style=\"color: #777777; font-family: Arial;\">Ce livre s&rsquo;intitule&nbsp;: \u00ab<span style=\"color: #0000ff;\">&nbsp;<\/span><a href=\"https:\/\/www.actes-sud.fr\/catalogue\/societe\/petit-manuel-de-resistance-contemporaine\"><span style=\"color: #0000ff;\">Petit manuel de r\u00e9sistance contemporaine<\/span>&nbsp;<\/a>\u00bb<br \/>\n<\/span><\/p>\n<p><span style=\"color: #777777; font-family: Arial;\">J&rsquo;y reviendrai peut-\u00eatre plus longuement dans une s\u00e9rie ult\u00e9rieure.<br \/>\n<\/span><\/p>\n<p><span style=\"color: #777777; font-family: Arial;\">Aujourd&rsquo;hui je m&rsquo;arr\u00eaterai au chapitre 3 qui s&rsquo;intitule \u00ab&nbsp;Changer d&rsquo;histoire pour changer l&rsquo;Histoire&nbsp;\u00bb et dans lequel, il cite plusieurs fois Yuval Noah Harari.<br \/>\n<\/span><\/p>\n<p><span style=\"color: #777777; font-family: Arial;\">Il prend comme exemple les r\u00e9seaux sociaux modernes et notamment Instagram. Et, il compare un article qu&rsquo;on appelle \u00ab&nbsp;Post&nbsp;\u00bb dans ce monde-l\u00e0 dans lequel Kim Kardashian appelle \u00e0 acheter son nouveau gloss \u00e0 paillettes et un autre o\u00f9 Greenpeace appelle \u00e0 agir pour le climat.<br \/>\n<\/span><\/p>\n<p><span style=\"color: #777777; font-family: Arial;\">Si on lit la biographie de Kim Kardashian elle est d\u00e9crite comme une femme d&rsquo;affaires, productrice, styliste et animatrice de t\u00e9l\u00e9vision am\u00e9ricaine. On ajoute c&rsquo;est une personnalit\u00e9 m\u00e9diatique.<br \/>\n<\/span><\/p>\n<p><span style=\"color: #777777; font-family: Arial;\">Mais son vrai m\u00e9tier est d&rsquo;\u00eatre une influenceuse.<br \/>\n<\/span><\/p>\n<p><span style=\"color: #777777; font-family: Arial;\">Elle porte une robe, et se prend en photo, elle exhibe un sac \u00e0 main et se prend en photo, elle se met du rouge \u00e0 l\u00e8vres et se prend en photo.<br \/>\n<\/span><\/p>\n<p><span style=\"color: #777777; font-family: Arial;\">Puis elle met cette photo sur Instagram et rapidement deux millions d&rsquo;internautes cliquent pour dire qu&rsquo;ils aiment cette photo, ce sont des \u00ab&nbsp;like&nbsp;\u00bb. Et plus que cela, le produit avec lequel elle s&rsquo;est fait prendre en photo, voit imm\u00e9diatement une augmentation de ses ventes\u2026<br \/>\n<\/span><\/p>\n<p><span style=\"color: #777777; font-family: Arial;\">En face des 2 millions de like pour un post de K.K., celui de Greenpeace arrive p\u00e9niblement \u00e0 10&nbsp;000.<br \/>\n<\/span><\/p>\n<p><span style=\"color: #777777; font-family: Arial;\"><span style=\"color: #0000ff;\"><a style=\"color: #0000ff;\" href=\"https:\/\/lemotdujour.fr\/?p=2378\">Yuval Noah Harari<\/a><\/span> explique que la formidable capacit\u00e9 de coop\u00e9rer d&rsquo;homo sapiens, sa sup\u00e9riorit\u00e9 sur les autres esp\u00e8ces provient de son g\u00e9nie de cr\u00e9er des mythes, des fictions, des histoires qui f\u00e9d\u00e8rent des groupes extr\u00eamement vastes et les poussent \u00e0 agir ensemble.<br \/>\n<\/span><\/p>\n<p><span style=\"color: #777777; font-family: Arial;\">Nous sommes aujourd&rsquo;hui dans la fiction que rien n&rsquo;est plus important que la vie humaine et sa recherche du bonheur et du bien-\u00eatre. Et que dans cette qu\u00eate la consommation est un outil extraordinaire pour se faire du bien, se sentir mieux et r\u00e9aliser sa vie. Et c&rsquo;est cette histoire fictionnel qui pousse les femmes et les hommes \u00e0 acheter des v\u00eatements, des produits de beaut\u00e9, des voitures, des voyages, des chaines hifi, des consoles de jeu, des repas gastronomiques, des objets Hi Tech et tant d&rsquo;autres choses, en \u00e9coutant leurs d\u00e9sirs.<br \/>\n<\/span><\/p>\n<p><span style=\"color: #777777; font-family: Arial;\">Et parce qu&rsquo;une foule innombrable adh\u00e8re \u00e0 cette histoire, \u00e0 cette fiction, Kim Kardashian peut \u00eatre une influenceuse et gagner \u00e9norm\u00e9ment d&rsquo;argent avec cette activit\u00e9\u2026 futile si l&rsquo;on y songe vraiment.<br \/>\n<\/span><\/p>\n<p><span style=\"color: #777777; font-family: Arial;\">Mais les fictions humaines \u00e9voluent et alors c&rsquo;est encore une caract\u00e9ristique des hommes ils consid\u00e8rent la fiction pr\u00e9c\u00e9dente incompr\u00e9hensible, une folie\u2026<br \/>\n<\/span><\/p>\n<p><span style=\"color: #777777; font-family: Arial;\">En l&rsquo;ann\u00e9e 1000, un p\u00e8re chr\u00e9tien europ\u00e9en \u00e9tait fier que son fils choisisse de se \u00ab&nbsp;croiser&nbsp;\u00bb, c&rsquo;est-\u00e0-dire devenir \u00ab&nbsp;crois\u00e9&nbsp;\u00bb pour aller combattre en Palestine contre les infid\u00e8les musulmans, \u00ab&nbsp;lib\u00e9rer J\u00e9rusalem&nbsp;\u00bb et probablement mourir jeune, au combat ou m\u00eame de maladie dans ces contr\u00e9es lointaines. Il y avait un objectif, une qu\u00eate qui correspondait \u00e0 un mythe, une histoire.<br \/>\n<\/span><\/p>\n<p><span style=\"color: #777777; font-family: Arial;\">Aujourd&rsquo;hui, quand un p\u00e8re voit son fils embrasser la foi musulmane pour aller faire le jihad en Syrie ou dans un autre pays proche de la Palestine, pour y aller mourir pour sa Foi, il pense que son fils est fou. Ce n&rsquo;est plus la fiction d&rsquo;aujourd&rsquo;hui pour ce p\u00e8re, ce n&rsquo;est pas l&rsquo;histoire \u00e0 laquelle il croit et qui le fait avancer.<br \/>\n<\/span><\/p>\n<p><span style=\"color: #777777; font-family: Arial;\">Alors, il faut changer d&rsquo;histoire, pour que plus personne ne croit que la consommation rend heureux, que l&rsquo;individualisme et le culte du moi sont des valeurs qui m\u00e9ritent autant d&rsquo;attention de notre part.<br \/>\n<\/span><\/p>\n<p><span style=\"color: #777777; font-family: Arial;\">Quand nous aurons trouv\u00e9 ce nouveau r\u00e9cit, l&rsquo;hyperconsommation, acheter un nouveau smartphone tous les ans, nous passionner pour la derni\u00e8re keynote d&rsquo;Apple nous para\u00eetra une folie comme se faire tuer pour aller lib\u00e9rer le tombeau fantasm\u00e9 et mythique du Christ.<br \/>\n<\/span><\/p>\n<p><span style=\"color: #777777; font-family: Arial;\">Alors, oui il faut \u00ab&nbsp;Changer d&rsquo;histoire pour changer l&rsquo;Histoire&nbsp;\u00bb de l&rsquo;Humanit\u00e9 sur terre.<br \/>\n<\/span><\/p>\n<p><span style=\"color: #c00000; font-family: Arial;\">&lt;1109&gt;<\/span><\/p>\n","protected":false},"excerpt":{"rendered":"<p>\u00ab&nbsp;Changer d&rsquo;histoire pour changer l&rsquo;Histoire&nbsp;\u00bb Cyril Dion &#8211; Chapitre 3 du livre : \u00ab Petit manuel de r\u00e9sistance contemporaine&nbsp;\u00bb Beaucoup d&rsquo;\u00e9missions tr\u00e8s int\u00e9ressantes ont \u00e9t\u00e9 diffus\u00e9es ces derni\u00e8res semaines sur le sujet du d\u00e9fi \u00e9cologique qui se pose \u00e0 l&rsquo;esp\u00e8ce<\/p>\n","protected":false},"author":1,"featured_media":0,"comment_status":"open","ping_status":"closed","sticky":false,"template":"","format":"standard","meta":{"footnotes":""},"categories":[1],"tags":[43,54],"class_list":["post-5330","post","type-post","status-publish","format-standard","hentry","category-motdujour","tag-ecologie","tag-humanisme"],"_links":{"self":[{"href":"https:\/\/lemotdujour.fr\/index.php?rest_route=\/wp\/v2\/posts\/5330","targetHints":{"allow":["GET"]}}],"collection":[{"href":"https:\/\/lemotdujour.fr\/index.php?rest_route=\/wp\/v2\/posts"}],"about":[{"href":"https:\/\/lemotdujour.fr\/index.php?rest_route=\/wp\/v2\/types\/post"}],"author":[{"embeddable":true,"href":"https:\/\/lemotdujour.fr\/index.php?rest_route=\/wp\/v2\/users\/1"}],"replies":[{"embeddable":true,"href":"https:\/\/lemotdujour.fr\/index.php?rest_route=%2Fwp%2Fv2%2Fcomments&post=5330"}],"version-history":[{"count":8,"href":"https:\/\/lemotdujour.fr\/index.php?rest_route=\/wp\/v2\/posts\/5330\/revisions"}],"predecessor-version":[{"id":13385,"href":"https:\/\/lemotdujour.fr\/index.php?rest_route=\/wp\/v2\/posts\/5330\/revisions\/13385"}],"wp:attachment":[{"href":"https:\/\/lemotdujour.fr\/index.php?rest_route=%2Fwp%2Fv2%2Fmedia&parent=5330"}],"wp:term":[{"taxonomy":"category","embeddable":true,"href":"https:\/\/lemotdujour.fr\/index.php?rest_route=%2Fwp%2Fv2%2Fcategories&post=5330"},{"taxonomy":"post_tag","embeddable":true,"href":"https:\/\/lemotdujour.fr\/index.php?rest_route=%2Fwp%2Fv2%2Ftags&post=5330"}],"curies":[{"name":"wp","href":"https:\/\/api.w.org\/{rel}","templated":true}]}}