{"id":532,"date":"2013-12-06T01:00:00","date_gmt":"2013-12-05T22:00:00","guid":{"rendered":"http:\/\/lemotdujour.fr\/?p=532"},"modified":"2022-06-17T00:26:48","modified_gmt":"2022-06-16T22:26:48","slug":"vendredi-06122013","status":"publish","type":"post","link":"https:\/\/lemotdujour.fr\/?p=532","title":{"rendered":"Vendredi 6 d\u00e9cembre 2013"},"content":{"rendered":"<div class=\"mdjTexte\">\u00ab&nbsp;Tous les imb\u00e9ciles et ceux qui ne se servent pas de leur discernement, ont toutes les audaces.&nbsp;\u00bb<\/div>\n<div class=\"mdjAuteur\">Thomas d&rsquo;Aquin Somme Th\u00e9ologique, dans la Prima Secundae, Question 40, Article 6<\/div>\n<p><span style=\"color: #777777; font-family: Arial;\">Un des derniers mots du jour reprenait une fameuse r\u00e9plique des tontons flingueurs : \u00ab<strong>les cons \u00e7a osent tout&#8230;<\/strong>\u00bb<\/span><\/p>\n<p><span style=\"color: #777777; font-family: Arial;\">Gr\u00e2ce \u00e0 <strong>Denis Moreau<\/strong>, professeur de philosophie \u00e0 l\u2019universit\u00e9 de Nantes, nous savons maintenant que<strong> Michel Audiard<\/strong> a copi\u00e9 <strong>Saint Thomas d&rsquo;Aquin<\/strong>, l&rsquo;un des P\u00e8res de l&rsquo;\u00e9glise catholique qui avait \u00e9crit : <\/span><\/p>\n<p style=\"margin-left: 28pt;\"><span style=\"color: #c00000; font-family: Arial;\">\u00ab\u2009Tous les imb\u00e9ciles, et ceux qui ne se servent pas de leur discernement, ont toutes les audaces.\u2009\u00bb<\/span><\/p>\n<p><span style=\"color: #777777; font-family: Arial;\">Le texte est en latin :<\/span><\/p>\n<p style=\"margin-left: 28pt;\"><span style=\"color: #c00000; font-family: Arial;\">\u00ab\u2009Omnes stulti, et deliberatione non utentes, omnia tentant\u2009\u00bb<\/span><\/p>\n<p><span style=\"color: #777777; font-family: Arial;\">Nous passons ainsi du comique de cin\u00e9ma \u00e0 la culture la plus profonde de notre civilisation chr\u00e9tienne.<br \/>\n<span style=\"color: #777777; font-family: Arial;\">Cette d\u00e9couverte a \u00e9t\u00e9 publi\u00e9e par le s\u00e9rieux journal \u00e9conomique des Echos. <span style=\"color: #0000ff;\"><a style=\"color: #0000ff;\" href=\"https:\/\/www.lesechos.fr\/2013\/11\/des-tontons-flingueurs-a-thomas-daquin-332339\">&lt;Lien&gt;<\/a><\/span><\/span><\/span><\/p>\n<p><span style=\"color: #777777; font-family: Arial;\"><span style=\"color: #777777; font-family: Arial;\"><span style=\"color: #777777; font-family: Arial;\">L&rsquo;auteur de l&rsquo;article, le philosophe <strong>Roger-Pol Droit<\/strong> ajoute : <\/span><\/span><\/span><\/p>\n<p style=\"margin-left: 28pt;\"><span style=\"color: #c00000; font-family: Arial;\">\u00abFaire preuve d&rsquo;audace, c&rsquo;est toujours se tenir entre confiance et prise de risque. Une d\u00e9cision assur\u00e9e de r\u00e9ussir \u00e0 100 % n&rsquo;a rien d&rsquo;audacieux. En revanche, agir dans des circonstances o\u00f9 l&rsquo;\u00e9chec est pratiquement certain n&rsquo;est plus de l&rsquo;audace mais de la t\u00e9m\u00e9rit\u00e9 imb\u00e9cile, voire de la connerie pure et simple. C&rsquo;est pourquoi le vocabulaire des Grecs poss\u00e9dait deux termes pour parler de l&rsquo;audace. L&rsquo;un (\u00ab <strong>tolmos<\/strong> \u00bb) d\u00e9signait la bonne audace, celle qui fournit un tremplin \u00e0 l&rsquo;action, sans verser dans l&rsquo;exc\u00e8s de t\u00e9m\u00e9rit\u00e9, l&rsquo;absence de calcul ni l&rsquo;obstination n\u00e9faste. Au contraire, \u00ab <strong>tharsos<\/strong> \u00bb parlait surtout de l&rsquo;audace effr\u00e9n\u00e9e, excessive, proche de ce que les Anciens nommaient \u00ab hubris \u00bb, la d\u00e9mesure aveugle.<\/span><\/p>\n<p style=\"margin-left: 28pt;\"><span style=\"color: #c00000; font-family: Arial;\">Oser revient ainsi \u00e0 prendre, sur le cours des \u00e9v\u00e9nements \u00e0 venir, un risque calcul\u00e9. Ce calcul s&rsquo;av\u00e8re indispensable, sinon la d\u00e9cision est absurde, l&rsquo;action fait preuve d&rsquo;inconscience, d&rsquo;imprudence ou de folie. Toutefois, on ne saurait tout calculer ni tout pr\u00e9voir, le pari est lui aussi indispensable, et la part de risque irr\u00e9ductible. C&rsquo;est en ce sens que Kierkegaard parle d&rsquo;une \u00ab folie de la d\u00e9cision \u00bb : elle cr\u00e9e, au moins en partie, un avenir qui n&rsquo;existe pas. La \u00ab d\u00e9lib\u00e9ration \u00bb dont parle Thomas d&rsquo;Aquin, c&rsquo;est bien le discernement, la recherche prudente des chances de r\u00e9ussir, l&rsquo;examen du rapport de force, des al\u00e9as, des cons\u00e9quences. Cette audace r\u00e9fl\u00e9chie, les imb\u00e9ciles en sont d\u00e9pourvus. Voil\u00e0 pourquoi ils osent tout.\u00bb<\/span><\/p>\n<p><span style=\"color: #777777; font-family: Arial;\">Que le ciel vous tienne en joie comme dirait Philippe Meyer<\/span><br \/>\n<span style=\"color: #800000;\">&lt;203&gt;<\/span><\/p>\n","protected":false},"excerpt":{"rendered":"<p>\u00ab&nbsp;Tous les imb\u00e9ciles et ceux qui ne se servent pas de leur discernement, ont toutes les audaces.&nbsp;\u00bb Thomas d&rsquo;Aquin Somme Th\u00e9ologique, dans la Prima Secundae, Question 40, Article 6 Un des derniers mots du jour reprenait une fameuse r\u00e9plique des<\/p>\n","protected":false},"author":1,"featured_media":0,"comment_status":"closed","ping_status":"closed","sticky":false,"template":"","format":"standard","meta":{"footnotes":""},"categories":[1],"tags":[213,17,6],"class_list":["post-532","post","type-post","status-publish","format-standard","hentry","category-motdujour","tag-christiannisme","tag-histoire","tag-philosophie"],"_links":{"self":[{"href":"https:\/\/lemotdujour.fr\/index.php?rest_route=\/wp\/v2\/posts\/532","targetHints":{"allow":["GET"]}}],"collection":[{"href":"https:\/\/lemotdujour.fr\/index.php?rest_route=\/wp\/v2\/posts"}],"about":[{"href":"https:\/\/lemotdujour.fr\/index.php?rest_route=\/wp\/v2\/types\/post"}],"author":[{"embeddable":true,"href":"https:\/\/lemotdujour.fr\/index.php?rest_route=\/wp\/v2\/users\/1"}],"replies":[{"embeddable":true,"href":"https:\/\/lemotdujour.fr\/index.php?rest_route=%2Fwp%2Fv2%2Fcomments&post=532"}],"version-history":[{"count":8,"href":"https:\/\/lemotdujour.fr\/index.php?rest_route=\/wp\/v2\/posts\/532\/revisions"}],"predecessor-version":[{"id":13604,"href":"https:\/\/lemotdujour.fr\/index.php?rest_route=\/wp\/v2\/posts\/532\/revisions\/13604"}],"wp:attachment":[{"href":"https:\/\/lemotdujour.fr\/index.php?rest_route=%2Fwp%2Fv2%2Fmedia&parent=532"}],"wp:term":[{"taxonomy":"category","embeddable":true,"href":"https:\/\/lemotdujour.fr\/index.php?rest_route=%2Fwp%2Fv2%2Fcategories&post=532"},{"taxonomy":"post_tag","embeddable":true,"href":"https:\/\/lemotdujour.fr\/index.php?rest_route=%2Fwp%2Fv2%2Ftags&post=532"}],"curies":[{"name":"wp","href":"https:\/\/api.w.org\/{rel}","templated":true}]}}