{"id":5316,"date":"2018-09-13T02:57:48","date_gmt":"2018-09-13T00:57:48","guid":{"rendered":"http:\/\/lemotdujour.fr\/?p=5316"},"modified":"2022-03-11T15:36:40","modified_gmt":"2022-03-11T14:36:40","slug":"jeudi-13-septembre-2018","status":"publish","type":"post","link":"https:\/\/lemotdujour.fr\/?p=5316","title":{"rendered":"Jeudi 13 septembre 2018"},"content":{"rendered":"<div class=\"mdjTexte\">\u00ab&nbsp;Un mod\u00e8le \u00e9conomique marchand qui est la cause de tous ces d\u00e9sordres&nbsp;?\u00bb<\/div>\n<div class=\"mdjAuteur\">Nicolas Hulot qui n&rsquo;a pas pos\u00e9 cette affirmation sous forme de question<\/div>\n<p><span style=\"color: #777777; font-family: Arial;\">Nicolas Hulot a d\u00e9missionn\u00e9 du gouvernement le 28 ao\u00fbt <a href=\"https:\/\/www.franceinter.fr\/emissions\/l-invite-de-8h20-le-grand-entretien\/l-invite-de-8h20-le-grand-entretien-28-aout-2018\"><span style=\"color: #0000ff;\">sur les ondes de France Inter<\/span><\/a><span style=\"color: #0000ff;\">.<\/span><br \/>\n<\/span><\/p>\n<p><span style=\"color: #777777; font-family: Arial;\">Lors de cette \u00e9mission, il a donn\u00e9 son point de vue et ses convictions.<br \/>\n<\/span><\/p>\n<p><span style=\"color: #777777; font-family: Arial;\">Il a d&rsquo;abord justifi\u00e9 sa d\u00e9mission parce que le gouvernement actuel de la France ne prend pas suffisamment en compte, selon son \u00e9chelle d&rsquo;exigence, l&rsquo;urgence \u00e9cologique et climatique.<br \/>\n<\/span><\/p>\n<p><span style=\"color: #777777; font-family: Arial;\">Il s&rsquo;est lanc\u00e9 dans un r\u00e9quisitoire assez cinglant&nbsp;:<br \/>\n<\/span><\/p>\n<p style=\"margin-left: 28pt;\"><span style=\"color: #c00000; font-family: Arial;\">\u00ab&nbsp;Est-ce que nous avons commenc\u00e9 \u00e0 r\u00e9duire l&rsquo;utilisation des pesticides ? La r\u00e9ponse est non.<br \/>\n<\/span><\/p>\n<p style=\"margin-left: 28pt;\"><span style=\"color: #c00000; font-family: Arial;\">Est-ce que nous avons commenc\u00e9 \u00e0 enrayer l&rsquo;\u00e9rosion de la biodiversit\u00e9 ? La r\u00e9ponse est non.<br \/>\n<\/span><\/p>\n<p style=\"margin-left: 28pt;\"><span style=\"color: #c00000; font-family: Arial;\">Est-ce que nous avons commenc\u00e9 \u00e0 nous mette en situation d&rsquo;arr\u00eater l&rsquo;artificialisation des sols ? La r\u00e9ponse est non&nbsp;\u00bb<br \/>\n<\/span><\/p>\n<p><span style=\"color: #777777; font-family: Arial;\">Il a dit son amiti\u00e9 pour le pr\u00e9sident de la r\u00e9publique et le Premier Ministre mais a ajout\u00e9&nbsp;:<br \/>\n<\/span><\/p>\n<p style=\"margin-left: 28pt;\"><span style=\"color: #c00000; font-family: Arial;\">\u00ab&nbsp;Sur les sujets que je porte, on n&rsquo;a pas la m\u00eame grille de lecture.&nbsp;\u00bb<br \/>\n<\/span><\/p>\n<p><span style=\"color: #777777; font-family: Arial;\">Il a aussi exprim\u00e9 sa solitude&nbsp;:<br \/>\n<\/span><\/p>\n<p style=\"margin-left: 28pt;\"><span style=\"color: #c00000; font-family: Arial;\">\u00ab&nbsp;Ai-je une soci\u00e9t\u00e9 structur\u00e9e qui descend dans la rue pour&nbsp;d\u00e9fendre&nbsp;la biodiversit\u00e9&nbsp;? Ai-je une formation politique&nbsp;? Est-ce que les grandes formations politiques et l&rsquo;opposition sont capables de se&nbsp;hisser&nbsp;au-dessus de la m\u00eal\u00e9e pour s&rsquo;entendre sur l&rsquo;essentiel.&nbsp;\u00bb<br \/>\n<\/span><\/p>\n<p><span style=\"color: #777777; font-family: Arial;\">Il a surtout donn\u00e9 des exemples concrets dont s&rsquo;est f\u00e9licit\u00e9 le gouvernement et qui selon lui sont \u00e0 l&rsquo;oppos\u00e9 de ce qu&rsquo;il faudrait faire&nbsp;:<br \/>\n<\/span><\/p>\n<p style=\"margin-left: 28pt;\"><span style=\"color: #c00000; font-family: Arial;\">\u00ab&nbsp;Je me suis moi-m\u00eame largement prononc\u00e9 sur des trait\u00e9s comme le CETA et on va en avoir une flopp\u00e9e d&rsquo;autres[\u2026]<br \/>\n<\/span><\/p>\n<p style=\"margin-left: 28pt;\"><span style=\"color: #c00000; font-family: Arial;\">O\u00f9 est pass\u00e9e la taxe sur les transactions financi\u00e8res\u2009? [\u2026]<br \/>\n<\/span><\/p>\n<p style=\"margin-left: 28pt;\"><span style=\"color: #c00000; font-family: Arial;\">Le nucl\u00e9aire, cette folie inutile, \u00e9conomiquement, techniquement dans lequel on s&rsquo;ent\u00eate.<br \/>\n<\/span><\/p>\n<p style=\"margin-left: 28pt;\"><span style=\"color: #c00000; font-family: Arial;\">Les grandes tendances demeurent. La remise en cause d&rsquo;un mod\u00e8le agricole dominant n&rsquo;est pas l\u00e0. On recherche une croissance \u00e0 tout crin. Sans regarder ce qui appartient \u00e0 la solution et ce qui appartient au probl\u00e8me. [\u2026]<br \/>\n<\/span><\/p>\n<p style=\"margin-left: 28pt;\"><span style=\"color: #c00000; font-family: Arial;\">Quand on se r\u00e9jouit &#8211; \u00e7a va vous para\u00eetre anecdotique &#8211; de voir sortir de Saint-Nazaire un porte-conteneurs qui va porter 50\u2009000 conteneurs. Superbe performance technologique. Est-ce bon pour la plan\u00e8te ? La r\u00e9ponse est non. [\u2026]<br \/>\n<\/span><\/p>\n<p style=\"margin-left: 28pt;\"><span style=\"color: #c00000; font-family: Arial;\">On se fixe des objectifs mais on n&rsquo;en a pas les moyens parce qu&rsquo;avec les contraintes budg\u00e9taires, on sait tr\u00e8s bien \u00e0 l&rsquo;avance que les objectifs qu&rsquo;on se fixe, on ne pourra pas les r\u00e9aliser. Voil\u00e0 ma v\u00e9rit\u00e9.&nbsp;\u00bb<br \/>\n<\/span><\/p>\n<p><span style=\"color: #777777; font-family: Arial;\">Mais son avis le plus fort et le plus structurant est une d\u00e9nonciation du syst\u00e8me \u00e9conomique actuel&nbsp;:<br \/>\n<\/span><\/p>\n<p style=\"margin-left: 28pt;\"><span style=\"color: #c00000; font-family: Arial;\">\u00ab\u2009On s&rsquo;\u00e9vertue \u00e0 entretenir voire \u00e0 ranimer un mod\u00e8le \u00e9conomique, marchand qui est la cause de tous ces d\u00e9sordres\u2009.<br \/>\n<\/span><\/p>\n<p style=\"margin-left: 28pt;\"><span style=\"color: #c00000; font-family: Arial;\">On n&rsquo;a pas compris que c&rsquo;est le mod\u00e8le dominant [Le lib\u00e9ralisme\u2009] qui est la cause. Est-ce qu&rsquo;on le remet en cause\u2009?\u00bb<br \/>\n<\/span><\/p>\n<p><span style=\"color: #777777; font-family: Arial;\">Mais les lib\u00e9raux ne sont pas d&rsquo;accord.<br \/>\n<\/span><\/p>\n<p><span style=\"color: #777777; font-family: Arial;\">Dominique Seux, Directeur d\u00e9l\u00e9gu\u00e9 de la r\u00e9daction des Echos et <span style=\"color: #0000ff;\"><a style=\"color: #0000ff;\" href=\"https:\/\/www.franceinter.fr\/emissions\/l-edito-eco\/l-edito-eco-29-aout-2018\">chroniqueur \u00e9conomique sur France Inter a dit le lendemain<\/a><\/span>, aussi pendant le 7-9 de France Inter :<br \/>\n<\/span><\/p>\n<p style=\"margin-left: 28pt;\"><span style=\"color: #c00000; font-family: Arial;\">\u00ab&nbsp;C&rsquo;est clair : il faut refroidir l&rsquo;\u00e9conomie, qui consomme et \u00e9puise trop d&rsquo;\u00e9nergies qui d\u00e9gradent la nature et compromettent l&rsquo;avenir de l&rsquo;esp\u00e8ce humaine.<br \/>\n<\/span><\/p>\n<p style=\"margin-left: 28pt;\"><span style=\"color: #c00000; font-family: Arial;\">L&rsquo;ami Thomas Legrand a \u00e9t\u00e9 frapp\u00e9 par les porte-containers, on peut trouver plus absurde encore que l&rsquo;on puisse traverser l&rsquo;Europe en avion pour quelques dizaines d&rsquo;euros parce que le k\u00e9ros\u00e8ne est d\u00e9tax\u00e9 alors que le transport a\u00e9rien \u00e9met du CO2.<br \/>\n<\/span><\/p>\n<p style=\"margin-left: 28pt;\"><span style=\"color: #c00000; font-family: Arial;\">Mais la question sous-jacente est de savoir si la transition \u00e9nerg\u00e9tique, qui doit \u00eatre plus rapide qu&rsquo;on ne le pensait encore en 2015, peut se faire dans le cadre de l&rsquo;\u00e9conomie de march\u00e9 et -disons-le- du capitalisme.<br \/>\n<\/span><\/p>\n<p style=\"margin-left: 28pt;\"><span style=\"color: #c00000; font-family: Arial;\">La plupart des \u00e9cologistes pensent que non, Nicolas Hulot aussi. On peut penser l&rsquo;inverse. Avec de puissantes incitations et obligations, <strong>seul le capitalisme a les moyens d&rsquo;investir, d&rsquo;innover, de trouver les compromis entre la science et de nouveaux modes de vie. Ce sont des entreprises qui inventent et le solaire de demain et les v\u00e9hicules \u00e9lectriques, dont on aura encore besoin pour se d\u00e9placer<\/strong>.&nbsp;\u00bb<br \/>\n<\/span><\/p>\n<p><span style=\"color: #777777; font-family: Arial;\">Et c&rsquo;est Daniel qui m&rsquo;a signal\u00e9 un article d&rsquo;Eric Le Boucher&nbsp;avec lequel j&rsquo;ai cru comprendre qu&rsquo;il \u00e9tait d&rsquo;accord :<span style=\"color: #0000ff;\"> <a style=\"color: #0000ff;\" href=\"http:\/\/www.slate.fr\/story\/166457\/nicolas-hulot-demission-echec-ecologie\">&lt;Nicolas Hulot n&rsquo;en serait pas l\u00e0 s&rsquo;il avait d\u00e9velopp\u00e9 une \u00e9cologie applicable&gt;<\/a>.<\/span><br \/>\n<\/span><\/p>\n<p><span style=\"color: #777777; font-family: Arial;\">C&rsquo;est un article publi\u00e9 sur le site Slate.fr le 28 ao\u00fbt 2018<br \/>\n<\/span><\/p>\n<p><span style=\"color: #777777; font-family: Arial;\">Le journaliste pose la question d&rsquo;une \u00e9cologie non pas marqu\u00e9e par les quotas et les r\u00e8glements impos\u00e9s, mais alli\u00e9e de la science, des technologies et de l&rsquo;\u00e9conomie.<br \/>\n<\/span><\/p>\n<p><span style=\"color: #777777; font-family: Arial;\">Il \u00e9crit&nbsp;:<br \/>\n<\/span><\/p>\n<p style=\"margin-left: 28pt;\"><span style=\"color: #c00000; font-family: Arial;\">\u00ab&nbsp; Mais le probl\u00e8me est g\u00e9n\u00e9ral. Les militants verts estiment que l&rsquo;\u00e9cologie doit \u00eatre impos\u00e9e \u00abpolitiquement\u00bb \u00e0 l&rsquo;\u00e9conomie comme un objectif sup\u00e9rieur, celui de la pr\u00e9servation de la plan\u00e8te. De m\u00eame que des militants de gauche consid\u00e8rent que le capitalisme est intrins\u00e8quement mauvais, les Verts id\u00e9ologues croient l&rsquo;\u00e9conomie intrins\u00e8quement nocive. Certains vont jusqu&rsquo;\u00e0 penser que la solution ne sera trouv\u00e9e que dans la d\u00e9croissance, tous pensent que les entreprises doivent \u00eatre l\u00e9galement forc\u00e9es dans la bonne voie.<br \/>\n<\/span><\/p>\n<p style=\"margin-left: 28pt;\"><span style=\"color: #c00000; font-family: Arial;\">D\u00e8s lors, le succ\u00e8s d&rsquo;un ministre est mesur\u00e9 au nombre de quotas, de r\u00e8glements, d&rsquo;interdictions, de lois qu&rsquo;il sait faire passer dans son gouvernement contre \u00ables lobbies\u00bb des agriculteurs (productivistes) et des industriels (pollueurs) et contre Bercy qui en est le porte-parole.<br \/>\n<\/span><\/p>\n<p style=\"margin-left: 28pt;\"><span style=\"color: #c00000; font-family: Arial;\">[\u2026]<br \/>\n<\/span><\/p>\n<p style=\"margin-left: 28pt;\"><span style=\"color: #c00000; font-family: Arial;\">Plut\u00f4t que de crier contre l&rsquo;\u00e9chec du gouvernement et de se lamenter, les Verts feraient mieux de r\u00e9fl\u00e9chir sur le leur. Comment inventer une \u00e9cologie alli\u00e9e de la science, des technologies et de l&rsquo;\u00e9conomie? Comment d\u00e9passer les slogans du type \u00abl&rsquo;\u00e9cologie va engendrer \u00e0 un nouveau mod\u00e8le de croissance qui va cr\u00e9er des millions d&#8217;emplois\u00bb? Comment trouver des solutions concr\u00e8tes, applicables&nbsp;\u00bb<br \/>\n<\/span><\/p>\n<p><span style=\"color: #777777; font-family: Arial;\">Ce sont deux visions tr\u00e8s diff\u00e9rentes de la solution \u00e0 construire.<br \/>\n<\/span><\/p>\n<p><span style=\"color: #777777; font-family: Arial;\">En premi\u00e8re analyse je suis plut\u00f4t en phase avec la position de Hulot, c&rsquo;est le capitalisme lib\u00e9ral, son addiction \u00e0 la croissance et son moteur de cupidit\u00e9 qui sont en contradiction avec l&rsquo;objectif de sauver la vie des humains sur terre.<br \/>\n<\/span><\/p>\n<p><span style=\"color: #777777; font-family: Arial;\">Mais si on prend un peu de recul, on peut l\u00e9gitimement s&rsquo;interroger&nbsp;:<br \/>\n<\/span><\/p>\n<p><span style=\"color: #777777; font-family: Arial;\">Le monde des humains a longtemps \u00e9t\u00e9 r\u00e9gi par une litanie de r\u00e8gles et de contraintes impos\u00e9es par les religions et ceux qui parlaient en leur nom.<br \/>\n<\/span><\/p>\n<p><span style=\"color: #777777; font-family: Arial;\">Peu \u00e0 peu le monde lib\u00e9ral a affranchi les hommes en leur donnant la libert\u00e9 de cr\u00e9er, d&rsquo;entreprendre, d&rsquo;inventer.<br \/>\n<\/span><\/p>\n<p><span style=\"color: #777777; font-family: Arial;\">Contre les exc\u00e8s du monde lib\u00e9ral s&rsquo;est \u00e9lev\u00e9 le communisme qui a voulu contraindre, encadrer, planifier, normer.<br \/>\n<\/span><\/p>\n<p><span style=\"color: #777777; font-family: Arial;\">Le r\u00e9sultat fut catastrophique.<br \/>\n<\/span><\/p>\n<p><span style=\"color: #777777; font-family: Arial;\">Les communistes ont encore davantage n\u00e9glig\u00e9 la nature que les lib\u00e9raux (comme par exemple la mer d&rsquo;Aral).<br \/>\n<\/span><\/p>\n<p><span style=\"color: #777777; font-family: Arial;\">Et surtout ils ont anesth\u00e9si\u00e9 la libert\u00e9, en allant de plus en plus loin dans la brutalit\u00e9, l&rsquo;enfermement. Il n&rsquo;y avait plus d&rsquo;opposants mais des dissidents qui \u00e9taient consid\u00e9r\u00e9s comme fous qu&rsquo;on devait soigner dans des h\u00f4pitaux psychiatriques.<br \/>\n<\/span><\/p>\n<p><span style=\"color: #777777; font-family: Arial;\">Alors imaginons un monde de contraintes, de normes, de r\u00e8gles avec pour objectif cette noble cause de sauver l&rsquo;esp\u00e8ce humaine.<br \/>\n<\/span><\/p>\n<p><span style=\"color: #777777; font-family: Arial;\">On trouvera certainement un Staline \u00e9cologique, entour\u00e9s de soldats fid\u00e8les. Tous ceux qui ne suivront pas les r\u00e8gles \u00e9dict\u00e9es seront forc\u00e9ment fous, comment ne pas se soumettre \u00e0 la cause supr\u00eame de la survie des humains&nbsp;?<br \/>\n<\/span><\/p>\n<p><span style=\"color: #777777; font-family: Arial;\">Alors, je ne rejetterai pas si vite la voie lib\u00e9rale, m\u00eame si je ne partage pas l&rsquo;enthousiasme dans les vertus du march\u00e9 libre et non fauss\u00e9 que d\u00e9fendent Dominique Seux et Eric Le Boucher.<br \/>\n<\/span><\/p>\n<p><span style=\"color: #777777; font-family: Arial;\"><span style=\"color: #800000;\">&lt;1108&gt;<\/span><br \/>\n<\/span><\/p>\n","protected":false},"excerpt":{"rendered":"<p>\u00ab&nbsp;Un mod\u00e8le \u00e9conomique marchand qui est la cause de tous ces d\u00e9sordres&nbsp;?\u00bb Nicolas Hulot qui n&rsquo;a pas pos\u00e9 cette affirmation sous forme de question Nicolas Hulot a d\u00e9missionn\u00e9 du gouvernement le 28 ao\u00fbt sur les ondes de France Inter. Lors<\/p>\n","protected":false},"author":1,"featured_media":0,"comment_status":"open","ping_status":"closed","sticky":false,"template":"","format":"standard","meta":{"footnotes":""},"categories":[1],"tags":[43,10,3],"class_list":["post-5316","post","type-post","status-publish","format-standard","hentry","category-motdujour","tag-ecologie","tag-economie","tag-politique"],"_links":{"self":[{"href":"https:\/\/lemotdujour.fr\/index.php?rest_route=\/wp\/v2\/posts\/5316","targetHints":{"allow":["GET"]}}],"collection":[{"href":"https:\/\/lemotdujour.fr\/index.php?rest_route=\/wp\/v2\/posts"}],"about":[{"href":"https:\/\/lemotdujour.fr\/index.php?rest_route=\/wp\/v2\/types\/post"}],"author":[{"embeddable":true,"href":"https:\/\/lemotdujour.fr\/index.php?rest_route=\/wp\/v2\/users\/1"}],"replies":[{"embeddable":true,"href":"https:\/\/lemotdujour.fr\/index.php?rest_route=%2Fwp%2Fv2%2Fcomments&post=5316"}],"version-history":[{"count":5,"href":"https:\/\/lemotdujour.fr\/index.php?rest_route=\/wp\/v2\/posts\/5316\/revisions"}],"predecessor-version":[{"id":13386,"href":"https:\/\/lemotdujour.fr\/index.php?rest_route=\/wp\/v2\/posts\/5316\/revisions\/13386"}],"wp:attachment":[{"href":"https:\/\/lemotdujour.fr\/index.php?rest_route=%2Fwp%2Fv2%2Fmedia&parent=5316"}],"wp:term":[{"taxonomy":"category","embeddable":true,"href":"https:\/\/lemotdujour.fr\/index.php?rest_route=%2Fwp%2Fv2%2Fcategories&post=5316"},{"taxonomy":"post_tag","embeddable":true,"href":"https:\/\/lemotdujour.fr\/index.php?rest_route=%2Fwp%2Fv2%2Ftags&post=5316"}],"curies":[{"name":"wp","href":"https:\/\/api.w.org\/{rel}","templated":true}]}}