{"id":5311,"date":"2018-09-12T02:26:17","date_gmt":"2018-09-12T00:26:17","guid":{"rendered":"http:\/\/lemotdujour.fr\/?p=5311"},"modified":"2022-03-11T15:37:38","modified_gmt":"2022-03-11T14:37:38","slug":"mercredi-12-septembre-2018","status":"publish","type":"post","link":"https:\/\/lemotdujour.fr\/?p=5311","title":{"rendered":"Mercredi 12 septembre 2018"},"content":{"rendered":"<div class=\"mdjTexte\">\u00ab&nbsp;Le citoyen ordinaire a deux cartes tr\u00e8s importantes en main : sa carte d&rsquo;\u00e9lecteur et sa carte bancaire.&nbsp;\u00bb<\/div>\n<div class=\"mdjAuteur\">Frank Courchamp<\/div>\n<p><span style=\"color: #777777; font-family: Arial;\">Lors de la COP23, la 23e conf\u00e9rence des Nations Unies sur les changements climatiques qui avait \u00e9t\u00e9 organis\u00e9e conjointement par les iles Fidji et l&rsquo;Allemagne du 6 novembre au 17 novembre, 15 000 scientifiques de 184 pays ont sign\u00e9 un appel contre la d\u00e9gradation de l&rsquo;environnement qui a \u00e9t\u00e9 publi\u00e9 dans la <span style=\"color: #0000ff;\"><a style=\"color: #0000ff;\" href=\"https:\/\/academic.oup.com\/bioscience\/advance-article\/doi\/10.1093\/biosci\/bix125\/4605229\">revue Bio Science<\/a><\/span> de l&rsquo;Universit\u00e9 d&rsquo;Oxford, le lundi 13 novembre.<br \/>\n<\/span><\/p>\n<p><span style=\"color: #777777; font-family: Arial;\">Je m&rsquo;en \u00e9tais fait l&rsquo;\u00e9cho, lors du mot du jour du 20 novembre 2017 o\u00f9 je citais le climatologue allemand et fondateur de l&rsquo;institut de Potsdam de Recherche sur le climat, Hans Joachim Schellnhuber&nbsp;: <span style=\"color: #0000ff;\"><a style=\"color: #0000ff;\" href=\"https:\/\/lemotdujour.fr\/?p=3553\">\u00abLa th\u00e9orie des 3D : D\u00e9sastres, D\u00e9couvertes, D\u00e9cence.\u00bb<\/a><\/span><br \/>\n<\/span><\/p>\n<p><span style=\"color: #777777; font-family: Arial;\">Dans <span style=\"color: #0000ff;\"><a style=\"color: #0000ff;\" href=\"https:\/\/lejournal.cnrs.fr\/articles\/une-alerte-sans-precedent-pour-la-planete\">le journal du CNRS<\/a>,<\/span> Frank Courchamp, directeur de recherche au CNRS, revenait sur cet appel d&rsquo;une ampleur in\u00e9dite.<br \/>\n<\/span><\/p>\n<p><span style=\"color: #777777; font-family: Arial;\">Frank Courchamp a d&rsquo;ailleurs particip\u00e9 \u00e0 la diffusion de cet appel:<br \/>\n<\/span><\/p>\n<p style=\"margin-left: 28pt;\"><span style=\"color: #c00000; font-family: Arial;\">\u00ab&nbsp;C&rsquo;est effectivement du jamais-vu. La premi\u00e8re mise en garde de ce genre, formul\u00e9e en 1992 \u00e0 l&rsquo;issue du Sommet de la Terre \u00e0 Rio, n&rsquo;avait rassembl\u00e9 que 1 700 signataires dont, il est vrai, une centaine de prix Nobel. Le pr\u00e9sent manifeste a \u00e9t\u00e9 r\u00e9dig\u00e9 par huit sp\u00e9cialistes internationaux du fonctionnement des \u00e9cosyst\u00e8mes [\u2026]. Il a \u00e9t\u00e9 initi\u00e9 par le biologiste de la conservation am\u00e9ricain William Ripple, qui a mis en \u00e9vidence le d\u00e9clin dramatique de presque tous les grands carnivores et tous les grands herbivores, des animaux qui jouent pourtant un r\u00f4le crucial dans l&rsquo;\u00e9quilibre des milieux naturels. William Ripple m&rsquo;a contact\u00e9 le 20 juillet et m&rsquo;a demand\u00e9 de relayer ce cri d&rsquo;alarme, notamment en France, ce que j&rsquo;ai fait. Au total, pas loin d&rsquo;un millier de chercheurs fran\u00e7ais (soit un quinzi\u00e8me des signataires) ont souscrit \u00e0 cet appel.&nbsp;\u00bb<br \/>\n<\/span><\/p>\n<p><span style=\"color: #777777; font-family: Arial;\">Frank Courchamp signale que si des progr\u00e8s ont \u00e9t\u00e9 malgr\u00e9 tout accomplis depuis 1992, mais que sur des points essentiels le compte n&rsquo;y est pas:<br \/>\n<\/span><\/p>\n<p style=\"margin-left: 28pt;\"><span style=\"color: #c00000; font-family: Arial;\">\u00ab&nbsp; L&rsquo;interdiction des chlorofluorocarbures (CFC) et d&rsquo;autres substances appauvrissant la couche d&rsquo;ozone a eu des effets tr\u00e8s positifs. De m\u00eame, des points ont \u00e9t\u00e9 marqu\u00e9s dans la lutte contre la famine et l&rsquo;extr\u00eame pauvret\u00e9. Mais qu&rsquo;il s&rsquo;agisse des for\u00eats, des oc\u00e9ans, du climat, de la biodiversit\u00e9\u2026, les trajectoires que nous avons prises sont tr\u00e8s pr\u00e9occupantes et nous m\u00e8nent dans le mur.<br \/>\n<\/span><\/p>\n<p style=\"margin-left: 28pt;\"><span style=\"color: #c00000; font-family: Arial;\">La plupart des indicateurs qui \u00e9taient dans le rouge il y a un quart de si\u00e8cle ont vir\u00e9 \u00e0 l&rsquo;\u00e9carlate.<br \/>\n<\/span><\/p>\n<p style=\"margin-left: 28pt;\"><span style=\"color: #c00000; font-family: Arial;\">On continue de d\u00e9truire les for\u00eats \u00e0 un rythme effr\u00e9n\u00e9. 120 millions d&rsquo;hectares ont \u00e9t\u00e9 ray\u00e9s de la carte depuis 1992, essentiellement au profit de l&rsquo;agriculture.<br \/>\n<\/span><\/p>\n<p style=\"margin-left: 28pt;\"><span style=\"color: #c00000; font-family: Arial;\">Les \u00ab zones mortes \u00bb (d\u00e9pourvues d&rsquo;oxyg\u00e8ne), dans les oc\u00e9ans, ont explos\u00e9 de 75 %, tandis que l&rsquo;eau potable disponible dans le monde par t\u00eate d&rsquo;habitant a diminu\u00e9 de 26 %. Les \u00e9missions de dioxyde de carbone (CO2) et les temp\u00e9ratures moyennes du globe se sont encore accrues.<br \/>\n<\/span><\/p>\n<p style=\"margin-left: 28pt;\"><span style=\"color: #c00000; font-family: Arial;\">Une proportion \u00e9norme des mammif\u00e8res, des reptiles, des amphibiens, des oiseaux et des poissons a disparu.<br \/>\n<\/span><\/p>\n<p style=\"margin-left: 28pt;\"><span style=\"color: #c00000; font-family: Arial;\">Sans oublier qu&rsquo;une \u00e9tude, trop r\u00e9cente pour avoir \u00e9t\u00e9 mentionn\u00e9e dans l&rsquo;appel, vient de montrer qu&rsquo;en moins de trois d\u00e9cennies, les populations d&rsquo;insectes volants (bourdons, libellules, papillons et autres dipt\u00e8res) ont chut\u00e9 de pr\u00e8s de 80 % en Europe et sans doute au-del\u00e0.&nbsp;\u00bb<br \/>\n<\/span><\/p>\n<p><span style=\"color: #777777; font-family: Arial;\">Il y a d&rsquo;une part la question de notre syst\u00e8me \u00e9conomique bas\u00e9 sur une consommation toujours croissante et puis se pose la question d\u00e9mographique.<br \/>\n<\/span><\/p>\n<p><span style=\"color: #777777; font-family: Arial;\">Evidemment cette question pose grand d\u00e9bat.<br \/>\n<\/span><\/p>\n<p><span style=\"color: #777777; font-family: Arial;\">La Chine est revenue sur sa politique de l&rsquo;enfant unique.<br \/>\n<\/span><\/p>\n<p><span style=\"color: #777777; font-family: Arial;\">Et il est vrai que certains t\u00e9moignages de famille chinoise r\u00e9v\u00e9laient la brutalit\u00e9 et l&rsquo;inhumanit\u00e9 de cette r\u00e8gle rigide.<br \/>\n<\/span><\/p>\n<p><span style=\"color: #777777; font-family: Arial;\">Mais le constat est implacable&nbsp;:<br \/>\n<\/span><\/p>\n<p style=\"margin-left: 28pt;\"><span style=\"color: #c00000; font-family: Arial;\">\u00ab&nbsp;Le nombre d&rsquo;\u00eatres humains a augment\u00e9 de 35 % en 25 ans, ce qui est incroyablement \u00e9lev\u00e9. Nous sommes de plus en plus nombreux et nous consommons trop. Or, nous vivons sur une plan\u00e8te aux ressources finies qui ne peut pas r\u00e9pondre aux besoins alimentaires, entre autres, d&rsquo;une population infinie. La Terre ne pourra jamais nourrir plus de 15 milliards de bouches, m\u00eame \u00e0 supposer que nous mettions fin \u00e0 la surconsommation actuelle, que nous r\u00e9partissions mieux les ressources et que d&rsquo;hypoth\u00e9tiques progr\u00e8s agricoles et des sauts technologiques se produisent.<br \/>\n<\/span><\/p>\n<p style=\"margin-left: 28pt;\"><span style=\"color: #c00000; font-family: Arial;\">\u00c0 la charni\u00e8re du XVIIIe et du XIXe si\u00e8cle, Malthus, qui a \u00e9t\u00e9 beaucoup critiqu\u00e9 pour cela, affirmait que si les populations humaines ne se r\u00e9gulent pas d&rsquo;elles-m\u00eames, la Nature s&rsquo;en charge \u00e0 coups de guerres, d&rsquo;\u00e9pid\u00e9mies et de famines. L&rsquo;\u00e9quation est on ne peut plus simple\u2009: dans n&rsquo;importe quelle population de n&rsquo;importe quelle esp\u00e8ce, quand il y a trop d&rsquo;individus, ceux-ci se retrouvent confront\u00e9s \u00e0 des probl\u00e8mes qui les forcent \u00e0 r\u00e9duire leurs effectifs.<br \/>\n<\/span><\/p>\n<p style=\"margin-left: 28pt;\"><span style=\"color: #c00000; font-family: Arial;\">Ce n&rsquo;est pas une question de religion ou d&rsquo;id\u00e9ologie, mais un probl\u00e8me de ressources disponibles. Il est important que certains pays en d\u00e9veloppement prennent conscience de l&rsquo;importance de r\u00e9duire leur croissance d\u00e9mographique. Ceci devrait passer, comme le pr\u00e9conise notre appel, par une plus grande g\u00e9n\u00e9ralisation du planning familial et des programmes d&rsquo;acc\u00e8s \u00e0 l&rsquo;\u00e9ducation des filles.&nbsp;\u00bb<br \/>\n<\/span><\/p>\n<p><span style=\"color: #777777; font-family: Arial;\">Ce week-end un certain nombre de manifestations ont eu lieu en France et m\u00eame dans le monde. En France, elles ont \u00e9t\u00e9 provoqu\u00e9es par la d\u00e9mission de Nicolas Hulot.<br \/>\n<\/span><\/p>\n<p><span style=\"color: #777777; font-family: Arial;\">Les signataires du manifeste appelaient justement de leurs v\u0153ux \u00ab un raz-de-mar\u00e9e d&rsquo;initiatives organis\u00e9es \u00e0 la base \u00bb.<br \/>\n<\/span><\/p>\n<p><span style=\"color: #777777; font-family: Arial;\">Et Frank Courchamp explique que&nbsp;:<br \/>\n<\/span><\/p>\n<p style=\"margin-left: 28pt;\"><span style=\"color: #c00000; font-family: Arial;\"> \u00ab&nbsp;Le mouvement doit venir de Monsieur et Madame Tout-le-Monde. Une multitude d&rsquo;initiatives individuelles et de micro-actions quotidiennes peut avoir un effet d\u00e9cisif, tout simplement parce que nous sommes des milliards.<br \/>\n<\/span><\/p>\n<p style=\"margin-left: 28pt;\"><span style=\"color: #c00000; font-family: Arial;\"> Les politiques, dont l&rsquo;agenda d\u00e9passe rarement l&rsquo;horizon de la prochaine \u00e9lection, mais qui sont sensibles aux pressions, suivront le mouvement, tout comme les acteurs \u00e9conomiques. J&rsquo;ai l&rsquo;habitude de dire que le citoyen ordinaire a deux cartes tr\u00e8s importantes en main : sa carte d&rsquo;\u00e9lecteur et sa carte bancaire.<br \/>\n<\/span><\/p>\n<p style=\"margin-left: 28pt;\"><span style=\"color: #c00000; font-family: Arial;\">Faire des choix de consommation judicieux comme acheter moins d&rsquo;huile de palme, moins de viande, moins d&#8217;emballages\u2026, conduira les industriels \u00e0 produire moins d&rsquo;huile de palme, moins de viande, moins d&#8217;emballages\u2026, et am\u00e9liorera l&rsquo;\u00e9tat de la plan\u00e8te.&nbsp;\u00bb<br \/>\n<\/span><\/p>\n<p><span style=\"color: #777777; font-family: Arial;\">Le scientifique n&rsquo;a pas de doute sur la conclusion si la soci\u00e9t\u00e9 des hommes ne parvient pas \u00e0 faire \u00e9voluer son mod\u00e8le de consommation, sa capacit\u00e9 \u00e0 pr\u00e9server et \u00e0 r\u00e9introduire de la biodiversit\u00e9 enfin \u00e0 diminuer l&rsquo;utilisation moyenne des \u00e9nergies fossiles par habitant.<br \/>\n<\/span><\/p>\n<p style=\"margin-left: 28pt;\"><span style=\"color: #c00000; font-family: Arial;\">\u00ab&nbsp; La bonne nouvelle, c&rsquo;est que la biodiversit\u00e9 repartira. Les mod\u00e8les pr\u00e9disent qu&rsquo;il faudra \u00e0 peu pr\u00e8s un million d&rsquo;ann\u00e9es pour qu&rsquo;elle retrouve son niveau d&rsquo;avant cette sixi\u00e8me extinction de masse imputable \u00e0 l&rsquo;Homme. La mauvaise nouvelle, c&rsquo;est qu&rsquo;il n&rsquo;y aura tr\u00e8s probablement plus de soci\u00e9t\u00e9s humaines pour contempler le spectacle. Les toutes prochaines g\u00e9n\u00e9rations vont donc n\u00e9cessairement rentrer dans l&rsquo;Histoire puisque, soit elles parviendront \u00e0 stopper la destruction de l&rsquo;environnement, soit elles en subiront les cons\u00e9quences de plein fouet et ne s&rsquo;en rel\u00e8veront pas.&nbsp;\u00bb<br \/>\n<\/span><\/p>\n<p><span style=\"color: #c00000; font-family: Arial;\">&lt;1107&gt;<\/span><\/p>\n","protected":false},"excerpt":{"rendered":"<p>\u00ab&nbsp;Le citoyen ordinaire a deux cartes tr\u00e8s importantes en main : sa carte d&rsquo;\u00e9lecteur et sa carte bancaire.&nbsp;\u00bb Frank Courchamp Lors de la COP23, la 23e conf\u00e9rence des Nations Unies sur les changements climatiques qui avait \u00e9t\u00e9 organis\u00e9e conjointement par<\/p>\n","protected":false},"author":1,"featured_media":0,"comment_status":"open","ping_status":"closed","sticky":false,"template":"","format":"standard","meta":{"footnotes":""},"categories":[1],"tags":[43,3,44],"class_list":["post-5311","post","type-post","status-publish","format-standard","hentry","category-motdujour","tag-ecologie","tag-politique","tag-rechauffement"],"_links":{"self":[{"href":"https:\/\/lemotdujour.fr\/index.php?rest_route=\/wp\/v2\/posts\/5311","targetHints":{"allow":["GET"]}}],"collection":[{"href":"https:\/\/lemotdujour.fr\/index.php?rest_route=\/wp\/v2\/posts"}],"about":[{"href":"https:\/\/lemotdujour.fr\/index.php?rest_route=\/wp\/v2\/types\/post"}],"author":[{"embeddable":true,"href":"https:\/\/lemotdujour.fr\/index.php?rest_route=\/wp\/v2\/users\/1"}],"replies":[{"embeddable":true,"href":"https:\/\/lemotdujour.fr\/index.php?rest_route=%2Fwp%2Fv2%2Fcomments&post=5311"}],"version-history":[{"count":4,"href":"https:\/\/lemotdujour.fr\/index.php?rest_route=\/wp\/v2\/posts\/5311\/revisions"}],"predecessor-version":[{"id":13387,"href":"https:\/\/lemotdujour.fr\/index.php?rest_route=\/wp\/v2\/posts\/5311\/revisions\/13387"}],"wp:attachment":[{"href":"https:\/\/lemotdujour.fr\/index.php?rest_route=%2Fwp%2Fv2%2Fmedia&parent=5311"}],"wp:term":[{"taxonomy":"category","embeddable":true,"href":"https:\/\/lemotdujour.fr\/index.php?rest_route=%2Fwp%2Fv2%2Fcategories&post=5311"},{"taxonomy":"post_tag","embeddable":true,"href":"https:\/\/lemotdujour.fr\/index.php?rest_route=%2Fwp%2Fv2%2Ftags&post=5311"}],"curies":[{"name":"wp","href":"https:\/\/api.w.org\/{rel}","templated":true}]}}