{"id":5297,"date":"2018-09-11T03:27:11","date_gmt":"2018-09-11T01:27:11","guid":{"rendered":"http:\/\/lemotdujour.fr\/?p=5297"},"modified":"2022-03-11T15:38:33","modified_gmt":"2022-03-11T14:38:33","slug":"mardi-11-septembre-2018","status":"publish","type":"post","link":"https:\/\/lemotdujour.fr\/?p=5297","title":{"rendered":"Mardi 11 septembre 2018"},"content":{"rendered":"<div class=\"mdjTexte\">\u00ab L&rsquo;urbanisation a transform\u00e9 radicalement la soci\u00e9t\u00e9 fran\u00e7aise \u00bb<\/div>\n<div class=\"mdjAuteur\">Michel Lussault<\/div>\n<p><span style=\"color: #777777; font-family: Arial;\">Michel Lussault, est G\u00e9ographe et professeur d&rsquo;\u00e9tudes urbaines \u00e0 l&rsquo;\u00c9cole Normale Sup\u00e9rieure de Lyon (ENS). Il dirige<span style=\"color: #0000ff;\"> <a style=\"color: #0000ff;\" href=\"https:\/\/ecoleurbainedelyon.universite-lyon.fr\/\">l&rsquo;\u00c9cole Urbaine de Lyon<\/a><\/span> (EUL) qui a \u00e9t\u00e9 cr\u00e9\u00e9e en juin 2017 dans le cadre du Plan d&rsquo;Investissement d&rsquo;Avenir (PIA2) par le Commissariat G\u00e9n\u00e9ral \u00e0 l&rsquo;Investissement (CGI).<br \/>\n<\/span><\/p>\n<p><span style=\"color: #777777; font-family: Arial;\">Sur la page d&rsquo;accueil du site de cette \u00e9cole on lit la description suivante&nbsp;:<br \/>\n<\/span><\/p>\n<p style=\"margin-left: 28pt;\"><span style=\"color: #c00000; font-family: Arial;\">\u00ab&nbsp;A travers son projet interdisciplinaire exp\u00e9rimental de recherche, de formation doctorale et de valorisation \u00e9conomique, sociale et culturelle des savoirs scientifiques, l&rsquo;\u00c9cole Urbaine de Lyon innove en constituant un domaine nouveau de connaissance et d&rsquo;expertise : l&rsquo;urbain anthropoc\u00e8ne.<br \/>\n<\/span><\/p>\n<p style=\"margin-left: 28pt;\"><span style=\"color: #c00000; font-family: Arial;\">Aux d\u00e9fis mondiaux de l&rsquo;urbanisation et de l&rsquo;entr\u00e9e dans l&rsquo;anthropoc\u00e8ne correspondent en effet \u00e0 la fois de nouveaux champs de recherche et de formation, de nouvelles professions et comp\u00e9tences, mais aussi une mutation profonde de la pens\u00e9e, des repr\u00e9sentations, des pratiques et des m\u00e9tiers de la ville.&nbsp;\u00bb<br \/>\n<\/span><\/p>\n<p><span style=\"color: #777777; font-family: Arial;\">Il a \u00e9t\u00e9 interrog\u00e9 par la revue&nbsp;: <strong><em>Horizons publics<\/em><br \/>\n<\/strong>qui se pr\u00e9sente comme ayant pour objet d&rsquo;\u00e9tudier la transformation de l&rsquo;action publique. Elle est \u00e9dit\u00e9e par la maison d&rsquo;\u00e9dition Berger-Levrault.<br \/>\n<\/span><\/p>\n<p><span style=\"color: #777777; font-family: Arial;\">Le titre de l&rsquo;article est&nbsp;: \u00ab <span style=\"color: #0000ff;\"><a style=\"color: #0000ff;\" href=\"https:\/\/www.horizonspublics.fr\/territoires\/michel-lussault-lurbanisation-transforme-radicalement-la-societe-francaise\">L&rsquo;urbanisation a transform\u00e9 radicalement la soci\u00e9t\u00e9 fran\u00e7aise<\/a> <\/span>\u00bb<br \/>\n<\/span><\/p>\n<p><span style=\"color: #777777; font-family: Arial;\">Dans cet article il est question de <a href=\"https:\/\/lemotdujour.fr\/?p=696\"><span style=\"color: #0000ff;\">l&rsquo;anthropoc\u00e8ne<\/span><\/a>, cette \u00e8re g\u00e9ologique qui succ\u00e8de \u00e0 l&rsquo;holoc\u00e8ne et \u00e0 partir de laquelle l&rsquo;influence de l&rsquo;homme marque le syst\u00e8me Terre dans son ensemble. Le changement climatique est des manifestations les plus pr\u00e9gnantes de l&rsquo;anthropoc\u00e8ne.<br \/>\n<\/span><\/p>\n<p><span style=\"color: #777777; font-family: Arial;\">Michel Lussault explique&nbsp;:<br \/>\n<\/span><\/p>\n<p style=\"margin-left: 28pt;\"><span style=\"color: #c00000; font-family: Arial;\">\u00ab&nbsp;L&rsquo;urbanisation a transform\u00e9 radicalement la soci\u00e9t\u00e9 fran\u00e7aise en m\u00eame temps que le monde. C&rsquo;est un changement qui a la particularit\u00e9 d&rsquo;\u00eatre local et global. L&rsquo;entr\u00e9e dans l&rsquo;anthropoc\u00e8ne est \u00e9galement un changement global. D&rsquo;ailleurs, en am\u00e9ricain, on disait \u00ab global change \u00bb avant de parler d&rsquo;anthropoc\u00e8ne. Ces deux changements ont des cons\u00e9quences simultan\u00e9es sur toutes les soci\u00e9t\u00e9s et \u00e0 toutes les \u00e9chelles. Mon souci est de penser l&rsquo;entrecroisement de ces deux changements globaux : comment s&rsquo;alimentent-ils l&rsquo;un l&rsquo;autre ? Quels effets ont-ils sur les individus, sur les territoires, en fait sur le monde et toutes les \u00e9chelles interm\u00e9diaires ? Il n&rsquo;y a pas de plus grande urgence que de penser ces grands changements pour comprendre ce qu&rsquo;ils produisent aux plans \u00e9conomique, politique, culturel, environnemental, social, paysager, architectural, urbanistique, etc.<br \/>\n<\/span><\/p>\n<p style=\"margin-left: 28pt;\"><span style=\"color: #c00000; font-family: Arial;\">D&rsquo;ailleurs, plus que de changement, il faut parler de v\u00e9ritables mutations, qui non seulement imposent de reconsid\u00e9rer les mani\u00e8res classiques de penser les r\u00e9alit\u00e9s sociales et territoriales, mais aussi les fa\u00e7ons d&rsquo;agir, d&rsquo;habiter les espaces et d&rsquo;envisager notre futur.<br \/>\n<\/span><\/p>\n<p style=\"margin-left: 28pt;\"><span style=\"color: #c00000; font-family: Arial;\">Les instituts Convergence [dont fait partie l<strong>&lsquo;EUL]<\/strong> qui se comptent au nombre de 10 en France ont \u00e9t\u00e9 cr\u00e9\u00e9s [pour] rassembler sur un m\u00eame site des scientifiques de haut niveau pour traiter de mani\u00e8re innovante des questions d&rsquo;int\u00e9r\u00eats scientifique et soci\u00e9tal majeurs.<br \/>\n<\/span><\/p>\n<p style=\"margin-left: 28pt;\"><span style=\"color: #c00000; font-family: Arial;\">Chacune des th\u00e9matiques trait\u00e9es par ces instituts est dite de sciences-fronti\u00e8res : elles imposent de sortir des cadres acad\u00e9miques institu\u00e9s, de poser les probl\u00e8mes scientifiques autrement en recourant par exemple \u00e0 une interdisciplinarit\u00e9 radicale.<br \/>\n<\/span><\/p>\n<p style=\"margin-left: 28pt;\"><span style=\"color: #c00000; font-family: Arial;\">Celui de l&rsquo;\u00e9cole urbaine de Lyon consacr\u00e9 aux mondes urbains anthropoc\u00e8nes en est une parfaite illustration.<br \/>\n<\/span><\/p>\n<p style=\"margin-left: 28pt;\"><span style=\"color: #c00000; font-family: Arial;\">On doit y fonder des types de savoirs pertinents pour rendre intelligibles les \u00e9volutions urbaines et anthropoc\u00e8nes contemporaines. Nous pensons que les sciences classiques, constitu\u00e9es depuis deux si\u00e8cles, n&rsquo;offrent plus les ressorts suffisants pour saisir convenablement la complexit\u00e9 des syst\u00e8mes urbains anthropoc\u00e8nes.&nbsp;\u00bb<br \/>\n<\/span><\/p>\n<p><span style=\"color: #777777; font-family: Arial;\">Vous pourrez vous reporter \u00e0 <span style=\"color: #0000ff;\"><a style=\"color: #0000ff;\" href=\"https:\/\/www.horizonspublics.fr\/territoires\/michel-lussault-lurbanisation-transforme-radicalement-la-societe-francaise\">l&rsquo;int\u00e9gralit\u00e9 de l&rsquo;article<\/a>.<\/span><br \/>\n<\/span><\/p>\n<p><span style=\"color: #777777; font-family: Arial;\">Mais j&rsquo;ai trouv\u00e9 cette approche int\u00e9ressante et positive par rapport aux questions que nous nous posons&nbsp;: comment continuer \u00e0 vivre sur cette plan\u00e8te en acceptant ses limites tout en trouvant des solutions pour permettre d&rsquo;\u00e9largir le champ des possibles.<br \/>\n<\/span><\/p>\n<p style=\"margin-left: 28pt;\"><span style=\"color: #c00000; font-family: Arial;\">La science d&rsquo;aujourd&rsquo;hui doit se diff\u00e9rencier de la science d&rsquo;hier, en portant aussi la m\u00eame consid\u00e9ration aux r\u00e9alit\u00e9s humaines et non humaines que nous observons, dans le sens de certaines anthropologies inspir\u00e9es de la sociologie des sciences de Bruno Latour.<br \/>\n<\/span><\/p>\n<p style=\"margin-left: 28pt;\"><span style=\"color: #c00000; font-family: Arial;\">La r\u00e9alit\u00e9 est compos\u00e9e d&rsquo;une grande vari\u00e9t\u00e9 de modes d&rsquo;existence qui oblige \u00e0 sortir de notre posture anthropocentrique.<br \/>\n<\/span><\/p>\n<p style=\"margin-left: 28pt;\"><span style=\"color: #c00000; font-family: Arial;\">Comment \u00e9couter les voix de l&rsquo;ensemble des op\u00e9rateurs d&rsquo;une situation donn\u00e9es et \u00e9vitant que celle du chercheur autoris\u00e9 ne couvre les autres ?<br \/>\n<\/span><\/p>\n<p style=\"margin-left: 28pt;\"><span style=\"color: #c00000; font-family: Arial;\"> \u00ab&nbsp;Notre projet de recherche \u00e9chouera si nous ne parvenons pas \u00e0 embarquer le plus grand nombre de protagonistes pour produire des savoirs diff\u00e9rents, dans toute leur richesse et leur pluralit\u00e9, des savoirs qui changeront radicalement l&rsquo;intelligibilit\u00e9 des r\u00e9alit\u00e9s sociales. Mais nous \u00e9chouons \u00e9galement si nous ne r\u00e9pondons pas aux questions \u00ab qu&rsquo;est-ce que agir, quels sont les modes de faire, quels sont les modes d&rsquo;action \u00e0 inventer dans l&rsquo;urbain anthropoc\u00e8ne ? \u00bb Ce sont des questions auxquelles nous nous pourrons r\u00e9pondre qu&rsquo;avec les acteurs territoriaux, des professionnels jusqu&rsquo;aux quidams si je puis dire. \u00ab Qu&rsquo;est-ce que agir ? \u00bb ne rel\u00e8ve plus dans l&rsquo;anthropoc\u00e8ne de la seule professionnalit\u00e9 mais fondamentalement du politique. Cela d\u00e9bouche sur une double interrogation : comment un individu \u00e0 travers ses actions contribue-t-il \u00e0 rendre intelligible la r\u00e9alit\u00e9 du monde urbain anthropoc\u00e8ne ? Comment un m\u00eame individu \u00e0 travers ses actions contribue \u00e0 faire en sorte que les soci\u00e9t\u00e9s humaines soient capables d&rsquo;affronter les d\u00e9fis de l&rsquo;urbain anthropoc\u00e8ne ?&nbsp;\u00bb<br \/>\n<\/span><\/p>\n<p><span style=\"color: #777777; font-family: Arial;\">Je retiendrai aussi cette invitation de \u00ab&nbsp;<strong>sortir de notre posture anthropocentrique<\/strong>&nbsp;\u00bb<br \/>\n<\/span><\/p>\n<p><span style=\"color: #777777; font-family: Arial;\">Gr\u00e2ce \u00e0 Nicolas Copernic nous avons pu sortir de la th\u00e9orie erron\u00e9e du g\u00e9ocentrisme qui pensait que notre terre \u00e9tait au centre de l&rsquo;Univers pour entrer dans l&rsquo;<strong>h\u00e9liocentrisme<\/strong> qui montrait que la terre tournait autour du soleil.<br \/>\n<\/span><\/p>\n<p><span style=\"color: #777777; font-family: Arial;\">Il reste que pour beaucoup ce g\u00e9ocentrisme a subsist\u00e9 sous la forme de l&rsquo;anthropocentrisme, la terre n&rsquo;est peut-\u00eatre pas au centre du monde, mais l&rsquo;homo sapiens peut-\u00eatre ?<\/span><\/p>\n<p><span style=\"color: #777777; font-family: Arial;\">En tout cas, un doute subsiste pour certains\u2026 Les religions monoth\u00e9istes y ont beaucoup contribu\u00e9.<br \/>\n<\/span><\/p>\n<p><span style=\"color: #777777; font-family: Arial;\">Cette vision est totalement d\u00e9raisonnable.<br \/>\n<\/span><\/p>\n<p><span style=\"color: #777777; font-family: Arial;\">Homo sapiens ne peut rien sans la nature, sans les produits et ressources de notre terre.<br \/>\n<\/span><\/p>\n<p><span style=\"color: #777777; font-family: Arial;\">Parler d&rsquo;environnement n&rsquo;est pas qu&rsquo;une erreur, c&rsquo;est une faute. Je veux dire une faute morale.<br \/>\n<\/span><\/p>\n<p><span style=\"color: #777777; font-family: Arial;\">Parler d&rsquo;environnement c&rsquo;est justement se placer dans la croyance de l&rsquo;anthropocentrisme o\u00f9 homo sapiens est au centre et ce qui l&rsquo;entoure est l&rsquo;environnement.<br \/>\n<\/span><\/p>\n<p><span style=\"color: #777777; font-family: Arial;\">C&rsquo;est une th\u00e9orie aussi erron\u00e9e que le g\u00e9ocentrisme.<br \/>\n<\/span><\/p>\n<p><span style=\"color: #777777; font-family: Arial;\">Nous sommes dans la nature et la nature est en nous.<br \/>\n<\/span><\/p>\n<p><span style=\"color: #777777; font-family: Arial;\">Cela n&rsquo;enl\u00e8ve rien au g\u00e9nie de notre esp\u00e8ce mais si nous ne parvenons \u00e0 nous r\u00e9concilier avec la nature et la terre et \u00e0 rendre notre soci\u00e9t\u00e9 des hommes compatible avec les ressources et l&rsquo;\u00e9quilibre de la nature, nous dispara\u00eetrons.<br \/>\n<\/span><\/p>\n<p><span style=\"color: #777777; font-family: Arial;\"><span style=\"color: #800000;\">&lt;1106&gt;<\/span><br \/>\n<\/span><\/p>\n<p><span style=\"color: #777777; font-family: Arial;\">.<\/span><\/p>\n","protected":false},"excerpt":{"rendered":"<p>\u00ab L&rsquo;urbanisation a transform\u00e9 radicalement la soci\u00e9t\u00e9 fran\u00e7aise \u00bb Michel Lussault Michel Lussault, est G\u00e9ographe et professeur d&rsquo;\u00e9tudes urbaines \u00e0 l&rsquo;\u00c9cole Normale Sup\u00e9rieure de Lyon (ENS). Il dirige l&rsquo;\u00c9cole Urbaine de Lyon (EUL) qui a \u00e9t\u00e9 cr\u00e9\u00e9e en juin 2017<\/p>\n","protected":false},"author":1,"featured_media":0,"comment_status":"open","ping_status":"closed","sticky":false,"template":"","format":"standard","meta":{"footnotes":""},"categories":[1],"tags":[43,54,44],"class_list":["post-5297","post","type-post","status-publish","format-standard","hentry","category-motdujour","tag-ecologie","tag-humanisme","tag-rechauffement"],"_links":{"self":[{"href":"https:\/\/lemotdujour.fr\/index.php?rest_route=\/wp\/v2\/posts\/5297","targetHints":{"allow":["GET"]}}],"collection":[{"href":"https:\/\/lemotdujour.fr\/index.php?rest_route=\/wp\/v2\/posts"}],"about":[{"href":"https:\/\/lemotdujour.fr\/index.php?rest_route=\/wp\/v2\/types\/post"}],"author":[{"embeddable":true,"href":"https:\/\/lemotdujour.fr\/index.php?rest_route=\/wp\/v2\/users\/1"}],"replies":[{"embeddable":true,"href":"https:\/\/lemotdujour.fr\/index.php?rest_route=%2Fwp%2Fv2%2Fcomments&post=5297"}],"version-history":[{"count":5,"href":"https:\/\/lemotdujour.fr\/index.php?rest_route=\/wp\/v2\/posts\/5297\/revisions"}],"predecessor-version":[{"id":13388,"href":"https:\/\/lemotdujour.fr\/index.php?rest_route=\/wp\/v2\/posts\/5297\/revisions\/13388"}],"wp:attachment":[{"href":"https:\/\/lemotdujour.fr\/index.php?rest_route=%2Fwp%2Fv2%2Fmedia&parent=5297"}],"wp:term":[{"taxonomy":"category","embeddable":true,"href":"https:\/\/lemotdujour.fr\/index.php?rest_route=%2Fwp%2Fv2%2Fcategories&post=5297"},{"taxonomy":"post_tag","embeddable":true,"href":"https:\/\/lemotdujour.fr\/index.php?rest_route=%2Fwp%2Fv2%2Ftags&post=5297"}],"curies":[{"name":"wp","href":"https:\/\/api.w.org\/{rel}","templated":true}]}}