{"id":5295,"date":"2018-09-10T01:14:55","date_gmt":"2018-09-09T23:14:55","guid":{"rendered":"http:\/\/lemotdujour.fr\/?p=5295"},"modified":"2022-03-11T15:40:00","modified_gmt":"2022-03-11T14:40:00","slug":"lundi-10-septembre-2018","status":"publish","type":"post","link":"https:\/\/lemotdujour.fr\/?p=5295","title":{"rendered":"Lundi 10 septembre 2018"},"content":{"rendered":"<div class=\"mdjTexte\">\u00ab&nbsp;Cette climatisation qui surchauffe la plan\u00e8te&nbsp;\u00bb<\/div>\n<div class=\"mdjAuteur\">Michel Revol<\/div>\n<p><span style=\"color: #777777; font-family: Arial;\">Il a fait chaud cet \u00e9t\u00e9.<\/span><\/p>\n<p><span style=\"color: #777777; font-family: Arial;\">Pour certains, cette chaleur est insupportable.<br \/>\n<\/span><\/p>\n<p><span style=\"color: #777777; font-family: Arial;\">Dans notre soci\u00e9t\u00e9 moderne, individualiste et privil\u00e9giant le court-terme, la tentation est grande d&rsquo;acheter une climatisation.<br \/>\n<\/span><\/p>\n<p><span style=\"color: #777777; font-family: Arial;\">Vous trouverez, de mani\u00e8re assez humoristique cette vid\u00e9o sur Internet&nbsp;: <span style=\"color: #0000ff;\"><a style=\"color: #0000ff;\" href=\"https:\/\/www.youtube.com\/watch?v=M5f6sdRqOI0\">&lt;Comment les climatiseurs ont chang\u00e9 le monde&gt;<\/a><\/span><br \/>\n<\/span><\/p>\n<p><span style=\"color: #777777; font-family: Arial;\">Vous apprendrez que chaque seconde, dix climatiseurs sont vendus dans le monde. En&nbsp;2050, on en comptera pr\u00e8s de six milliards. Invent\u00e9 en 1902 par l&rsquo;ing\u00e9nieur am\u00e9ricain Willis Carrier, le climatiseur a profond\u00e9ment modifi\u00e9 nos soci\u00e9t\u00e9s contemporaines. L&rsquo;industrie culturelle, d&rsquo;abord, en&nbsp;accompagnant l&rsquo;\u00e2ge d&rsquo;or du cin\u00e9ma hollywoodien. Les entreprises se sont ensuite \u00e9quip\u00e9es en masse, la climatisation \u00e9tant r\u00e9put\u00e9e augmenter la productivit\u00e9 des salari\u00e9s.<br \/>\n<\/span><\/p>\n<p><span style=\"color: #777777; font-family: Arial;\">S&rsquo;il a fallu attendre les ann\u00e9es 1950 pour que les climatiseurs entrent dans les m\u00e9nages am\u00e9ricains, ils repr\u00e9sentent aujourd&rsquo;hui, aux Etats-Unis, une d\u00e9pense \u00e9nerg\u00e9tique \u00e9quivalente \u00e0 celle du continent africain tout entier.<br \/>\n<\/span><\/p>\n<p><span style=\"color: #777777; font-family: Arial;\">Arr\u00eatons-nous un instant sur ce constat&nbsp;:<br \/>\n<\/span><\/p>\n<p><span style=\"color: #777777; font-family: Arial;\"><strong>\u00ab&nbsp;La d\u00e9pense \u00e9nerg\u00e9tique des m\u00e9nages am\u00e9ricains sur l&rsquo;unique consommation d\u00fb aux climatiseurs est \u00e9quivalente \u00e0 celle du continent africain tout entier&nbsp;!&nbsp;\u00bb<br \/>\n<\/strong><\/span><\/p>\n<p><span style=\"color: #777777; font-family: Arial;\">Et nous savons que c&rsquo;est une autre dimension de la mondialisation&nbsp;: les africains veulent vivre comme les am\u00e9ricains.<br \/>\n<\/span><\/p>\n<p><span style=\"color: #777777; font-family: Arial;\">Nous savons aussi qu&rsquo;au milieu du monde des chiffres pervers, il en est qui sont davantage s\u00e9rieux et fiables. C&rsquo;est le cas de ceux la d\u00e9mographie.<br \/>\n<\/span><\/p>\n<p><span style=\"color: #777777; font-family: Arial;\">Les \u00c9tats-Unis comptaient 325 millions d&rsquo;habitants en 2016. Mais selon &lt;<a href=\"https:\/\/fr.wikipedia.org\/wiki\/D%C3%A9mographie_des_%C3%89tats-Unis\"><span style=\"color: #0000ff;\">Wikipedia<\/span><\/a>&gt;, l&rsquo;accroissement naturel du pays est de 0,81 %. Donc m\u00eame avec l&rsquo;immigration la d\u00e9mographie des Etats-Unis devraient rester stable \u00e0 moyen terme.<br \/>\n<\/span><\/p>\n<p><span style=\"color: #777777; font-family: Arial;\">Or l&rsquo;Afrique comptait d\u00e9j\u00e0 1,2 milliard en 2016, soit plus de 4 fois la population \u00e9tats-uniennes. Et <a href=\"https:\/\/fr.wikipedia.org\/wiki\/D%C3%A9mographie_de_l%27Afrique\"><span style=\"color: #0000ff;\">selon les projections d\u00e9mographiques<\/span><\/a><span style=\"color: #0000ff;\">,<\/span> dans les ann\u00e9es 2050 la population de l&rsquo;Afrique se situera entre 2 et 3 milliards puis 4,4 milliards en 2100.<br \/>\n<\/span><\/p>\n<p><span style=\"color: #777777; font-family: Arial;\"><strong>La terre qui permettrait aux africains de se climatiser comme les am\u00e9ricains n&rsquo;existe pas&nbsp;!<\/strong><br \/>\n<\/span><\/p>\n<p><span style=\"color: #777777; font-family: Arial;\">Le probl\u00e8me d\u00e9passe bien la seule question de la climatisation pour s&rsquo;\u00e9tendre \u00e0 l&rsquo;ensemble du spectre de la consommation, des transports, de l&rsquo;alimentation etc.<br \/>\n<\/span><\/p>\n<p><span style=\"color: #777777; font-family: Arial;\">Mais pour ce mot du jour restons sur le sujet de la climatisation.<br \/>\n<\/span><\/p>\n<p><span style=\"color: #777777; font-family: Arial;\">A l&rsquo;heure d&rsquo;aujourd&rsquo;hui, le rem\u00e8de de la climatisation pour lutter contre la canicule est d\u00e9vastateur.<br \/>\n<\/span><\/p>\n<p><span style=\"color: #777777; font-family: Arial;\">Michel Revol a publi\u00e9 dans le Point un article qui a pour titre&nbsp;: \u00ab&nbsp;<a href=\"http:\/\/www.lepoint.fr\/economie\/cette-clim-qui-surchauffe-la-planete-16-05-2018-2218973_28.php\"><span style=\"color: #0000ff;\">Cette clim qui surchauffe la plan\u00e8te<\/span>&nbsp;<\/a>\u00bb<br \/>\n<\/span><\/p>\n<p><span style=\"color: #777777; font-family: Arial;\">Il \u00e9crit&nbsp;:<br \/>\n<\/span><\/p>\n<p style=\"margin-left: 28pt;\"><span style=\"color: #c00000; font-family: Arial;\">\u00ab&nbsp;C&rsquo;est ce qu&rsquo;on appelle un cercle vicieux : non seulement, \u00e0 raison de 0,5 \u00e0 2 degr\u00e9s, la climatisation r\u00e9chauffe les villes en rejetant dans les rues de l&rsquo;air chaud, mais elle participe aussi \u00e0 \u00e9lever la temp\u00e9rature de la plan\u00e8te en consommant beaucoup d&rsquo;\u00e9lectricit\u00e9, produite surtout par du gaz et du charbon, deux \u00e9nergies fossiles \u2013 donc actrices de l&rsquo;effet de serre. Et, puisque la plan\u00e8te se r\u00e9chauffe du fait de la clim, il faut bien la faire fonctionner encore plus fort pour refroidir les magasins et les habitations. Impitoyable.<br \/>\n<\/span><\/p>\n<p style=\"margin-left: 28pt;\"><span style=\"color: #c00000; font-family: Arial;\">L&rsquo;Agence internationale de l&rsquo;\u00e9nergie vient de s&rsquo;alarmer du danger dans un rapport publi\u00e9 en mai dernier. Selon l&rsquo;organisation, le nombre de climatiseurs devrait tripler dans le monde jusqu&rsquo;en 2050. Il pourrait se vendre en moyenne un climatiseur toutes les quatre secondes d&rsquo;ici \u00e0 cette \u00e9ch\u00e9ance, pour atteindre un total de 5,6 milliards de machines, contre 1,6 milliard aujourd&rsquo;hui ! Cette flamb\u00e9e pourrait provoquer ce que l&rsquo;AIE appelle un \u00ab cold crunch \u00bb, un choc du froid : si rien n&rsquo;est fait, la consommation d&rsquo;\u00e9nergie pour faire fonctionner les climatiseurs pourrait tripler d&rsquo;ici \u00e0 2050. \u00c0 ce niveau d&rsquo;\u00e9quipement, et si rien n&rsquo;est fait, l&rsquo;\u00e9lectricit\u00e9 n\u00e9cessaire pour faire tourner ces \u00e9quipements pourrait atteindre l&rsquo;\u00e9quivalent de la consommation actuelle de la Chine. Quant aux \u00e9missions de dioxyde de carbone dues \u00e0 la climatisation, elles pourraient quasiment doubler d&rsquo;ici \u00e0 2050 avec un milliard de tonnes suppl\u00e9mentaires \u2013 soit le volume de ce gaz rejet\u00e9 chaque ann\u00e9e par l&rsquo;Afrique&#8230;&nbsp;\u00bb<br \/>\n<\/span><\/p>\n<p><span style=\"color: #777777; font-family: Arial;\">Alors, bien s\u00fbr actuellement les \u00e9quipements utilis\u00e9s dans le monde sont peu performants et probablement que la technique pourra am\u00e9liorer le rendement \u00e9nerg\u00e9tique de ces appareils.<br \/>\n<\/span><\/p>\n<p><span style=\"color: #777777; font-family: Arial;\">Mais globalement nous sommes confront\u00e9s \u00e0 un probl\u00e8me technique de la conservation de l&rsquo;\u00e9nergie qui fait que si vous voulez refroidir un endroit vous allez en r\u00e9chauffer un autre.<br \/>\n<\/span><\/p>\n<p><span style=\"color: #777777; font-family: Arial;\">Il apparait clairement que la climatisation n&rsquo;est pas la solution.<br \/>\n<\/span><\/p>\n<p><span style=\"color: #777777; font-family: Arial;\">Une des solutions serait de cr\u00e9er des <span style=\"color: #0000ff;\"><a style=\"color: #0000ff;\" href=\"http:\/\/www.demainlaville.com\/villes-vegetalisees-resilientes\/\">villes v\u00e9g\u00e9talis\u00e9es<\/a>..<\/span><br \/>\n<\/span><\/p>\n<p><span style=\"color: #777777; font-family: Arial;\">Et aussi de r\u00e9nover ou de construire des b\u00e2timents qui deviennent ou soient thermiquement isol\u00e9s.<br \/>\n<\/span><\/p>\n<p><span style=\"color: #777777; font-family: Arial;\">Ces solutions ne sont pas individualistes et ne sont pas \u00e0 court terme.<br \/>\n<\/span><\/p>\n<p><span style=\"color: #800000; font-family: Arial;\">&lt;1105&gt;<\/span><\/p>\n","protected":false},"excerpt":{"rendered":"<p>\u00ab&nbsp;Cette climatisation qui surchauffe la plan\u00e8te&nbsp;\u00bb Michel Revol Il a fait chaud cet \u00e9t\u00e9. Pour certains, cette chaleur est insupportable. Dans notre soci\u00e9t\u00e9 moderne, individualiste et privil\u00e9giant le court-terme, la tentation est grande d&rsquo;acheter une climatisation. Vous trouverez, de mani\u00e8re<\/p>\n","protected":false},"author":1,"featured_media":0,"comment_status":"open","ping_status":"closed","sticky":false,"template":"","format":"standard","meta":{"footnotes":""},"categories":[1],"tags":[43,3,44],"class_list":["post-5295","post","type-post","status-publish","format-standard","hentry","category-motdujour","tag-ecologie","tag-politique","tag-rechauffement"],"_links":{"self":[{"href":"https:\/\/lemotdujour.fr\/index.php?rest_route=\/wp\/v2\/posts\/5295","targetHints":{"allow":["GET"]}}],"collection":[{"href":"https:\/\/lemotdujour.fr\/index.php?rest_route=\/wp\/v2\/posts"}],"about":[{"href":"https:\/\/lemotdujour.fr\/index.php?rest_route=\/wp\/v2\/types\/post"}],"author":[{"embeddable":true,"href":"https:\/\/lemotdujour.fr\/index.php?rest_route=\/wp\/v2\/users\/1"}],"replies":[{"embeddable":true,"href":"https:\/\/lemotdujour.fr\/index.php?rest_route=%2Fwp%2Fv2%2Fcomments&post=5295"}],"version-history":[{"count":5,"href":"https:\/\/lemotdujour.fr\/index.php?rest_route=\/wp\/v2\/posts\/5295\/revisions"}],"predecessor-version":[{"id":13390,"href":"https:\/\/lemotdujour.fr\/index.php?rest_route=\/wp\/v2\/posts\/5295\/revisions\/13390"}],"wp:attachment":[{"href":"https:\/\/lemotdujour.fr\/index.php?rest_route=%2Fwp%2Fv2%2Fmedia&parent=5295"}],"wp:term":[{"taxonomy":"category","embeddable":true,"href":"https:\/\/lemotdujour.fr\/index.php?rest_route=%2Fwp%2Fv2%2Fcategories&post=5295"},{"taxonomy":"post_tag","embeddable":true,"href":"https:\/\/lemotdujour.fr\/index.php?rest_route=%2Fwp%2Fv2%2Ftags&post=5295"}],"curies":[{"name":"wp","href":"https:\/\/api.w.org\/{rel}","templated":true}]}}