{"id":5281,"date":"2018-09-07T03:07:56","date_gmt":"2018-09-07T01:07:56","guid":{"rendered":"http:\/\/lemotdujour.fr\/?p=5281"},"modified":"2022-03-11T15:41:33","modified_gmt":"2022-03-11T14:41:33","slug":"vendredi-7-septembre-2018","status":"publish","type":"post","link":"https:\/\/lemotdujour.fr\/?p=5281","title":{"rendered":"Vendredi 7 septembre 2018"},"content":{"rendered":"<div class=\"mdjTexte\">\u00ab&nbsp;Meine Zeit wird kommen&nbsp;\u00bb (Mon temps viendra)&nbsp;\u00bb<\/div>\n<div class=\"mdjAuteur\">Gustav Mahler<\/div>\n<p><span style=\"color: #777777; font-family: Arial;\">Bernstein fut un formidable interpr\u00e8te de Mahler. Mais sa relation avec Mahler fut bien plus profonde. Et il me para\u00eet naturel de finir cette s\u00e9rie sur L\u00e9onard Bernstein en associant ces deux noms : \u00abGustav Mahler\u00bb et \u00abL\u00e9onard Bernstein\u00bb.<br \/>\n<\/span><\/p>\n<p><img decoding=\"async\" class=\"alignleft\" src=\"https:\/\/lemotdujour.fr\/wp-content\/uploads\/2018\/09\/090618_2106_Vendredi7se1.jpg\" alt=\"\" align=\"left\"><\/p>\n<p><span style=\"color: #777777; font-family: Arial;\">Ils ont tellement de points communs\u2026<\/span><\/p>\n<p><span style=\"color: #777777; font-family: Arial;\">Et le premier \u00e9tant \u00e9videmment qu&rsquo;ils \u00e9taient tous deux d&rsquo;exceptionnels chefs d&rsquo;orchestre reconnus parmi les plus grands par tous les critiques et musiciens et qu&rsquo;en parall\u00e8le ils \u00e9taient compositeurs et voulaient avant tout s&rsquo;imposer comme tel, et que dans ce domaine les critiques \u00e9taient beaucoup moins favorables.<br \/>\n<\/span><\/p>\n<p><span style=\"color: #777777; font-family: Arial;\">Mahler, comme musicien juif fut banni totalement des concerts dans le monde nazi donc \u00e0 Berlin et \u00e0 Vienne, et cet ostracisme continua bien au-del\u00e0 de la fin officielle du nazisme.<br \/>\n<\/span><\/p>\n<p><span style=\"color: #777777; font-family: Arial;\">Dans le reste du monde, entre sa mort en 1911 et les ann\u00e9es 1960, il n&rsquo;\u00e9tait pratiquement pas jou\u00e9. Seul son disciple Bruno Walter, et quelques grands chefs comme Otto Klemperer ou Jasha Horenstein parvinrent parfois \u00e0 imposer aux responsables des salles de concert une de ses symphonies. Il y avait une exception aux Pays-Bas avec l&rsquo;Orchestre du Concertgebouw d&rsquo;Amsterdam et Willem Mengelberg.<br \/>\n<\/span><\/p>\n<p><span style=\"color: #777777; font-family: Arial;\">Peu avant de mourir, Gustav Mahler avait eu cette phrase en parlant de son \u0153uvre de compositeur&nbsp;: \u00ab&nbsp;<strong>Mon temps viendra<\/strong>&nbsp;!&nbsp;\u00bb<br \/>\n<\/span><\/p>\n<p><span style=\"color: #777777; font-family: Arial;\">Une statistique r\u00e9cente a montr\u00e9 que le compositeur le plus souvent jou\u00e9 de nos jours, par les plus grands orchestres symphoniques, est Gustav Mahler.<br \/>\n<\/span><\/p>\n<p><span style=\"color: #777777; font-family: Arial;\">Gustav Mahler avait donc raison, son temps allait venir et il est venu.<br \/>\n<\/span><\/p>\n<p><span style=\"color: #777777; font-family: Arial;\">Et je fais le pari que le compositeur Bernstein poursuivra une trajectoire parall\u00e8le et que son temps viendra aussi et qu&rsquo;il est d\u00e9j\u00e0 en train de venir comme le prouve le succ\u00e8s de son \u0153uvre \u00ab&nbsp;Mass&nbsp;\u00bb qui n&rsquo;avait plus \u00e9t\u00e9 jou\u00e9 pendant de nombreuses ann\u00e9es et dont on red\u00e9couvre aujourd&rsquo;hui l&rsquo;incroyable richesse et beaut\u00e9.<br \/>\n<\/span><\/p>\n<p><span style=\"color: #777777; font-family: Arial;\">Bernstein ne fut pas le seul \u00e0 d\u00e9fendre l&rsquo;\u0153uvre de Mahler dans les ann\u00e9es 1960, mais il fut le premier qui enregistra toutes les symphonies de Mahler avec son Orchestre Philharmonique de New York de 1960 \u00e0 1967 pour CBS.<br \/>\n<\/span><\/p>\n<p><span style=\"color: #777777; font-family: Arial;\">Un autre \u00e9v\u00e8nement donna une grande notori\u00e9t\u00e9 \u00e0 Mahler ce fut \u00ab&nbsp;Mort \u00e0 Venise&nbsp;\u00bb de Lucchino Visconti qui d\u00e9bute avec l&rsquo;adagietto de la 5<sup>\u00e8me<\/sup> symphonie de Mahler.<br \/>\n<\/span><\/p>\n<p><span style=\"color: #777777; font-family: Arial;\">Vous trouverez derri\u00e8re<span style=\"color: #0000ff;\"> <a style=\"color: #0000ff;\" href=\"https:\/\/www.youtube.com\/watch?v=15WQNKhaCHY\">&lt;Ce lien&gt;<\/a><\/span> ce morceau interpr\u00e9t\u00e9 par Bernstein avec l&rsquo;Orchestre Philharmonique de Vienne.<br \/>\n<\/span><\/p>\n<p><span style=\"color: #777777; font-family: Arial;\">Mais si on creuse un peu on peut d\u00e9celer bien d&rsquo;autres points communs entre Bernstein et Mahler.<br \/>\n<\/span><\/p>\n<p><span style=\"color: #777777; font-family: Arial;\">Tous les deux \u00e9taient juifs.<br \/>\n<\/span><\/p>\n<p><span style=\"color: #777777; font-family: Arial;\">Les parents de L\u00e9onard Bernstein, des juifs ukrainiens d\u00e9barquent \u00e0 Ellis Island au m\u00eame moment que Gustav Mahler, un peu avant 1910.<br \/>\n<\/span><\/p>\n<p><span style=\"color: #777777; font-family: Arial;\">Car Gustav Mahler apr\u00e8s avoir r\u00e9volutionn\u00e9 la musique \u00e0 Vienne et s&rsquo;\u00eatre fait quelques ennemis est venu \u00e0 New York diriger au Metropolitan Op\u00e9ra un peu avant de mourir. Bernstein a fait le chemin inverse r\u00e9volutionnant d&rsquo;abord la musique \u00e0 New York avec le philharmonique de New York avant de venir briller \u00e0 Vienne avec l&rsquo;Orchestre Philharmonique de Vienne, l&rsquo;orchestre que Mahler avait amen\u00e9 vers des sommets de qualit\u00e9 inconnus, au d\u00e9but du XX\u00e8me si\u00e8cle.<br \/>\n<\/span><\/p>\n<p><img loading=\"lazy\" decoding=\"async\" class=\"wp-image-5286 alignright\" src=\"https:\/\/lemotdujour.fr\/wp-content\/uploads\/2018\/09\/alfred-eisenstaedt-leonard-bernstein-kisses-the-hand-of-alma-mahler-after-rehearsing-gustav-mahler-second-300x295.jpg\" alt=\"\" width=\"379\" height=\"373\" srcset=\"https:\/\/lemotdujour.fr\/wp-content\/uploads\/2018\/09\/alfred-eisenstaedt-leonard-bernstein-kisses-the-hand-of-alma-mahler-after-rehearsing-gustav-mahler-second-300x295.jpg 300w, https:\/\/lemotdujour.fr\/wp-content\/uploads\/2018\/09\/alfred-eisenstaedt-leonard-bernstein-kisses-the-hand-of-alma-mahler-after-rehearsing-gustav-mahler-second.jpg 436w\" sizes=\"auto, (max-width: 379px) 100vw, 379px\" \/><span style=\"color: #777777; font-family: Arial;\">Quand Bernstein d\u00e9barque en 1966 \u00e0 Vienne, le Philharmonique n&rsquo;avait plus jou\u00e9 Mahler depuis l&rsquo;Anschluss en 1938. Les archives de l&rsquo;Orchestre Philharmonique de Vienne sont d\u00e9sormais ouvertes, on sait qu&rsquo;avant l&rsquo;anschluss une proportion importante de musiciens de l&rsquo;orchestre avaient adh\u00e9r\u00e9 au Parti Nazi autrichien, alors qu&rsquo;il \u00e9tait officiellement interdit \u00e0 ce moment. Une fois les nazis au pouvoir, les juifs sont chass\u00e9s de l&rsquo;orchestre et les nazis deviennent largement majoritaires. Apr\u00e8s la guerre, il n&rsquo;y eut quasi aucune \u00e9puration en Autriche ni \u00e0 l&rsquo;Orchestre. Dans ce dernier cas c&rsquo;\u00e9tait pour pr\u00e9server la fameuse tradition viennoise ce qui a eu pour cons\u00e9quence aussi de pr\u00e9server \u00ab&nbsp;la tradition antis\u00e9mite&nbsp;\u00bb.<br \/>\n<\/span><\/p>\n<p><span style=\"color: #777777; font-family: Arial;\">C&rsquo;est dans cette atmosph\u00e8re hostile que Bernstein est venu \u00e0 Vienne surmonter les r\u00e9ticences et m\u00eame les haines pour refaire de l&rsquo;Orchestre Philharmonique de Vienne un orchestre mahl\u00e9rien. Il a entendu, lors des premi\u00e8res r\u00e9p\u00e9titions des musiciens dirent \u00e0 voix basse \u00ab&nbsp;musique de merde&nbsp;\u00bb.<br \/>\n<\/span><\/p>\n<p><span style=\"color: #777777; font-family: Arial;\">Il va affronter les d\u00e9mons, les vrais, les nazis cach\u00e9s dans les replis de l&rsquo;histoire. Il va les d\u00e9busquer avec son sourire, son \u00e9nergie et sa formidable intelligence de l&rsquo;autre, et il va les faire plier par amour de la musique.<br \/>\n<\/span><\/p>\n<p><span style=\"color: #777777; font-family: Arial;\">Il va les convaincre que Mahler fait partie de leur tradition et que c&rsquo;est une trahison de ne plus le jouer.<br \/>\n<\/span><\/p>\n<p><span style=\"color: #777777; font-family: Arial;\">Il va en r\u00e9sulter des concerts, des disques, des vid\u00e9os qui sont autant de r\u00e9ussites et de diamants \u00e9ternels.<br \/>\n<\/span><\/p>\n<p><span style=\"color: #777777; font-family: Arial;\">Et Bernstein au bout de son combat victorieux a pu d\u00e9clarer&nbsp;:<br \/>\n<\/span><\/p>\n<p style=\"margin-left: 28pt;\"><span style=\"color: #c00000; font-family: Arial;\">\u00ab&nbsp; La ville est si belle et si pleine de traditions. Tout le monde ici vit pour la musique, en particulier l&rsquo;op\u00e9ra, et je semble \u00eatre le nouveau h\u00e9ros. Ce qu&rsquo;ils appellent \u00ab la vague de Bernstein \u00bb qui a submerg\u00e9 Vienne et produit un \u00e9trange r\u00e9sultat ; tout \u00e0 coup, il est \u00e0 la mode d&rsquo;\u00eatre juif..&nbsp;\u00bb<br \/>\n<\/span><\/p>\n<p><span style=\"color: #777777; font-family: Arial;\">Tout ceci est d\u00e9velopp\u00e9 dans cette remarquable \u00e9mission de France Musique&nbsp;:<span style=\"color: #0000ff;\"> <a style=\"color: #0000ff;\" href=\"https:\/\/www.francemusique.fr\/emissions\/un-ete-avec-bernstein\/leonard-bernstein-a-nous-deux-vienne-64018\">&lt;L\u00e9onard Bernstein : A nous deux Vienne !&gt;<\/a><\/span><br \/>\n<\/span><\/p>\n<p><span style=\"color: #777777; font-family: Arial;\">Mahler et Bernstein avait aussi en commun un go\u00fbt pour l&rsquo;humour noir, le th\u00e9\u00e2tre, le folklore&#8230;<br \/>\n<\/span><\/p>\n<p><span style=\"color: #777777; font-family: Arial;\">Dans l&rsquo;\u0153uvre des deux compositeurs on retrouve la m\u00eame fascination pour l&rsquo;innocence de l&rsquo;enfance la m\u00eame obsession du paradis qu&rsquo;il soit terrestre ou c\u00e9leste. L\u00e9onard Bernstein dans une des \u00e9missions consacr\u00e9es \u00e0 Mahler a dit&nbsp;:<br \/>\n<\/span><\/p>\n<p style=\"margin-left: 28pt;\"><span style=\"color: #c00000; font-family: Arial;\">\u00ab&nbsp; Quand Mahler est triste, il est dans une d\u00e9tresse totale, rien ne peut le r\u00e9conforter, c&rsquo;est comme un enfant qui pleure. Et quand il est heureux il est heureux comme un enfant sans retenue. C&rsquo;est l\u00e0 une des clefs de l&rsquo;\u00e9nigme Mahler, il est comme un enfant !&nbsp;\u00bb<br \/>\n<\/span><\/p>\n<p><span style=\"color: #777777; font-family: Arial;\">Et il signifie ainsi que lui \u00e9tait probablement aussi comme cela.<br \/>\n<\/span><\/p>\n<p><span style=\"color: #777777; font-family: Arial;\">Renaud Machart a \u00e9crit dans sa biographie de Bernstein&nbsp;:<br \/>\n<\/span><\/p>\n<p style=\"margin-left: 28pt;\"><span style=\"color: #c00000; font-family: Arial;\">\u00ab&nbsp;Bernstein s&rsquo;est identifi\u00e9 de mani\u00e8re quasi obsessionnelle \u00e0 Gustav Mahler. Les raisons de cette identification sont multiples [&#8230;]<br \/>\nL&rsquo;identification quasi g\u00e9mellaire que Bernstein ressentait quand il dirigeait la musique de Mahler est frappante dans la plupart de ses d\u00e9clarations orales ou \u00e9crites. Au risque de faire sourire certains, il n&rsquo;h\u00e9sitait pas \u00e0 dire, en ces moments d&rsquo;exaltation dont il \u00e9tait coutumier, qu&rsquo;il se sentait comme la r\u00e9incarnation du Viennois&nbsp;\u00bb<br \/>\n<\/span><span style=\"color: #777777; font-family: Arial;\">Page 106-107<br \/>\n<\/span><\/p>\n<p><span style=\"color: #777777; font-family: Arial;\">En plus d&rsquo;\u00eatre un formidable interpr\u00e8te de Mahler, il revenait \u00e0 ses talents de p\u00e9dagogue pour parler de Mahler et le d\u00e9fendre avec des mots.<br \/>\n<\/span><\/p>\n<p><span style=\"color: #777777; font-family: Arial;\">Dans son \u00e9mission \u00ab&nbsp;Young People&rsquo;s Concerts&nbsp;\u00bb l&rsquo;une d&rsquo;entre elle a pour titre&nbsp;: \u00ab&nbsp; Qui \u00e9tait Gustav Mahler ?&nbsp;\u00bb et vous pouvez la voir<span style=\"color: #0000ff;\"> <a style=\"color: #0000ff;\" href=\"https:\/\/www.arte.tv\/fr\/videos\/084153-004-A\/qui-etait-gustav-mahler\/\">sur le site d&rsquo;ARTE<\/a> j<\/span>usqu&rsquo;au 25 novembre 2018.<br \/>\n<\/span><\/p>\n<p><span style=\"color: #777777; font-family: Arial;\">Il a enregistr\u00e9 d&rsquo;autres vid\u00e9os o\u00f9 il fait partager sa passion pour Gustav Mahler comme ce dvd&nbsp;: \u00ab&nbsp; <a href=\"https:\/\/www.videocollection.com\/bernstein-mahler-little-drummer-boy\/044007343500\"><span style=\"color: #0000ff;\">the Little Drummer Boy: An Essay on Gustav Mahler by and With Leonard Bernstein<\/span>&nbsp;<\/a>\u00bb<br \/>\n<\/span><\/p>\n<p><span style=\"color: #777777; font-family: Arial;\">Lui qui disait&nbsp;: \u00ab&nbsp;<span style=\"color: #c00000;\">On ne vend pas la musique, on la partage<span style=\"color: #777777;\">&nbsp;\u00bb<br \/>\n<\/span><\/span><\/span><\/p>\n<p><span style=\"color: #777777; font-family: Arial;\">France Musique a \u00e9galement consacr\u00e9 une \u00e9mission passionnante sur cette relation entre un g\u00e9nie mort en 1911 et un autre n\u00e9 en 1918&nbsp;: <span style=\"color: #0000ff;\"><a style=\"color: #0000ff;\" href=\"https:\/\/www.francemusique.fr\/emissions\/un-ete-avec-bernstein\/leonard-bernstein-une-vie-avec-mahler-64154\">&lt;L\u00e9onard Bernstein : Une vie avec Mahler&gt;<\/a><\/span><br \/>\n<\/span><\/p>\n<p><span style=\"color: #777777; font-family: Arial;\">Je ne r\u00e9siste pas \u00e0 vous donner aussi ce lien vers<span style=\"color: #0000ff;\"> <a style=\"color: #0000ff;\" href=\"https:\/\/www.youtube.com\/watch?v=tf5fM1i3MGQ\">le final de la 2<sup>\u00e8me<\/sup> symphonie \u00ab&nbsp;R\u00e9surrection&nbsp;\u00bb<\/a> <\/span>qu&rsquo;il dirige \u00e0 Londres dans un moment d&rsquo;extase.<br \/>\n<\/span><\/p>\n<p><span style=\"color: #777777; font-family: Arial;\">Bernstein s&rsquo;est fait inhumer avec une copie de poche de la partition de la 5e symphonie de Mahler et aussi un exemplaire du conte <em>Alice au pays des merveilles<\/em> !<br \/>\n<\/span><\/p>\n<p><img decoding=\"async\" src=\"https:\/\/lemotdujour.fr\/wp-content\/uploads\/2018\/09\/090618_2106_Vendredi7se3.jpg\" alt=\"\"><span style=\"color: #777777; font-family: Arial;\"><br \/>\n<\/span><\/p>\n<p><span style=\"color: #0000ff;\"><a style=\"color: #0000ff;\" href=\"https:\/\/www.francemusique.fr\/emissions\/un-ete-avec-bernstein\/leonard-bernstein-goodbye-lenny-64169\"><span style=\"font-family: Arial;\">&lt;Goodbye Lenny !&gt;<\/span><\/a><\/span><span style=\"color: #777777; font-family: Arial;\"><br \/>\n<\/span><\/p>\n<p><span style=\"color: #800000;\">&lt;1104&gt;<\/span><\/p>\n","protected":false},"excerpt":{"rendered":"<p>\u00ab&nbsp;Meine Zeit wird kommen&nbsp;\u00bb (Mon temps viendra)&nbsp;\u00bb Gustav Mahler Bernstein fut un formidable interpr\u00e8te de Mahler. Mais sa relation avec Mahler fut bien plus profonde. Et il me para\u00eet naturel de finir cette s\u00e9rie sur L\u00e9onard Bernstein en associant ces<\/p>\n","protected":false},"author":1,"featured_media":0,"comment_status":"open","ping_status":"closed","sticky":false,"template":"","format":"standard","meta":{"footnotes":""},"categories":[1],"tags":[17,29,20],"class_list":["post-5281","post","type-post","status-publish","format-standard","hentry","category-motdujour","tag-histoire","tag-hommage","tag-musique"],"_links":{"self":[{"href":"https:\/\/lemotdujour.fr\/index.php?rest_route=\/wp\/v2\/posts\/5281","targetHints":{"allow":["GET"]}}],"collection":[{"href":"https:\/\/lemotdujour.fr\/index.php?rest_route=\/wp\/v2\/posts"}],"about":[{"href":"https:\/\/lemotdujour.fr\/index.php?rest_route=\/wp\/v2\/types\/post"}],"author":[{"embeddable":true,"href":"https:\/\/lemotdujour.fr\/index.php?rest_route=\/wp\/v2\/users\/1"}],"replies":[{"embeddable":true,"href":"https:\/\/lemotdujour.fr\/index.php?rest_route=%2Fwp%2Fv2%2Fcomments&post=5281"}],"version-history":[{"count":9,"href":"https:\/\/lemotdujour.fr\/index.php?rest_route=\/wp\/v2\/posts\/5281\/revisions"}],"predecessor-version":[{"id":13392,"href":"https:\/\/lemotdujour.fr\/index.php?rest_route=\/wp\/v2\/posts\/5281\/revisions\/13392"}],"wp:attachment":[{"href":"https:\/\/lemotdujour.fr\/index.php?rest_route=%2Fwp%2Fv2%2Fmedia&parent=5281"}],"wp:term":[{"taxonomy":"category","embeddable":true,"href":"https:\/\/lemotdujour.fr\/index.php?rest_route=%2Fwp%2Fv2%2Fcategories&post=5281"},{"taxonomy":"post_tag","embeddable":true,"href":"https:\/\/lemotdujour.fr\/index.php?rest_route=%2Fwp%2Fv2%2Ftags&post=5281"}],"curies":[{"name":"wp","href":"https:\/\/api.w.org\/{rel}","templated":true}]}}