{"id":5269,"date":"2018-09-06T03:21:13","date_gmt":"2018-09-06T01:21:13","guid":{"rendered":"http:\/\/lemotdujour.fr\/?p=5269"},"modified":"2022-09-07T11:04:47","modified_gmt":"2022-09-07T09:04:47","slug":"jeudi-6-septembre-2018","status":"publish","type":"post","link":"https:\/\/lemotdujour.fr\/?p=5269","title":{"rendered":"Jeudi 6 septembre 2018"},"content":{"rendered":"<div class=\"mdjTexte\">\t\u00ab&nbsp;Un petit d\u00e9mon&nbsp;\u00bb<\/div>\n<div class=\"mdjAuteur\">\tL\u00e9onard Bernstein parlant de sa sexualit\u00e9<\/div>\n<p><span style=\"color: #777777; font-family: Arial;\">C&rsquo;est dans le documentaire diffus\u00e9 par ARTE et que j&rsquo;ai \u00e9voqu\u00e9 lundi, que j&rsquo;ai appris que Bernstein avait eu cette expression en parlant de lui.<br \/>\n<\/span><\/p>\n<p><span style=\"color: #777777; font-family: Arial;\">Dans le documentaire, ce propos est d&rsquo;ailleurs ambig\u00fce car un auditeur non averti pourrait penser qu&rsquo;il parle de son homosexualit\u00e9, voire de sa bisexualit\u00e9 parce qu&rsquo;il \u00e9tait question de cela au moment o\u00f9 cette phrase a \u00e9t\u00e9 rapport\u00e9e.<br \/>\n<\/span><\/p>\n<p><span style=\"color: #777777; font-family: Arial;\">Il n&rsquo;en n&rsquo;est rien, Bernstein assumait son homosexualit\u00e9.<br \/>\n<\/span><\/p>\n<p><img decoding=\"async\" class=\"alignleft\" src=\"https:\/\/lemotdujour.fr\/wp-content\/uploads\/2018\/09\/090418_2120_Jeudi6septe1.jpg\" alt=\"\" align=\"left\"><span style=\"color: #777777; font-family: Arial;\">Je n&rsquo;ai lu qu&rsquo;une fois explicitement, dans un article fran\u00e7ais, la r\u00e9alit\u00e9 qui se cachait derri\u00e8re cette expression \u00ab&nbsp;un petit d\u00e9mon&nbsp;\u00bb. Peut-\u00eatre que la biographie anglaise, non traduite en fran\u00e7ais, de Meryle Secrest&nbsp;: \u00ab&nbsp;<a href=\"https:\/\/www.kijiji.ca\/v-essais-et-biographies\/ville-de-montreal\/leonard-bernstein-a-life-meryle-secrest\/1056719956\"><span style=\"color: #0000ff;\">Leonard Bernstein, a life&nbsp;<\/span><\/a>\u00bb est plus explicite, mais dans la biographie fran\u00e7aise qui fait autorit\u00e9, <span style=\"color: #0000ff;\"><a style=\"color: #0000ff;\" href=\"https:\/\/www.actes-sud.fr\/catalogue\/classica\/leonard-bernstein\">celle de Renaud Machart<\/a> <\/span>chez \u00ab&nbsp;Actes Sud&nbsp;\u00bb le sujet est abord\u00e9 de mani\u00e8re tr\u00e8s elliptique dans un petit paragraphe \u00e0 la page 17 d&rsquo;un ouvrage qui en comporte plus de 200&nbsp;:<br \/>\n<\/span><\/p>\n<p style=\"margin-left: 28pt;\"><span style=\"color: #c00000; font-family: Arial;\">\u00ab&nbsp;Il y eut, toujours, le go\u00fbt des hommes, qu&rsquo;il n&rsquo;a jamais cach\u00e9 alentour et \u00e0 sa femme Felicia, d&rsquo;une grande beaut\u00e9 et d&rsquo;une fine \u00e9l\u00e9gance, avec laquelle il allait former en 1951, l&rsquo;un des couples les plus s\u00e9millants d&rsquo;Am\u00e9rique. Le musicien \u00e9tait v\u00e9ritablement attach\u00e9 \u00e0 sa famille et \u00e0 ses trois enfants, Jamie, Alexander et Nina. Il lui fallait s\u00fbrement, pour accepter vraiment cette mani\u00e8re de mise sous surveillance de sa propre libert\u00e9, des \u00e9chapp\u00e9es vers l&rsquo;autre part de lui-m\u00eame. <strong>D\u00e9crit par beaucoup comme un pr\u00e9dateur sexuel<\/strong>, celui qui n&rsquo;h\u00e9sitait pas \u00e0 parler aux musiciens de \u00ab&nbsp;battement pelvien&nbsp;\u00bb, voulait aussi \u00eatre p\u00e8re poule [\u2026]<br \/>\n<\/span><\/p>\n<p style=\"margin-left: 28pt;\"><span style=\"color: #c00000; font-family: Arial;\">Tous ceux qui l&rsquo;ont connu parlent de l&rsquo;\u00e9nergie incroyable de l&rsquo;homme, de sa pr\u00e9sence physique. Bernstein donnait l&rsquo;accolade mais plus souvent embrassait volontiers sur la bouche, femmes comme hommes. Sa r\u00e9action au moindre soup\u00e7on de r\u00e9sistance \u00e9tait d&#8217;embrasser encore plus fort, \u00e9crit le critique John Rockwell.&nbsp;\u00bb<br \/>\n<\/span><\/p>\n<p><span style=\"color: #777777; font-family: Arial;\">Il faut \u00eatre attentif, au d\u00e9tour d&rsquo;une phrase il est possible de comprendre. Dans le mot du jour de lundi, je citais un journaliste dans le magazine Diapason de juillet\/ao\u00fbt 2018, qui parle de sa culpabilit\u00e9 apr\u00e8s la mort de son \u00e9pouse et ajoute&nbsp;:<br \/>\n<\/span><\/p>\n<p style=\"margin-left: 28pt;\"><span style=\"color: #c00000;\"><span style=\"font-family: Arial;\">\u00ab&nbsp;Rien ne l&rsquo;apaise. Le monde est plein de jolis gar\u00e7ons qu&rsquo;il consomme sans respirer\u2026&nbsp;\u00bb.<\/span><span style=\"font-family: Times New Roman;\"><br \/>\n<\/span><\/span><\/p>\n<p><span style=\"color: #777777; font-family: Arial;\">Alors tout cela est noy\u00e9 dans un discours exalt\u00e9 et enthousiaste&nbsp;:<br \/>\n<\/span><\/p>\n<p style=\"margin-left: 28pt;\"><span style=\"color: #c00000; font-family: Arial;\">\u00ab&nbsp;Diriger c&rsquo;est comme faire l&rsquo;amour&nbsp;: nous tous, moi au pupitre, les musiciens et les chanteurs \u00e0 leur place, nous faisons l&rsquo;amour chaque fois que nous jouons. Mes musiciens sont mes amants. J&rsquo;en ai beaucoup c&rsquo;est vrai\u2026 Mille amants en m\u00eame temps&nbsp;!&nbsp;\u00bb<br \/>\n<\/span><\/p>\n<p><span style=\"color: #777777; font-family: Arial;\"><em><span style=\"font-family: Arial;\">Magazine R\u00e9pertoire de septembre 1998, page 13<\/span><span style=\"font-family: Times New Roman;\"><br \/>\n<\/span><\/em><\/span><\/p>\n<p><span style=\"color: #777777; font-family: Arial;\">Evidemment que ce discours repr\u00e9sente une r\u00e9alit\u00e9 virtuelle, un monde de r\u00eaves et d&rsquo;images.<\/span><\/p>\n<p><span style=\"color: #777777; font-family: Arial;\">Le probl\u00e8me est que dans ce domaine, Leonard Bernstein ne savait pas faire la part du virtuel et de la r\u00e9alit\u00e9. Il \u00e9tait donc un consommateur compulsif de jeunes et beaux hommes rencontr\u00e9s dans les orchestres, sur les sc\u00e8nes de spectacle. Bien s\u00fbr il \u00e9tait si charismatique, si beau, si s\u00e9ducteur, si convaincant que personne ne lui r\u00e9sistait. Pouvons-nous en \u00eatre si s\u00fbrs, qu&rsquo;ils \u00e9taient tous consentants&nbsp;?<br \/>\n<\/span><\/p>\n<p><span style=\"color: #777777; font-family: Arial;\">La raison et l&rsquo;exp\u00e9rience doivent nous contraindre \u00e0 r\u00e9pondre non. Mais personne ne r\u00e9sistait \u00e0 Leonard Bernstein.<br \/>\n<\/span><\/p>\n<p><span style=\"color: #777777; font-family: Arial;\">Aujourd&rsquo;hui, il est probable qu&rsquo;un tel comportement ne serait plus possible et il aurait de gros ennuis.<br \/>\n<\/span><\/p>\n<p><span style=\"color: #777777; font-family: Arial;\">Apr\u00e8s l&rsquo;affaire Weinstein, le monde de la musique classique a \u00e9t\u00e9 \u00e9clabouss\u00e9, des chefs d&rsquo;orchestre tr\u00e8s connus ont \u00e9t\u00e9 mis en cause.<br \/>\n<\/span><\/p>\n<p><a href=\"https:\/\/www.lemonde.fr\/ameriques\/article\/2017\/12\/04\/james-levine-chef-historique-du-met-opera-suspendu-apres-des-accusations-d-abus-sexuels_5224064_3222.html?\"><span style=\"font-family: Arial;\"><span style=\"color: #0000ff;\">L&rsquo;op\u00e9ra de New York, le Metropolitan Opera, a suspendu son chef d&rsquo;orchestre historique<\/span><\/span><\/a><span style=\"color: #777777; font-family: Arial;\">, James Levine, car plusieurs hommes, dont certains \u00e9taient mineurs au moment des faits, l&rsquo;ont accus\u00e9 de harc\u00e8lement et de viol.<br \/>\n<\/span><\/p>\n<p><a href=\"https:\/\/fr.wikipedia.org\/wiki\/Norman_Lebrecht\"><span style=\"font-family: Arial;\"><span style=\"color: #0000ff;\">Norman Lebrecht<\/span><\/span><\/a><span style=\"color: #777777; font-family: Arial;\"> est un \u00e9crivain, et critique d&rsquo;art, il a \u00e9crit un article&nbsp;: &lt; <span style=\"color: #0000ff;\"><a style=\"color: #0000ff;\" href=\"http:\/\/slippedisc.com\/2017\/12\/did-leonard-bernstein-have-a-james-levine-problem\/\">Did Leonard Bernstein have a James Levine problem ?<\/a><\/span>&gt;, \u00ab&nbsp;Leonard Bernstein avait-il un probl\u00e8me du m\u00eame type que James Levine ?&nbsp;\u00bb<br \/>\n<\/span><\/p>\n<p><span style=\"color: #777777; font-family: Arial;\">Apr\u00e8s avoir accept\u00e9 d&rsquo;\u00e9crire que Bernstein a certainement poursuivi des jeunes hommes toute sa vie d&rsquo;adulte, il arrive \u00e0 la conclusion que toute ressemblance entre Levine et Bernstein est purement superficielle et la raison qu&rsquo;il donne est que la diff\u00e9rence entre Bernstein et Levine est que Bernstein \u00e9tait, pour la plus grande partie de sa vie, physiquement attrayant et intellectuellement convaincant.<br \/>\n<\/span><\/p>\n<p><span style=\"color: #777777; font-family: Arial;\">Certes Leonard Bernstein \u00e9tait nettement plus s\u00e9duisant et beau que James Levine. Mais on peut ne pas vouloir accepter les avances sexuelles m\u00eame de quelqu&rsquo;un de beau et on peut m\u00eame ne pas d\u00e9sirer avoir des relations homosexuelles quand on est h\u00e9t\u00e9ro sexuel et je m&#8217;empresse d&rsquo;\u00e9crire que le contraire est tout aussi vrai.<br \/>\n<\/span><\/p>\n<p><span style=\"color: #0000ff;\"><a style=\"color: #0000ff;\" href=\"https:\/\/www.francemusique.fr\/actualite-musicale\/que-dit-l-affaire-james-levine-du-milieu-de-la-musique-classique-39042\"><span style=\"font-family: Arial;\">Le site de France Musique<\/span><\/a><\/span><span style=\"color: #777777; font-family: Arial;\"> est revenu sur l&rsquo;affaire Levine et a aussi \u00e9voqu\u00e9 des sujets de harc\u00e8lement dans le monde musique su\u00e9dois et plut\u00f4t que de suivre les arguments de Norman Lebrecht je pr\u00e9f\u00e8re le constat de Sofi Jeannin qui avance <strong>le probl\u00e8me du \u00ab culte du g\u00e9nie \u00bb pour lequel <em>\u00ab <\/em>on excuse encore des comportements et des exc\u00e8s \u00bb<\/strong><br \/>\n<\/span><\/p>\n<p><span style=\"color: #777777; font-family: Arial;\">Tout ceci n&rsquo;enl\u00e8ve pas le talent, la magie de ses interpr\u00e9tations et le g\u00e9nie d&rsquo;une grande part de ses \u0153uvres, ainsi que la part d&rsquo;humanisme qu&rsquo;il portait et d\u00e9fendait.<br \/>\n<\/span><\/p>\n<p><span style=\"color: #777777; font-family: Arial;\">Cela conduit \u00e0 constater la complexit\u00e9 du personnage et ne pas occulter sa part d&rsquo;ombre.<br \/>\n<\/span><\/p>\n<p><span style=\"color: #777777; font-family: Arial;\">&lt;<span style=\"color: #800000;\">1103&gt;<\/span><br \/>\n<\/span><\/p>\n<p><span style=\"color: #777777; font-family: Arial;\">&nbsp;<\/span><\/p>\n","protected":false},"excerpt":{"rendered":"<p>\u00ab&nbsp;Un petit d\u00e9mon&nbsp;\u00bb L\u00e9onard Bernstein parlant de sa sexualit\u00e9 C&rsquo;est dans le documentaire diffus\u00e9 par ARTE et que j&rsquo;ai \u00e9voqu\u00e9 lundi, que j&rsquo;ai appris que Bernstein avait eu cette expression en parlant de lui. Dans le documentaire, ce propos est<\/p>\n","protected":false},"author":1,"featured_media":0,"comment_status":"open","ping_status":"closed","sticky":false,"template":"","format":"standard","meta":{"footnotes":""},"categories":[1],"tags":[20,93,7],"class_list":["post-5269","post","type-post","status-publish","format-standard","hentry","category-motdujour","tag-musique","tag-sexe","tag-societe"],"_links":{"self":[{"href":"https:\/\/lemotdujour.fr\/index.php?rest_route=\/wp\/v2\/posts\/5269","targetHints":{"allow":["GET"]}}],"collection":[{"href":"https:\/\/lemotdujour.fr\/index.php?rest_route=\/wp\/v2\/posts"}],"about":[{"href":"https:\/\/lemotdujour.fr\/index.php?rest_route=\/wp\/v2\/types\/post"}],"author":[{"embeddable":true,"href":"https:\/\/lemotdujour.fr\/index.php?rest_route=\/wp\/v2\/users\/1"}],"replies":[{"embeddable":true,"href":"https:\/\/lemotdujour.fr\/index.php?rest_route=%2Fwp%2Fv2%2Fcomments&post=5269"}],"version-history":[{"count":6,"href":"https:\/\/lemotdujour.fr\/index.php?rest_route=\/wp\/v2\/posts\/5269\/revisions"}],"predecessor-version":[{"id":13930,"href":"https:\/\/lemotdujour.fr\/index.php?rest_route=\/wp\/v2\/posts\/5269\/revisions\/13930"}],"wp:attachment":[{"href":"https:\/\/lemotdujour.fr\/index.php?rest_route=%2Fwp%2Fv2%2Fmedia&parent=5269"}],"wp:term":[{"taxonomy":"category","embeddable":true,"href":"https:\/\/lemotdujour.fr\/index.php?rest_route=%2Fwp%2Fv2%2Fcategories&post=5269"},{"taxonomy":"post_tag","embeddable":true,"href":"https:\/\/lemotdujour.fr\/index.php?rest_route=%2Fwp%2Fv2%2Ftags&post=5269"}],"curies":[{"name":"wp","href":"https:\/\/api.w.org\/{rel}","templated":true}]}}