{"id":526,"date":"2017-05-04T02:00:00","date_gmt":"2017-05-03T22:00:00","guid":{"rendered":"http:\/\/lemotdujour.fr\/?p=526"},"modified":"2020-10-07T09:54:49","modified_gmt":"2020-10-07T07:54:49","slug":"jeudi-4-mai-2017","status":"publish","type":"post","link":"https:\/\/lemotdujour.fr\/?p=526","title":{"rendered":"Jeudi 4 mai 2017"},"content":{"rendered":"<div class=\"mdjTexte\">\u00abEt un sourire\u00bb<\/div>\n<div class=\"mdjAuteur\">Paul Eluard<\/div>\n<div class=\"mdjComplements\"><\/div>\n<div class=\"mdjComplements\">Pour mot du jour d&rsquo;aujourd&rsquo;hui, un po\u00e8me d&rsquo;Eluard.<\/div>\n<p style=\"margin-left: 28pt;\"><span style=\"color: #c00000; font-family: Arial;\">   <\/span><\/p>\n<p style=\"margin-left: 28pt;\"><span style=\"color: #c00000; font-family: Arial;\">\u00abLa nuit n\u2019est jamais compl\u00e8te<br \/>\nIl y a toujours puisque je le dis<br \/>\nPuisque je l\u2019affirme<br \/>\nAu bout du chagrin<br \/>\nune fen\u00eatre ouverte<br \/>\nUne fen\u00eatre \u00e9clair\u00e9e<br \/>\nIl y a toujours un r\u00eave qui veille<br \/>\nD\u00e9sir \u00e0 combler faim \u00e0 satisfaire<br \/>\nUn c\u0153ur g\u00e9n\u00e9reux<br \/>\nUne main tendue une main ouverte<br \/>\nDes yeux attentifs<br \/>\nUne vie la vie \u00e0 se partager.\u00bb<\/span><\/p>\n<div class=\"mdjComplements\"><img loading=\"lazy\" decoding=\"async\" class=\"wp-image-9747 alignleft\" src=\"https:\/\/lemotdujour.fr\/wp-content\/uploads\/2017\/05\/Le-Ph\u00e9nix-Paul-Eluard.jpg\" alt=\"\" width=\"194\" height=\"297\" srcset=\"https:\/\/lemotdujour.fr\/wp-content\/uploads\/2017\/05\/Le-Ph\u00e9nix-Paul-Eluard.jpg 392w, https:\/\/lemotdujour.fr\/wp-content\/uploads\/2017\/05\/Le-Ph\u00e9nix-Paul-Eluard-196x300.jpg 196w\" sizes=\"auto, (max-width: 194px) 100vw, 194px\" \/>Et un sourire<\/div>\n<div class=\"mdjComplements\">Paul \u00c9LUARD<\/div>\n<div class=\"mdjComplements\">Recueil : \u00ab\u00a0Le Ph\u00e9nix\u00a0\u00bb<\/div>\n<div><\/div>\n<p style=\"margin-left: 28pt;\"><span style=\"color: #c00000; font-family: Arial;\">   <\/span><\/p>\n<div class=\"mdjComplements\">Ce fut le po\u00e8me que Jean-Luc Melenchon d\u00e9clama \u00e0 la fin de son dernier meeting avant le premier tour des pr\u00e9sidentielles 2017.<\/div>\n<div class=\"mdjComplements\">C&rsquo;est ce po\u00e8me qui me vient \u00e0 l&rsquo;esprit apr\u00e8s le chaos (1) du d\u00e9bat d&rsquo;hier soir\u200b.<\/div>\n<p style=\"margin-left: 28pt;\"><span style=\"color: #c00000; font-family: Arial;\">   <\/span><\/p>\n<div class=\"mdjComplements\">(1) Il s&rsquo;agit du d\u00e9bat d&rsquo;entre deux tours entre Emmanuel Macron et la repr\u00e9sentante de l&rsquo;extr\u00eame droite qui a donn\u00e9 \u00e0 ce moment une teneur tr\u00e8s m\u00e9diocre.<\/div>\n<div><\/div>\n<div><\/div>\n<div><span style=\"color: #800000;\">&lt;886&gt;<\/span><\/div>\n","protected":false},"excerpt":{"rendered":"<p>\u00abEt un sourire\u00bb Paul Eluard Pour mot du jour d&rsquo;aujourd&rsquo;hui, un po\u00e8me d&rsquo;Eluard. \u00abLa nuit n\u2019est jamais compl\u00e8te Il y a toujours puisque je le dis Puisque je l\u2019affirme Au bout du chagrin une fen\u00eatre ouverte Une fen\u00eatre \u00e9clair\u00e9e Il<\/p>\n","protected":false},"author":1,"featured_media":0,"comment_status":"open","ping_status":"closed","sticky":false,"template":"","format":"standard","meta":{"footnotes":""},"categories":[1],"tags":[8,3],"class_list":["post-526","post","type-post","status-publish","format-standard","hentry","category-motdujour","tag-poesie","tag-politique"],"_links":{"self":[{"href":"https:\/\/lemotdujour.fr\/index.php?rest_route=\/wp\/v2\/posts\/526","targetHints":{"allow":["GET"]}}],"collection":[{"href":"https:\/\/lemotdujour.fr\/index.php?rest_route=\/wp\/v2\/posts"}],"about":[{"href":"https:\/\/lemotdujour.fr\/index.php?rest_route=\/wp\/v2\/types\/post"}],"author":[{"embeddable":true,"href":"https:\/\/lemotdujour.fr\/index.php?rest_route=\/wp\/v2\/users\/1"}],"replies":[{"embeddable":true,"href":"https:\/\/lemotdujour.fr\/index.php?rest_route=%2Fwp%2Fv2%2Fcomments&post=526"}],"version-history":[{"count":9,"href":"https:\/\/lemotdujour.fr\/index.php?rest_route=\/wp\/v2\/posts\/526\/revisions"}],"predecessor-version":[{"id":9752,"href":"https:\/\/lemotdujour.fr\/index.php?rest_route=\/wp\/v2\/posts\/526\/revisions\/9752"}],"wp:attachment":[{"href":"https:\/\/lemotdujour.fr\/index.php?rest_route=%2Fwp%2Fv2%2Fmedia&parent=526"}],"wp:term":[{"taxonomy":"category","embeddable":true,"href":"https:\/\/lemotdujour.fr\/index.php?rest_route=%2Fwp%2Fv2%2Fcategories&post=526"},{"taxonomy":"post_tag","embeddable":true,"href":"https:\/\/lemotdujour.fr\/index.php?rest_route=%2Fwp%2Fv2%2Ftags&post=526"}],"curies":[{"name":"wp","href":"https:\/\/api.w.org\/{rel}","templated":true}]}}