{"id":5258,"date":"2018-09-05T03:37:54","date_gmt":"2018-09-05T01:37:54","guid":{"rendered":"http:\/\/lemotdujour.fr\/?p=5258"},"modified":"2022-09-07T11:06:51","modified_gmt":"2022-09-07T09:06:51","slug":"mercredi-5-septembre-2018","status":"publish","type":"post","link":"https:\/\/lemotdujour.fr\/?p=5258","title":{"rendered":"Mercredi 5 septembre 2018"},"content":{"rendered":"<div class=\"mdjTexte\">\t\u00ab&nbsp;Gr\u00e2ce \u00e0 [la musique], nous pouvons encore nous sentir unis et, j\u2019en suis s\u00fbr, si nous voulons vraiment \u00eatre des hommes, il est indispensable que nous soyons unis&nbsp;\u00bb<\/div>\n<div class=\"mdjAuteur\">\tL\u00e9onard Bernstein.<\/div>\n<p><span style=\"color: #777777; font-family: Arial;\">L\u00e9onard Bernstein \u00e9tait un humaniste, un progressiste, un homme de paix.<br \/>\n<\/span><\/p>\n<p><span style=\"color: #777777; font-family: Arial;\">Dans le magazine \u00ab&nbsp;R\u00e9pertoire des disques compacts&nbsp;\u00bb de septembre 1998 on lit ces propos de Lenny&nbsp;:<br \/>\n<\/span><\/p>\n<p style=\"margin-left: 28pt;\"><span style=\"color: #c00000; font-family: Arial;\">\u00ab&nbsp;La musique, l&rsquo;art en g\u00e9n\u00e9ral, est le seul langage humain qui permette \u00e0 l&rsquo;homme de se retrouver non seulement comme individu, mais aussi et surtout comme un \u00eatre humain qui vit et qui doit vivre dans la fraternit\u00e9 de ses semblables. La musique est le langage le plus profond de l&rsquo;homme. Gr\u00e2ce \u00e0 elle, nous pouvons encore nous sentir unis et, j&rsquo;en suis s\u00fbr, si nous voulons vraiment \u00eatre des hommes, il est indispensable que nous soyons unis&nbsp;\u00bb.<br \/>\n<\/span><\/p>\n<p><span style=\"color: #777777; font-family: Arial;\">Dans ce m\u00eame journal on apprend que L\u00e9onard Bernstein songeait \u00e0 \u00e9crire un grand op\u00e9ra dramatique sur la shoah qui devait repr\u00e9senter l&rsquo;histoire des cinquante derni\u00e8res ann\u00e9es, \u00e0 partir de la deuxi\u00e8me Guerre Mondiale, et mettre en sc\u00e8ne en plusieurs langues , divers lieux et villes d\u00e9sol\u00e9s par la barbarie nazie, mais aussi insuffler l&rsquo;esp\u00e9rance d&rsquo;un monde meilleur&nbsp;:<br \/>\n<\/span><\/p>\n<p style=\"margin-left: 28pt;\"><span style=\"color: #c00000; font-family: Arial;\">\u00ab&nbsp;Nous devons \u00e9difier un monde nouveau et il ne suffit pas pour cela de d\u00e9truire l&rsquo;ancien&nbsp;: il faut r\u00e9ussir \u00e0 am\u00e9liorer ce monde ci et nous devons tous contribuer \u00e0 cet effort. [\u2026] J&rsquo;\u00e9prouve un grand soulagement quand je vois s&rsquo;effondrer un r\u00e9gime totalitaire et le pouvoir de ces dictateurs qui privent un peuple de sa libert\u00e9 en se camouflant derri\u00e8re de nobles id\u00e9aux et de bonnes intentions.\u00bb<br \/>\n<\/span><\/p>\n<p><span style=\"color: #777777; font-family: Arial;\">Il d\u00e9nonce le maccarthysme, cette chasse \u00e0 l&rsquo;homme men\u00e9e par les autorit\u00e9s am\u00e9ricaines dans les ann\u00e9es 1950 contre tous ceux qu&rsquo;elles soup\u00e7onnaient d&rsquo;\u00eatre communistes, dans son op\u00e9rette \u00ab<span style=\"color: #0000ff;\">&nbsp;<a style=\"color: #0000ff;\" href=\"https:\/\/www.youtube.com\/watch?v=wxopSGzjKu8\">Candide&nbsp;<\/a><\/span>\u00bb selon le texte de Voltaire.<br \/>\n<\/span><\/p>\n<p><span style=\"color: #777777; font-family: Arial;\">Bernstein d\u00e9sapprouve ouvertement la guerre engag\u00e9e par les \u00c9tats-Unis au Vietnam, soutient l&rsquo;int\u00e9gration des minorit\u00e9s ainsi que le mouvement des droits civiques.<br \/>\n<\/span><\/p>\n<p><span style=\"color: #777777; font-family: Arial;\">L&rsquo;humanisme et l&rsquo;engagement de Bernstein inqui\u00e8tent les services de renseignement int\u00e9rieur. Aujourd&rsquo;hui, on sait que le dossier que le FBI poss\u00e9dait contre lui comptait plus de 650 pages.<br \/>\n<\/span><\/p>\n<p><span style=\"color: #777777; font-family: Arial;\">Vous pouvez \u00e9couter la journaliste Nathalie Moller<span style=\"color: #0000ff;\"> <a style=\"color: #0000ff;\" href=\"https:\/\/www.dailymotion.com\/video\/x6o1os7\">raconter cette histoire en 5 minutes<\/a>.<\/span><br \/>\n<\/span><\/p>\n<p><span style=\"color: #777777; font-family: Arial;\">Ou encore lire cette page sur le site de France Musique <a href=\"https:\/\/www.francemusique.fr\/musique-classique\/pourquoi-leonard-bernstein-etait-il-surveille-par-le-fbi-63612\"><span style=\"color: #0000ff;\">&lt;Pourquoi Leonard Bernstein \u00e9tait-il surveill\u00e9 par le FBI ?&gt;<\/span><\/a><br \/>\n<\/span><\/p>\n<p><span style=\"color: #777777; font-family: Arial;\">J&rsquo;en tire les extraits suivants&nbsp;:<br \/>\n<\/span><\/p>\n<p><span style=\"color: #777777; font-family: Arial;\">\u00ab&nbsp;En 1951, le nom de Bernstein appara\u00eet pour la premi\u00e8re fois dans le Security Index, la fameuse liste des personnes jug\u00e9es dangereuses par les services de renseignement am\u00e9ricains. Deux ans plus tard, le compositeur se voit refuser le renouvellement de son passeport et fr\u00f4le m\u00eame la d\u00e9tention&#8230;<br \/>\n<\/span><\/p>\n<p><span style=\"color: #777777; font-family: Arial;\">Pour r\u00e9cup\u00e9rer son passeport, Bernstein doit jurer sur l&rsquo;honneur qu&rsquo;il ne fait pas et n&rsquo;a jamais fait partie d&rsquo;une quelconque organisation communiste. Voil\u00e0 notre compositeur pris au pi\u00e8ge de la folie maccarthyste et victime de la &lsquo;chasse aux sorci\u00e8res&rsquo;.<br \/>\n<\/span><\/p>\n<p><span style=\"color: #777777; font-family: Arial;\">Autre engagement, autre fait qui d\u00e9range. Le 14 janvier 1970, Bernstein et sa femme F\u00e9licia organisent une soir\u00e9e de soutien aux Black Panthers, un mouvement afro-am\u00e9ricain qui, du fait de son caract\u00e8re r\u00e9volutionnaire, a \u00e9t\u00e9 d\u00e9sign\u00e9 comme principale menace pour la s\u00e9curit\u00e9 int\u00e9rieure par John Edgar Hoover, le directeur du FBI. A ses yeux, Bernstein cumule les provocations\u2026&nbsp;\u00bb<br \/>\n<\/span><\/p>\n<p><span style=\"color: #777777; font-family: Arial;\">Et puis il y a l&rsquo;\u00e9pisode de \u00ab&nbsp;Mass&nbsp;\u00bb dont nous avons d\u00e9j\u00e0 parl\u00e9. Nous savons donc que Jacqueline Kennedy avait command\u00e9 \u00e0 son ami &lsquo;Lenny&rsquo; une \u0153uvre pour l&rsquo;inauguration du Kennedy Center of Performing Arts, un lieu de culture ainsi nomm\u00e9 en hommage \u00e0 son d\u00e9funt mari, le pr\u00e9sident John F. Kennedy.<br \/>\n<\/span><\/p>\n<p><span style=\"color: #777777; font-family: Arial;\">Pour \u00e9crire cette \u0153uvre, Bernstein demande l&rsquo;aide d&rsquo;un pr\u00eatre catholique, Philip Berrigan. Un choix qui lui co\u00fbtera bien cher\u2026 Car Philip Berrigan est un militant pacifiste particuli\u00e8rement actif, farouchement oppos\u00e9 \u00e0 la guerre du Viet Nam et qui, entre deux allers-retours en prison, subit lui aussi la surveillance accrue du FBI. Berrigan et Bernstein r\u00e9unis ? Il n&rsquo;en faut pas plus pour rendre le FBI parano.<br \/>\n<\/span><\/p>\n<p><span style=\"color: #777777; font-family: Arial;\">Et si Bernstein avait gliss\u00e9 des messages anti-gouvernementaux dans son texte latin ? Et s&rsquo;il avait demand\u00e9 \u00e0 ses interpr\u00e8tes d&rsquo;injurier le pr\u00e9sident Nixon en plein spectacle ? R\u00e9union de crise \u00e0 la Maison Blanche : Richard Nixon ne doit pas assister au concert, et il serait bien qu&rsquo;une critique n\u00e9gative de l&rsquo;\u0153uvre soit publi\u00e9e d\u00e8s le lendemain, dans le New York Times.<br \/>\n<\/span><\/p>\n<p><span style=\"color: #777777; font-family: Arial;\">La mauvaise critique sera publi\u00e9e, le pr\u00e9sident Nixon ne viendra pas \u00e0 la c\u00e9r\u00e9monie.<br \/>\n<\/span><\/p>\n<p><span style=\"color: #777777; font-family: Arial;\">Dans l&rsquo;\u00e9mission de France Musique&nbsp;: <a href=\"https:\/\/www.francemusique.fr\/emissions\/un-ete-avec-bernstein\/leonard-bernstein-radical-chic-vraiment-64024\"><span style=\"color: #0000ff;\">&lt;L\u00e9onard Bernstein, radical chic. Vraiment ?&gt;<\/span><\/a> Vous entendrez un enregistrement de Nixon et de ses conseillers qui discutent de cet \u00e9v\u00e8nement avant qu&rsquo;il n&rsquo;ait lieu. Vous remarquerez la vulgarit\u00e9 de Nixon qui n&rsquo;a rien \u00e0 envier \u00e0 celle de Donald Trump.<br \/>\n<\/span><\/p>\n<p><img decoding=\"async\" class=\"alignleft\" src=\"https:\/\/lemotdujour.fr\/wp-content\/uploads\/2018\/09\/090418_0537_Mercredi5se1.jpg\" alt=\"\" align=\"left\"><span style=\"color: #777777; font-family: Arial;\">Radical chic renvoie vers un \u00e9v\u00e8nement et un article de journal qui affecteront beaucoup Bernstein et son \u00e9pouse.<br \/>\n<\/span><\/p>\n<p><span style=\"color: #777777; font-family: Arial;\">Nous avons \u00e9voqu\u00e9 la soir\u00e9e de soutien aux Black Panthers organis\u00e9 par les Bernstein dans leur appartement de New York<br \/>\n<\/span><\/p>\n<p><span style=\"color: #777777; font-family: Arial;\">\u00ab Radical chic \u00bb, par ces mots le journaliste Tom Wolfe qualifiait Bernstein dans un article publi\u00e9 dans les colonnes du New York Magazine en juin 1970. Article venimeux et accusateur qui allait faire beaucoup de mal \u00e0 Lenny et \u00e0 son entourage\u2026<br \/>\n<\/span><\/p>\n<p><span style=\"color: #777777; font-family: Arial;\">Juin 1970, en pleine r\u00e9volution des Black Panthers, guerre du Vietnam et assassinats des Kennedy et Martin Luther King, le journaliste et \u00e9crivain Tom Wolfe publie un article sur Bernstein intitul\u00e9 <a href=\"http:\/\/centrefortheaestheticrevolution.blogspot.com\/2010\/07\/radical-chic-that-party-at-lennys-my.html\"><span style=\"color: blue; text-decoration: underline;\"><em>Radical Chic&nbsp;: That Party at Lenny &lsquo;s<\/em>.<\/span><\/a> Le jeune journaliste se paye, le grand chef international, le compositeur national et le grand bourgeois parvenu &nbsp;qui se revendique homme de gauche &nbsp;Leonard Bernstein. Un texte archi brillant mais venimeux dont l&rsquo;impact a \u00e9t\u00e9 dramatique.<br \/>\n<\/span><\/p>\n<p><span style=\"color: #777777; font-family: Arial;\">Lenny &nbsp;<em>dupe de ses bons sentiments<\/em> affirme Wolfe. Rappelons que Tom Wolfe,<span style=\"color: #0000ff;\"><a style=\"color: #0000ff;\" href=\"https:\/\/www.lemonde.fr\/archives\/article\/1988\/09\/09\/dandy-pas-gentleman_4092103_1819218.html\"> mort en 2018<\/a><\/span> n&rsquo;est pas que c\u00e9l\u00e8bre en raison de cet article, mais aussi parce qu&rsquo;il est l&rsquo;auteur du \u00ab<span style=\"color: #0000ff;\"><a style=\"color: #0000ff;\" href=\"https:\/\/fr.wikipedia.org\/wiki\/Le_B%C3%BBcher_des_vanit%C3%A9s_(roman)\">b\u00fbcher des vanit\u00e9s.<\/a><\/span>\u00bb.<br \/>\n<\/span><\/p>\n<p><span style=\"color: #777777; font-family: Arial;\">La fille de Bernstein, Jamie, r\u00e9v\u00e8le&nbsp;:<br \/>\n<\/span><\/p>\n<p style=\"margin-left: 28pt;\"><span style=\"color: #c00000; font-family: Arial;\"> \u00ab&nbsp;C&rsquo;est un texte tr\u00e8s bien \u00e9crit, c&rsquo;est tr\u00e8s malin, tr\u00e8s ironique, c&rsquo;est un tr\u00e8s bon \u00e9crivain, mais il caus\u00e9 des dommages incalculables \u00e0 ma famille. Il ne s&rsquo;est pas rendu compte \u00e0 quel point il avait pu faire du mal.&nbsp;\u00bb<br \/>\n<\/span><\/p>\n<p><span style=\"color: #777777; font-family: Arial;\">Et je finirai ce mot consacr\u00e9 \u00e0 l&rsquo;humanisme et aux combats politiques de Bernstein par son hymne \u00e0 la libert\u00e9 qu&rsquo;il imposa en changeant, dans l&rsquo;ode \u00e0 la joie de Schiller qui finit la neuvi\u00e8me symphonie de Beethoven, le mot \u00ab&nbsp;Freude&nbsp;\u00bb c&rsquo;est-\u00e0-dire \u00ab&nbsp;joie&nbsp;\u00bb par le mot \u00ab&nbsp;Freiheit&nbsp;\u00bb qui signifie en allemand \u00ab&nbsp;Libert\u00e9&nbsp;\u00bb.<br \/>\n<\/span><\/p>\n<p><span style=\"color: #777777; font-family: Arial;\">La chute du mur de Berlin le 9 Novembre 1989 moins d&rsquo;un an avant sa mort lui donna beaucoup de joie et un immense espoir.&nbsp;:<br \/>\n<\/span><\/p>\n<p style=\"margin-left: 28pt;\"><span style=\"color: #c00000; font-family: Arial;\">\u00ab&nbsp;Je vis un moment historique, incomparable avec tous les autres de ma longue, longue existence&nbsp;\u00bb<br \/>\n<\/span><\/p>\n<p><span style=\"color: #777777; font-family: Arial;\">Bernstein accepta spontan\u00e9ment l&rsquo;invitation \u00e0 diriger deux repr\u00e9sentations de la 9e symphonie de Beethoven, pour c\u00e9l\u00e9brer la libert\u00e9. Deux concerts, chacun ayant lieu dans une partie de la ville divis\u00e9e pendant 28 ann\u00e9es : \u00e0 la Philharmonie de Berlin Ouest le 23 D\u00e9cembre, et Berlin Est le 25 D\u00e9cembre 1989. Il appar\u00fbt naturel que la libert\u00e9 nouvelle de l&rsquo;Allemagne de l&rsquo;Est soit c\u00e9l\u00e9br\u00e9e par cette symphonie.<br \/>\n<\/span><\/p>\n<p style=\"margin-left: 28pt;\"><span style=\"color: #c00000; font-family: Arial;\">\u00ab&nbsp;Je suis s\u00fbr que Beethoven nous aurait donn\u00e9 sa b\u00e9n\u00e9diction.&nbsp;\u00bb<br \/>\n<\/span><\/p>\n<p><span style=\"color: #777777; font-family: Arial;\">Ajouta-t-il.<br \/>\n<\/span><\/p>\n<p><span style=\"color: #777777; font-family: Arial;\">A cette occasion, L\u00e9onard Bernstein, conduisit un orchestre et ch\u0153ur compos\u00e9s de musiciens venant des Etats-Unis, de Grande-Bretagne, de France, et de l&rsquo;Union sovi\u00e9tique.<br \/>\n<\/span><\/p>\n<p><span style=\"color: #777777; font-family: Arial;\">L&rsquo;orchestre de la radio bavaroise et son ch\u0153ur fut ainsi rejoint par le London Symphony, le New York Philharmonic, l&rsquo;Orchestre de Paris, le Staatskapelle Dresden, l&rsquo;Orchestre du Th\u00e9\u00e2tre Kirov \u00e0 Stalingrad &#8230;<br \/>\n<\/span><\/p>\n<p><a href=\"https:\/\/www.youtube.com\/watch?v=IInG5nY_wrU\"><span style=\"font-family: Arial;\"><span style=\"color: #0000ff;\">&lt;Vous trouverez la vid\u00e9o d&rsquo;un de ces concerts derri\u00e8re ce lien&gt;<\/span><\/span><\/a><span style=\"color: #777777; font-family: Arial;\"><br \/>\n<\/span><\/p>\n<p><span style=\"color: #777777; font-family: Arial;\">Un disque existe aussi<br \/>\n<\/span><\/p>\n<p><img decoding=\"async\" src=\"https:\/\/lemotdujour.fr\/wp-content\/uploads\/2018\/09\/090418_0537_Mercredi5se2.jpg\" alt=\"\"><span style=\"color: #777777; font-family: Arial;\"><br \/>\n<\/span><\/p>\n<p><span style=\"color: #800000; font-family: Arial;\">&lt;1102&gt;<\/span><\/p>\n","protected":false},"excerpt":{"rendered":"<p>\u00ab&nbsp;Gr\u00e2ce \u00e0 [la musique], nous pouvons encore nous sentir unis et, j\u2019en suis s\u00fbr, si nous voulons vraiment \u00eatre des hommes, il est indispensable que nous soyons unis&nbsp;\u00bb L\u00e9onard Bernstein. L\u00e9onard Bernstein \u00e9tait un humaniste, un progressiste, un homme de<\/p>\n","protected":false},"author":1,"featured_media":0,"comment_status":"open","ping_status":"closed","sticky":false,"template":"","format":"standard","meta":{"footnotes":""},"categories":[1],"tags":[65,29,20],"class_list":["post-5258","post","type-post","status-publish","format-standard","hentry","category-motdujour","tag-etats-unis","tag-hommage","tag-musique"],"_links":{"self":[{"href":"https:\/\/lemotdujour.fr\/index.php?rest_route=\/wp\/v2\/posts\/5258","targetHints":{"allow":["GET"]}}],"collection":[{"href":"https:\/\/lemotdujour.fr\/index.php?rest_route=\/wp\/v2\/posts"}],"about":[{"href":"https:\/\/lemotdujour.fr\/index.php?rest_route=\/wp\/v2\/types\/post"}],"author":[{"embeddable":true,"href":"https:\/\/lemotdujour.fr\/index.php?rest_route=\/wp\/v2\/users\/1"}],"replies":[{"embeddable":true,"href":"https:\/\/lemotdujour.fr\/index.php?rest_route=%2Fwp%2Fv2%2Fcomments&post=5258"}],"version-history":[{"count":7,"href":"https:\/\/lemotdujour.fr\/index.php?rest_route=\/wp\/v2\/posts\/5258\/revisions"}],"predecessor-version":[{"id":13931,"href":"https:\/\/lemotdujour.fr\/index.php?rest_route=\/wp\/v2\/posts\/5258\/revisions\/13931"}],"wp:attachment":[{"href":"https:\/\/lemotdujour.fr\/index.php?rest_route=%2Fwp%2Fv2%2Fmedia&parent=5258"}],"wp:term":[{"taxonomy":"category","embeddable":true,"href":"https:\/\/lemotdujour.fr\/index.php?rest_route=%2Fwp%2Fv2%2Fcategories&post=5258"},{"taxonomy":"post_tag","embeddable":true,"href":"https:\/\/lemotdujour.fr\/index.php?rest_route=%2Fwp%2Fv2%2Ftags&post=5258"}],"curies":[{"name":"wp","href":"https:\/\/api.w.org\/{rel}","templated":true}]}}