{"id":524,"date":"2017-05-03T02:00:00","date_gmt":"2017-05-02T22:00:00","guid":{"rendered":"http:\/\/lemotdujour.fr\/?p=524"},"modified":"2017-07-12T08:11:48","modified_gmt":"2017-07-12T06:11:48","slug":"mercredi-3-mai-2017","status":"publish","type":"post","link":"https:\/\/lemotdujour.fr\/?p=524","title":{"rendered":"Mercredi 3 mai 2017"},"content":{"rendered":"<div class=\"mdjDate\"><a id=\"_Toc482008818\"><\/a>Mercredi 3 mai 2017<\/div>\n<div class=\"mdjTexte\">\u00ab\u00a0C\u2019est [\u2026] en Emmanuel Macron que s\u2019expriment le mieux les affres d\u2019une \u00e9poque mourante mais qui ne veut pas mourir.\u00a0\u00bb<\/div>\n<div class=\"mdjAuteur\">Fr\u00e9d\u00e9ric Lordon<\/div>\n<div class=\"mdjComplements\">Hier, j\u2019ai fait appel \u00e0 un vieux sage, Edgar Morin, pour parler de cette \u00e9lection qui fait l\u2019objet de toutes les conversations du moment.<\/div>\n<div class=\"mdjComplements\">Aujourd\u2019hui, je vous livre les r\u00e9flexions d\u2019un plus jeune philosophe, moins apais\u00e9 qu\u2019Edgar Morin mais d\u00e9ployant aussi une r\u00e9flexion riche et assez loin de la pens\u00e9e dominante des technocrates\u00a0: Fr\u00e9d\u00e9ric Lordon.<\/div>\n<div class=\"mdjComplements\">Ce n\u2019est pas la premi\u00e8re fois que je le cite.<\/div>\n<p>&nbsp;<\/p>\n<div class=\"mdjComplements\">Fr\u00e9d\u00e9ric Lordon sur son blog du Monde diplomatique a \u00e9crit le 12 avril une chronique\u00a0: <a href=\"http:\/\/blog.mondediplo.net\/2017-04-12-Macron-le-spasme-du-systeme\">&lt;Macron, le spasme du syst\u00e8me&gt;<\/a><\/div>\n<div class=\"mdjComplements\">Le grand mot d\u2019ordre de cette \u00e9lection est d\u2019\u00eatre contre le \u00ab\u00a0syst\u00e8me\u00a0\u00bb.<\/div>\n<div class=\"mdjComplements\">Ils se pr\u00e9sentent d\u2019ailleurs tous contre le syst\u00e8me.<\/div>\n<div class=\"mdjComplements\">Je commence par une anecdote : j\u2019ai vu lors d\u2019une \u00e9mission de t\u00e9l\u00e9vision Rachida Dati r\u00e9pondre simplement \u00e0 la question, Connaissez-vous Emmanuel Macron\u00a0?, \u00ab\u00a0Oui nous avons un ami commun\u00a0: Jean-Pierre Jouyet.\u00a0\u00bb<\/div>\n<div class=\"mdjComplements\">Jean-Pierre Jouyet est n\u00e9 \u00e0 Montreuil en 1954, il a fait l\u2019ENA dans la fameuse promotion Voltaire\u00a0: Hollande, Royal, Villepin et quelques autres.<\/div>\n<div class=\"mdjComplements\">Il est un ami de Fran\u00e7ois Hollande et il est maintenant son principal collaborateur comme secr\u00e9taire g\u00e9n\u00e9ral de la pr\u00e9sidence de la R\u00e9publique.<\/div>\n<div class=\"mdjComplements\">Avant cela, il fut Secr\u00e9taire d&rsquo;\u00c9tat aux Affaires europ\u00e9ennes du gouvernement de Fran\u00e7ois Fillon entre 2007 et 2008, puis pr\u00e9sident de l&rsquo;Autorit\u00e9 des march\u00e9s financiers de 2008 \u00e0 2012. Il a occup\u00e9 ensuite les fonctions de directeur g\u00e9n\u00e9ral de la Caisse des d\u00e9p\u00f4ts et consignations et de pr\u00e9sident de la banque publique d&rsquo;investissement (BPI) entre 2012 et 2014.<\/div>\n<div class=\"mdjComplements\">J\u2019en avais fait le sujet principal du mot du jour du 9 octobre 2014 \u00ab La Bourgeoisie d\u2019Etat \u00bb \u00e0 la suite de la lecture d\u2019un article du Monde de de Rapha\u00eblle Bacqu\u00e9 et Ariane Chemin consacr\u00e9 au couple Jouyet : Jean-Pierre Jouyet et son \u00e9pouse Brigitte Taittinger issue de la famille champenoise c\u00e9l\u00e8bre dans le monde entier. Je remets, une seconde fois, en pi\u00e8ce jointe, cet article.<\/div>\n<div class=\"mdjComplements\">Lors de ce mot du jour j\u2019\u00e9crivais\u00a0: \u00ab\u00a0Cet article qui rapporte des faits et des comportements, des amiti\u00e9s et des connivences, des trahisons et des r\u00e9conciliations, provoque chez le citoyen de base que je suis comme un malaise. Le fait que l&rsquo;\u00e9lite, quel que soit son bord politique, discute entre elle peut para\u00eetre plut\u00f4t positif. \u00ab Chez les Jouyet, les soirs d\u2019\u00e9lections, que la gauche ou la droite l\u2019emporte, on trouve toujours une moiti\u00e9 de convives pour f\u00eater la victoire au champagne ros\u00e9\u2026 Taittinger. \u00bb<\/div>\n<div class=\"mdjComplements\">Mais il y a autre chose qui se d\u00e9gage, un entre soi, un groupe homog\u00e8ne qui vit comme en autarcie.<\/div>\n<div class=\"mdjComplements\">Ils n&rsquo;ont pas l&rsquo;air m\u00e9chant, plut\u00f4t affable et sympathique. Mais vivent-ils ou ont-ils le sentiment de vivre un destin commun avec les fran\u00e7ais que nous sommes ? Ou vivent-ils ailleurs ? \u00bb<\/div>\n<div class=\"mdjComplements\">Je fais cette incise pour vous rappeler ou vous apprendre qu&rsquo;Emmanuel Macron avait int\u00e9gr\u00e9 en 2004, \u00e0 l&rsquo;issue de ses \u00e9tudes \u00e0 l&rsquo;ENA, le corps de l&rsquo;Inspection g\u00e9n\u00e9rale des Finances (IGF). Et&#8230;<\/div>\n<div class=\"mdjComplements\">Celui qui dirigeait cette honorable maison \u00e9tait M Jean-Pierre Jouyet.<\/div>\n<div class=\"mdjComplements\">Wikipedia nous apprend qu&rsquo;il va devenir le prot\u00e9g\u00e9 de cet homme affable \u00e0 l&rsquo;aise avec les femmes et hommes du syst\u00e8me de droite et les femmes et hommes du syst\u00e8me de gauche et aussi du centre&#8230;Il sera son vrai mentor.<\/div>\n<div class=\"mdjComplements\"><\/div>\n<div class=\"mdjComplements\">Et c&rsquo;est probablement gr\u00e2ce \u00e0 Jean-Pierre Jouyet, alors dans le gouvernement de Fillon\/Sarkozy qu&rsquo;il est nomm\u00e9, en ao\u00fbt 2007, rapporteur adjoint de la fameuse Commission pour la lib\u00e9ration de la croissance fran\u00e7aise dite \u00ab commission Attali \u00bb. Attali deviendra aussi un de ses principaux soutiens.<\/div>\n<div class=\"mdjComplements\"><a href=\"http:\/\/www.lexpress.fr\/actualite\/societe\/jacques-attali-le-prochain-president-sera-un-inconnu_1716072.html\">&lt;Jacques Attali qui avait proph\u00e9tis\u00e9, dans l&rsquo;Express le 17\/09\/2015 : le prochain pr\u00e9sident sera un inconnu&gt;<\/a>. En septembre 2015, Macron n&rsquo;\u00e9tait ministre de l&rsquo;\u00e9conomie que depuis 1 an.<\/div>\n<div class=\"mdjComplements\">Existe-t\u2019il une meilleure institution que l&rsquo;Inspection des Finances qui puisse symboliser le fameux \u00ab\u00a0Syst\u00e8me fran\u00e7ais\u00a0\u00bb ?<\/div>\n<div class=\"mdjComplements\">En 2004 Ghislaine Ottenheimer leur avait consacr\u00e9 un livre\u00a0: \u00ab\u00a0<a href=\"http:\/\/www.albin-michel.fr\/ouvrages\/les-intouchables-9782226151186\">Les Intouchables\u00a0<\/a>\u00bb\u00a0: grandeur et d\u00e9cadence d&rsquo;une caste\u00a0: l&rsquo;Inspection des Finances, Albin Michel, 2004<\/div>\n<div class=\"mdjComplements\">Mais revenons \u00e0 Fr\u00e9d\u00e9ric Lordon, la chronique dans son entier est longue et touffue (comme d\u2019habitude). Elle se trouve <a href=\"http:\/\/blog.mondediplo.net\/2017-04-12-Macron-le-spasme-du-systeme\">&lt;ICI&gt;\u00a0<\/a>:<\/div>\n<div class=\"mdjComplements\">Je vais essayer d\u2019en picorer quelques extraits particuli\u00e8rement incisifs\u00a0:<\/div>\n<div class=\"mdjCiter\">\u00a0\u00ab\u00abJe vais \u00eatre tr\u00e8s clair \u00bb\u2026 Probablement ignorant des logiques \u00e9l\u00e9mentaires du sympt\u00f4me, Emmanuel Macron semble ne pas voir combien cette mani\u00e8re r\u00e9p\u00e9titive de commencer chacune de ses r\u00e9ponses trahit le d\u00e9sir profond de recouvrement qui anime toute sa campagne. \u00ab Entre le flou et le rien, continuez de baigner \u00bb, voil\u00e0 ce qu\u2019il faut entendre en fait \u00e0 chacune de ses promesses de clart\u00e9.<\/div>\n<div class=\"mdjCiter\">[\u2026] la plupart des candidats finissent par s\u2019accommoder de ce long et mauvais moment \u00e0 passer, et que le mensonge de campagne est un genre bien \u00e9tabli qui ne devrait plus rien avoir pour surprendre quiconque. Le probl\u00e8me pour Emmanuel Macron prend cependant des proportions in\u00e9dites car il ne s\u2019agit plus simplement de faire passer en douce une ou deux \u00e9normit\u00e9s, fussent-elles du calibre de \u00ab la finance, mon ennemie \u00bb : c\u2019est sa campagne dans son int\u00e9gralit\u00e9, et jusqu\u2019\u00e0 sa personne m\u00eame comme candidat, qui constituent une entreprise essentiellement frauduleuse. [\u2026]<\/div>\n<div class=\"mdjCiter\">C\u2019est pourtant en Emmanuel Macron que s\u2019expriment le mieux les affres d\u2019une \u00e9poque mourante mais qui ne veut pas mourir. Il \u00e9tait certain en effet qu\u2019un monde pourtant condamn\u00e9 mais encore bien d\u00e9cid\u00e9 \u00e0 ne rien abandonner finirait par se trouver le porte-voix idoine, l\u2019individu capable de toutes les ambivalences requises par la situation sp\u00e9ciale : parler et ne rien dire, ne rien dire mais sans cesser d\u2019\u00ab y \u00bb penser, \u00eatre \u00e0 la fois parfaitement vide et dangereusement plein. [\u2026]<\/div>\n<div class=\"mdjCiter\">\u00a0[\u2026] \u00a0il fallait en effet imp\u00e9rativement un candidat du vide, un candidat qui ne dise rien car ce qu\u2019il y aurait \u00e0 dire vraiment serait d\u2019une obsc\u00e9nit\u00e9 impr\u00e9sentable : les riches veulent rester riches et les puissants puissants. C\u2019est le seul projet de cette classe, et c\u2019est la seule raison d\u2019\u00eatre de son Macron. En ce sens, il est le spasme d\u2019un syst\u00e8me qui repousse son tr\u00e9pas, sa derni\u00e8re solution, l\u2019unique moyen de d\u00e9guiser une continuit\u00e9 devenue intol\u00e9rable au reste de la soci\u00e9t\u00e9 sous les apparences de la discontinuit\u00e9 la plus factice, enrob\u00e9e de modernit\u00e9 comp\u00e9titive \u00e0 l\u2019usage des \u00e9ditorialistes demeur\u00e9s. [\u2026]<\/div>\n<div class=\"mdjCiter\">De l\u00e0 ce paradoxe, qui n\u2019en est un que pour cette derni\u00e8re cat\u00e9gorie : Macron, auto-proclam\u00e9 \u00ab anti-syst\u00e8me \u00bb est le point de ralliement o\u00f9 se pr\u00e9cipitent, indiff\u00e9renci\u00e9s, tous les rebuts du syst\u00e8me, tous les disqualifi\u00e9s qui se voyaient sur le point d\u2019\u00eatre lessiv\u00e9s et n\u2019en reviennent pas d\u2019une telle faveur de la providence : la possibilit\u00e9 d\u2019un tour suppl\u00e9mentaire de man\u00e8ge. [\u2026]<\/div>\n<div class=\"mdjCiter\">Il faudra bien en effet toute cette entreprise de falsification \u00e0 grande \u00e9chelle sous st\u00e9ro\u00efdes m\u00e9diatiques pour recouvrir comme il faut l\u2019\u00e9normit\u00e9 de ce qu\u2019il y a \u00e0 faire passer en douce : politiquement le pur service de la classe, \u00ab techniquement \u00bb l\u2019intensification de tout ce qui a \u00e9chou\u00e9 depuis trois d\u00e9cennies. Ironie caract\u00e9ristique de l\u2019h\u00e9g\u00e9monie au sens de Gramsci, le parti de ceux qui se gargarisent du \u00ab r\u00e9alisme \u00bb se reconna\u00eet pr\u00e9cis\u00e9ment \u00e0 ceci que son rapport avec la r\u00e9alit\u00e9 s\u2019est presque totalement rompu, alors m\u00eame qu\u2019il parvient encore invoquer la \u00ab r\u00e9alit\u00e9 \u00bb comme son meilleur argument.<\/div>\n<div class=\"mdjCiter\">\u00c0 l\u2019\u00e9poque du n\u00e9olib\u00e9ralisme, \u00ab r\u00e9alisme \u00bb nomme la transfiguration continu\u00e9e de l\u2019\u00e9chec patent en succ\u00e8s toujours incessamment \u00e0 venir. Ce que la r\u00e9alit\u00e9 condamne sans appel depuis belle lurette, le \u00ab r\u00e9alisme \u00bb commande non seulement de le poursuivre mais de l\u2019approfondir, donnant pour explication de ses d\u00e9convenues qu\u2019elles ne sont que \u00ab transitoires \u00bb, qu\u2019on \u00ab n\u2019est pas all\u00e9 assez loin \u00bb, qu\u2019on s\u2019est content\u00e9 de \u00ab demi-mesures \u00bb et que la \u00ab vraie rupture \u00bb est toujours encore \u00e0 faire \u2013 et \u00e7a fait trente ans que \u00e7a dure. La parfaite identit\u00e9 argumentative dans ce registre entre Fillon et Macron devrait suffire \u00e0 indiquer o\u00f9 le second se situe r\u00e9ellement et, de son \u00ab de droite \/ de gauche \u00bb, quel est le terme surnum\u00e9raire. [\u2026]<\/div>\n<div class=\"mdjCiter\">Ainsi les trait\u00e9s de libre-\u00e9change, europ\u00e9ens et internationaux, s\u2019ils d\u00e9truisent la base industrielle et disloquent des r\u00e9gions enti\u00e8res, ont-ils surtout l\u2019insurpassable avantage de tenir le salariat en respect par la pression concurrentielle et la menace permanente de la d\u00e9localisation. L\u2019eurozone fait montre des m\u00eames excellentes propri\u00e9t\u00e9s disciplinaires quoique par des voies diff\u00e9rentes, il importe donc de n\u2019y surtout pas toucher : la fermeture organis\u00e9e de tous les degr\u00e9s de libert\u00e9 des politiques \u00e9conomiques ne laisse plus que l\u2019instrument de \u00ab la d\u00e9valuation interne \u00bb, c\u2019est-\u00e0-dire de l\u2019ajustement salarial par le sous-emploi, pour tenter de survivre dans le jeu idiot de la comp\u00e9titivit\u00e9 (et en fait d\u2019y p\u00e9rir presque tous) \u2014 mais c\u2019est cela m\u00eame qui la rend d\u00e9sirable. Le \u00ab r\u00e9alisme \u00bb \u00e9tant affranchi depuis longtemps de toute r\u00e9alit\u00e9, il tient pour rien le d\u00e9sastre social qui s\u2019en suit, mais n\u2019omet pas au passage d\u2019encaisser, sur les gravats, les b\u00e9n\u00e9fices r\u00e9ellement poursuivis \u2014 que de variations possibles autour du \u00ab r\u00e9el \u00bb\u2026 \u2014, \u00e0 savoir la mise au pas des salari\u00e9s.<\/div>\n<div class=\"mdjCiter\">La facticit\u00e9 g\u00e9n\u00e9rale commande cependant de feindre le mouvement. On ira donc donner un entretien \u00e0 Lib\u00e9ration pour expliquer qu\u2019en Europe la meilleure strat\u00e9gie du changement, c\u2019est de ne rien changer : \u00ab la France ne peut entra\u00eener l\u2019Allemagne que si elle a une cr\u00e9dibilit\u00e9 sur le plan \u00e9conomique et financier\u00bb. Comprenons : pour obtenir de l\u2019Allemagne l\u2019autorisation de faire autre chose, il faut d\u2019abord lui montrer que nous sommes d\u00e9cid\u00e9s \u00e0 ne rien modifier. Laurent Joffrin, enti\u00e8rement s\u00e9duit par \u00ab l\u2019originalit\u00e9 \u00bb de la m\u00e9thode Macron qui consiste \u00e0 perfectionner deux d\u00e9cennies \u00e0 se rouler par terre en s\u2019aplatissant davantage encore, commente : \u00ab Commen\u00e7ons par donner des gages de bonne gestion et de sages r\u00e9formes, alors nous pourrons demander des concessions\u00bb. Oui, commen\u00e7ons par ramper, c\u2019est ainsi que nous apprendrons la libert\u00e9 \u2014 bonheur parfait de la rencontre d\u2019une complexion et d\u2019une id\u00e9ologie. \u00bb<\/div>\n<div class=\"mdjComplements\">Si vous voulez tout lire, je vous redonne le lien : <a href=\"http:\/\/blog.mondediplo.net\/2017-04-12-Macron-le-spasme-du-systeme\">&lt;Macron, le spasme du syst\u00e8me&gt;<\/a><\/div>\n<div class=\"mdjComplements\">Je mesure bien que les destinataires de ce mot, \u00e9lecteurs de Jean-Luc M\u00e9lenchon au premier tour, sont convaincus par cette lecture.<\/div>\n<div class=\"mdjComplements\">Que celles et ceux qui au contraire se m\u00e9fient de M\u00e9lenchon ou m\u00eame l\u2019abhorrent, sont scandalis\u00e9s.<\/div>\n<div class=\"mdjComplements\">Mais qui peut pr\u00e9tendre que l\u2019analyse de Fr\u00e9d\u00e9ric Lordon ne rencontre pas une grande part de la r\u00e9alit\u00e9 du monde\u00a0?<\/div>\n<div class=\"mdjComplements\">Il y a cependant un point qui ne me convainc pas dans cette analyse, car Lordon ne parle que de la responsabilit\u00e9 de l\u2019\u00e9lite oligarchique, alors que nous sommes aussi grandement responsables.<\/div>\n<div class=\"mdjComplements\">Nous aimons tellement consommer des objets technologiques, des voyages, des loisirs et toutes ces choses que le syst\u00e8me nous vend\u00a0 que nous ne pouvons-nous exon\u00e9rer trop rapidement du syst\u00e8me.<\/div>\n<div class=\"mdjComplements\">Personne n\u2019a contraint des milliards de terriens d\u2019acheter des smartphones pour le plus grand b\u00e9n\u00e9fice d\u2019Apple, de Samsung, de Foxconn.<\/div>\n<div class=\"mdjComplements\">Ce n\u2019est pas non plus suite \u00e0 un complot ou un pistolet sur la tempe que des millions de gens modestes, pour la plus grande part, payent cher pour aller au stade voir jouer des millionnaires qui courent apr\u00e8s une balle de foot ou s\u2019abonnent \u00e0 des chaines t\u00e9l\u00e9s payantes ou encore ach\u00e8tent \u00e0 des prix fous des maillots ou d\u2019autres colifichets de leurs idoles de cette nouvelle religion des temps modernes. Ce n&rsquo;est que parce qu&rsquo;il y a des consommateurs qui ach\u00e8tent tout cela qu&rsquo;il existe des footballeurs millionnaires et des agents de joueurs qui le sont aussi.<\/div>\n<div class=\"mdjComplements\">Je me souviens d\u2019avoir lu Raymond Aron dans les ann\u00e9es 80 qui disait \u00e0 peu pr\u00e8s\u00a0: tout se passe comme si nous \u00e9tions dans un v\u00e9hicule qui va de plus en plus vite vers quelque chose qui nous effraie mais que nous ne savons arr\u00eater.<\/div>\n<div class=\"mdjComplements\"><\/div>\n<div class=\"mdjComplements\">Lordon n\u2019exprime pas la v\u00e9rit\u00e9, il donne une part de v\u00e9rit\u00e9. Nous avons \u00e0 l\u2019entendre aussi pour approcher la complexit\u00e9 de la r\u00e9alit\u00e9 du monde.<\/div>\n","protected":false},"excerpt":{"rendered":"<p>Mercredi 3 mai 2017 \u00ab\u00a0C\u2019est [\u2026] en Emmanuel Macron que s\u2019expriment le mieux les affres d\u2019une \u00e9poque mourante mais qui ne veut pas mourir.\u00a0\u00bb Fr\u00e9d\u00e9ric Lordon Hier, j\u2019ai fait appel \u00e0 un vieux sage, Edgar Morin, pour parler de cette<\/p>\n","protected":false},"author":1,"featured_media":0,"comment_status":"open","ping_status":"closed","sticky":false,"template":"","format":"standard","meta":{"footnotes":""},"categories":[1],"tags":[10,4],"class_list":["post-524","post","type-post","status-publish","format-standard","hentry","category-motdujour","tag-economie","tag-presidentielle-2017"],"_links":{"self":[{"href":"https:\/\/lemotdujour.fr\/index.php?rest_route=\/wp\/v2\/posts\/524","targetHints":{"allow":["GET"]}}],"collection":[{"href":"https:\/\/lemotdujour.fr\/index.php?rest_route=\/wp\/v2\/posts"}],"about":[{"href":"https:\/\/lemotdujour.fr\/index.php?rest_route=\/wp\/v2\/types\/post"}],"author":[{"embeddable":true,"href":"https:\/\/lemotdujour.fr\/index.php?rest_route=\/wp\/v2\/users\/1"}],"replies":[{"embeddable":true,"href":"https:\/\/lemotdujour.fr\/index.php?rest_route=%2Fwp%2Fv2%2Fcomments&post=524"}],"version-history":[{"count":4,"href":"https:\/\/lemotdujour.fr\/index.php?rest_route=\/wp\/v2\/posts\/524\/revisions"}],"predecessor-version":[{"id":2742,"href":"https:\/\/lemotdujour.fr\/index.php?rest_route=\/wp\/v2\/posts\/524\/revisions\/2742"}],"wp:attachment":[{"href":"https:\/\/lemotdujour.fr\/index.php?rest_route=%2Fwp%2Fv2%2Fmedia&parent=524"}],"wp:term":[{"taxonomy":"category","embeddable":true,"href":"https:\/\/lemotdujour.fr\/index.php?rest_route=%2Fwp%2Fv2%2Fcategories&post=524"},{"taxonomy":"post_tag","embeddable":true,"href":"https:\/\/lemotdujour.fr\/index.php?rest_route=%2Fwp%2Fv2%2Ftags&post=524"}],"curies":[{"name":"wp","href":"https:\/\/api.w.org\/{rel}","templated":true}]}}