{"id":5236,"date":"2018-09-03T00:01:12","date_gmt":"2018-09-02T22:01:12","guid":{"rendered":"http:\/\/lemotdujour.fr\/?p=5236"},"modified":"2022-09-07T11:08:34","modified_gmt":"2022-09-07T09:08:34","slug":"lundi-3-septembre-2018","status":"publish","type":"post","link":"https:\/\/lemotdujour.fr\/?p=5236","title":{"rendered":"Lundi 3 septembre 2018"},"content":{"rendered":"<div class=\"mdjTexte\">\t\u00ab&nbsp;Le d\u00e9chirement d\u2019un g\u00e9nie&nbsp;: Leonard Bernstein&nbsp;\u00bb<\/div>\n<div class=\"mdjAuteur\">\tDocumentaire r\u00e9alis\u00e9 par Thomas von Steinaecker et pr\u00e9sent\u00e9 par Arte<\/div>\n<p><span style=\"color: #008000;\"><em><span style=\"font-family: Arial;\">J&rsquo;ai \u00e9crit une introduction avant le sujet de ce mot du jour. Mais pour ne pas alourdir excessivement cet article, je l&rsquo;ai finalement retir\u00e9e et mise en commentaire.<\/span><\/em><\/span><\/p>\n<p><img loading=\"lazy\" decoding=\"async\" class=\"alignleft\" src=\"https:\/\/lemotdujour.fr\/wp-content\/uploads\/2018\/09\/090218_1405_Lundi3septe1.jpg\" alt=\"\" width=\"415\" height=\"275\" align=\"left\"><span style=\"color: #777777; font-family: Arial;\"><strong>Le 25 ao\u00fbt 1918, naissait \u00e0 Lawrence, dans le Massachusetts (Etats-Unis), L\u00e9onard Bernstein dont on f\u00eate les 100 ans de la naissance<\/strong>. Or L\u00e9onard Bernstein est un personnage consid\u00e9rable du monde des arts et de la musique en particulier.<br \/>\n<\/span><\/p>\n<p><span style=\"color: #777777; font-family: Arial;\">J&rsquo;avais d\u00e9j\u00e0 consacr\u00e9, un premier mot le <span style=\"color: #0000ff;\"><a style=\"color: #0000ff;\" href=\"https:\/\/lemotdujour.fr\/?p=4677\">7 mai 2018<\/a> <\/span>\u00e0 Bernstein et \u00e0 son \u0153uvre \u00e9clectique, visionnaire et g\u00e9niale : \u00ab&nbsp;<a href=\"https:\/\/www.youtube.com\/watch?v=q5tcXl2iNzM\"><span style=\"color: #0000ff;\">Mass<\/span><\/a>&nbsp;\u00bb(1)<br \/>\n<\/span><\/p>\n<p><span style=\"color: #777777; font-family: Arial;\">Lors de ce mot du jour, j&rsquo;annon\u00e7ais&nbsp;:<br \/>\n<\/span><\/p>\n<p style=\"margin-left: 28pt;\"><span style=\"color: #c00000; font-family: Arial;\">\u00ab&nbsp;C&rsquo;\u00e9tait un homme charismatique, plein de fougue et d&rsquo;exc\u00e8s, j&rsquo;y reviendrai dans un mot du jour ult\u00e9rieur, plus proche de sa date anniversaire.&nbsp;\u00bb<br \/>\n<\/span><\/p>\n<p><span style=\"color: #777777; font-family: Arial;\">Je vais donc respecter cette promesse et \u00e9voquer cet homme talentueux, s\u00e9ducteur, p\u00e9dagogue, humaniste et poss\u00e9dant aussi sa part d&rsquo;ombre. Cela m&rsquo;occupera toute cette semaine.<br \/>\n<\/span><\/p>\n<p><span style=\"color: #777777; font-family: Arial;\">La grande cantatrice allemande Christa Ludwig qui a beaucoup travaill\u00e9 avec le musicien, comme avec Herbert von Karajan a dit en toute simplicit\u00e9&nbsp;:<br \/>\n<\/span><\/p>\n<p style=\"margin-left: 28pt;\"><span style=\"color: #c00000; font-family: Arial;\">\u00abL\u00e9onard Bernstein ne faisait pas de la musique, il \u00e9tait la musique!\u00bb<br \/>\n<\/span><\/p>\n<p style=\"margin-left: 35pt;\"><span style=\"color: #777777; font-family: Arial;\"><em>(Propos rapport\u00e9s par le Figaro du 18 mars 2018)<br \/>\n<\/em><\/span><\/p>\n<p><span style=\"color: #777777; font-family: Arial;\"><em>Et elle ajoutait&nbsp;:<br \/>\n<\/em><\/span><\/p>\n<p style=\"margin-left: 28pt;\"><span style=\"color: #c00000; font-family: Arial;\"><em>\u00ab&nbsp;On estimait Karajan, on aimait Bernstein&nbsp;\u00bb<\/em><br \/>\n<\/span><\/p>\n<p><span style=\"color: #777777; font-family: Arial;\">Car en effet si Karajan et Bernstein ont souvent \u00e9t\u00e9 compar\u00e9s, seul Bernstein avait cette dimension que Karajan ne poss\u00e9dait pas&nbsp;: il \u00e9tait compositeur.<br \/>\n<\/span><\/p>\n<p><span style=\"color: #777777; font-family: Arial;\">Et Bernstein a aussi tent\u00e9 et souvent r\u00e9alis\u00e9 d&rsquo;aimer toutes les musiques. Finalement la seule musique qu&rsquo;il a vraiment rejet\u00e9e fut la \u00ab&nbsp;musique classique contemporaine atonale&nbsp;\u00bb, c&rsquo;est-\u00e0-dire celle dont Pierre Boulez \u00e9tait le chantre comme Karl Heinz Stockhausen.<br \/>\n<\/span><\/p>\n<p><span style=\"color: #777777; font-family: Arial;\">Celles et ceux que je connais et qui lisent ce blog me semblent en phase avec cette vision de Bernstein de pr\u00e9f\u00e9rer les Beatles, les Pink Floyd \u00e0 Stockhausen, Nono et consorts.<br \/>\n<\/span><\/p>\n<p><span style=\"color: #777777; font-family: Arial;\">Il disait lui-m\u00eame&nbsp;:<br \/>\n<\/span><\/p>\n<p style=\"margin-left: 28pt;\"><span style=\"color: #c00000; font-family: Arial;\">\u00ab&nbsp;J&rsquo;\u00e9prouve beaucoup plus de plaisir \u00e0 suivre les aventures musicales de Simon et Garfunkel ou du groupe qui chante \u00ab&nbsp;<a href=\"https:\/\/www.youtube.com\/watch?v=vz2Uvq8Ug_s\"><span style=\"color: #0000ff;\">Along Comes Mary<\/span>&nbsp;<\/a>\u00bb qu&rsquo;\u00e0 \u00e9couter la majorit\u00e9 des \u0153uvres de la communaut\u00e9 des compositeurs d&rsquo;avant-garde&nbsp;\u00bb<br \/>\n<\/span><\/p>\n<p><span style=\"color: #777777; font-family: Arial;\">Beaucoup d&rsquo;articles et d&rsquo;\u00e9missions de t\u00e9l\u00e9vision ont \u00e9t\u00e9 consacr\u00e9s \u00e0 L\u00e9onard Bernstein ces derni\u00e8res semaines.<br \/>\n<\/span><\/p>\n<p><span style=\"color: #777777; font-family: Arial;\">France musique lui a consacr\u00e9 de nombreuses \u00e9missions et notamment une s\u00e9rie <a href=\"https:\/\/www.francemusique.fr\/emissions\/un-ete-avec-bernstein\/leonard-bernstein-goodbye-lenny-64169\">&lt;<span style=\"color: #0000ff;\">Un \u00e9t\u00e9 avec Bernstein<\/span>&gt;<\/a> r\u00e9alis\u00e9e par Emmanuelle Franc que j&rsquo;ai \u00e9cout\u00e9 int\u00e9gralement.<br \/>\n<\/span><\/p>\n<p><span style=\"color: #777777; font-family: Arial;\">Cependant, pour ce premier article, je vais surtout faire r\u00e9f\u00e9rence \u00e0 un documentaire diffus\u00e9 par Arte et que vous pourrez visualiser jusqu&rsquo;au 16\/11\/2018 derri\u00e8re ce lien &lt;<strong><span style=\"color: #0000ff;\"><a style=\"color: #0000ff;\" href=\"https:\/\/www.arte.tv\/fr\/videos\/073479-000-A\/leonard-bernstein-le-dechirement-d-un-genie\/\">Le d\u00e9chirement d&rsquo;un g\u00e9nie<\/a><\/span><\/strong>&gt;.<br \/>\n<\/span><\/p>\n<p><span style=\"color: #777777; font-family: Arial;\">C&rsquo;est d&rsquo;ailleurs le titre de ce documentaire que j&rsquo;ai choisi comme exergue de ce premier article. Ce documentaire fait notamment intervenir les 3 enfants de L\u00e9onard Bernstein.<br \/>\n<\/span><\/p>\n<p><span style=\"color: #777777; font-family: Arial;\">Avant d&rsquo;en venir \u00e0 l&rsquo;explication de ce d\u00e9chirement qui se situe selon moi \u00e0 deux niveaux, quelques mots sur le d\u00e9but de la carri\u00e8re du musicien.<br \/>\n<\/span><\/p>\n<p><span style=\"color: #777777; font-family: Arial;\">Il n&rsquo;est pas n\u00e9 dans une famille de musicien. Et Sam Bernstein, son p\u00e8re a m\u00eame voulu emp\u00eacher son fils de devenir musicien, il souhaitait qu&rsquo;il devienne rabbin. L\u00e9onard n\u00e9gocie&nbsp;: il pourrait devenir professeur de musique et entrer \u00e0 Harvard. C&rsquo;est d&rsquo;ailleurs l\u00e0 qu&rsquo;il fait ses premi\u00e8res grandes rencontres, avec Aaron Copland et Dimitri Mitropoulos. Le jeune homme fait ses humanit\u00e9s et passe ses nuits \u00e0 animer les f\u00eates en jouant du boogie woogie !<br \/>\n<\/span><\/p>\n<p><span style=\"color: #777777; font-family: Arial;\">Vous trouverez plus de pr\u00e9cisions dans cette \u00e9mission de France Musique&nbsp;: <a href=\"https:\/\/www.francemusique.fr\/emissions\/un-ete-avec-bernstein\/les-debuts-de-leonard-bernstein-un-etudiant-brillant-forcement-brillant-63309\"><span style=\"color: #0000ff;\">&lt;Les d\u00e9buts de L\u00e9onard Bernstein : Un \u00e9tudiant brillant, forc\u00e9ment brillant !&gt;<\/span><\/a><span style=\"color: #0000ff;\">.<\/span><br \/>\n<\/span><\/p>\n<p><span style=\"color: #777777; font-family: Arial;\">L&rsquo;Histoire raconte que tout commen\u00e7a \u00e0 l&rsquo;\u00e2ge de 10 ans avec <span style=\"color: #0000ff;\"><a style=\"color: #0000ff;\" href=\"https:\/\/www.francemusique.fr\/emissions\/un-ete-avec-bernstein\/leonard-bernstein-mais-d-ou-vient-ce-gosse-fou-de-piano-63269\">le piano de la tante Clara&nbsp;<\/a><\/span> :<br \/>\n<\/span><\/p>\n<p style=\"margin-left: 28pt;\"><span style=\"color: #c00000; font-family: Arial;\"><em>\u00ab&nbsp;<\/em>Et puis un beau jour, l&rsquo;ann\u00e9e de mes 10 ans, ma tante Clara a d\u00fb quitter Boston o\u00f9 nous habitions. Elle ne savait pas quoi faire de quelques meubles encombrants parmi lesquels un \u00e9norme piano droit sculpt\u00e9. On l&rsquo;a donc entrepos\u00e9 chez nous avec des chaises rembourr\u00e9es. Je l&rsquo;ai vu, j&rsquo;en suis tomb\u00e9 \u00e9perdument amoureux et je le suis toujours.&nbsp;\u00bb<em><br \/>\n<\/em><\/span><\/p>\n<p><span style=\"color: #777777; font-family: Arial;\">10 ans c&rsquo;est tard pour devenir un virtuose mais L\u00e9onard ou Lenny, comme tout le monde l&rsquo;appelle, mis les bouch\u00e9es doubles&nbsp;: il \u00e9tait talentueux et il travailla beaucoup et devint rapidement un incroyable musicien remarqu\u00e9 par des grands chefs d&rsquo;orchestre install\u00e9s aux Etats-Unis, tous d&rsquo;origine europ\u00e9enne. Car ceci a une grande importance, L\u00e9onard Bernstein devint le premier grand chef d&rsquo;orchestre n\u00e9 am\u00e9ricain.<br \/>\n<\/span><\/p>\n<p><span style=\"color: #777777; font-family: Arial;\">Il travailla beaucoup et su embrasser les opportunit\u00e9s notamment une qu&rsquo;il raconte lui-m\u00eame&nbsp;:<br \/>\n<\/span><\/p>\n<p style=\"margin-left: 28pt;\"><span style=\"color: #c00000; font-family: Arial;\">\u00ab&nbsp;J&rsquo;\u00e9tais sur le point de me noyer [au sens figur\u00e9, il n&rsquo;avait pas de ressources] ce 25 ao\u00fbt lorsque je re\u00e7u un appel t\u00e9l\u00e9phonique [\u2026] d&rsquo;Artur Rozinski que je n&rsquo;avais jamais rencontr\u00e9. [\u2026] C&rsquo;\u00e9tait un chef d&rsquo;orchestre c\u00e9l\u00e8bre [\u2026] il me demanda de venir le voir.&nbsp;\u00bb.<br \/>\n<\/span><\/p>\n<p><span style=\"color: #777777; font-family: Arial;\">Il se rend donc dans une ferme \u00e0 Stockbridge o\u00f9 r\u00e9sidait Rozinski&nbsp;:<br \/>\n<\/span><\/p>\n<p style=\"margin-left: 28pt;\"><span style=\"color: #c00000; font-family: Arial;\">\u00ab&nbsp;Il m&rsquo;entra\u00eena vers une meule de foin o\u00f9 nous nous ass\u00eemes et me dit \u00ab&nbsp;comme vous le savez (je n&rsquo;en savais rien) je viens d&rsquo;\u00eatre nomm\u00e9 directeur du Philharmonique de New York [et ajouta] j&rsquo;ai besoin d&rsquo;un chef assistant. Je ne suis pas s\u00fbr de mon choix. Alors j&rsquo;ai demand\u00e9 \u00e0 Dieu qui je devais choisir et Dieu a dit&nbsp;: prenez Bernstein&nbsp;! Aussi vous au-je appel\u00e9. Prenez-vous le job&nbsp;?&nbsp;\u00bb<br \/>\n<\/span><\/p>\n<p><span style=\"color: #777777; font-family: Arial;\">Authentique&nbsp;!<br \/>\n<\/span><\/p>\n<p><span style=\"color: #777777; font-family: Arial;\">Donc Bernstein accepta et explique que son \u00ab&nbsp;Job&nbsp;\u00bb consistait \u00e0 \u00e9tudier les partitions et \u00e0 se trouver pr\u00eat pour le cas o\u00f9 Rodzinski ou un chef invit\u00e9 serait dans l&rsquo;incapacit\u00e9 de diriger pour les remplacer en r\u00e9p\u00e9titions ou au concert.<br \/>\n<\/span><\/p>\n<p><span style=\"color: #777777; font-family: Arial;\">Bref une doublure. Bien s\u00fbr cela n&rsquo;arrive quasi jamais&nbsp;:<br \/>\n<\/span><\/p>\n<p style=\"margin-left: 28pt;\"><span style=\"color: #c00000; font-family: Arial;\">\u00ab&nbsp;Je crois que pendant quinze ans, personne n&rsquo;est jamais tomb\u00e9 malade \u00e0 New York.&nbsp;\u00bb<br \/>\n<\/span><\/p>\n<p><span style=\"color: #777777; font-family: Arial;\">Mais Bernstein \u00e9tudiait toutes les partitions. Et un jour Bruno Walter, l&rsquo;un des plus grands chefs de l&rsquo;Histoire de la musique est tomb\u00e9 malade et Rodzinski n&rsquo;avait pas la disponibilit\u00e9 de le remplacer ce fut donc \u00e0 Bernstein de le faire.<br \/>\n<\/span><\/p>\n<p><span style=\"color: #777777; font-family: Arial;\">Voici ce qu&rsquo;on peut lire \u00e0 ce propos&nbsp;:<\/span><\/p>\n<p><span style=\"color: #777777; font-family: Arial;\">\u00ab&nbsp;Or, le 14 Novembre 1943, le chef d&rsquo;orchestre Bruno Walter qui doit assurer le concert tombe malade. C&rsquo;est au tour de Lenny de jouer l&rsquo;apr\u00e8s-midi m\u00eame. Il n&rsquo;a pas le temps de r\u00e9p\u00e9ter, il n&rsquo;a jamais dirig\u00e9 ce programme. T\u00e9tanis\u00e9, il passe au Drugstore en face du Carnegie Hall prendre un caf\u00e9. Il explique au pharmacien pourquoi il se sent si mal. Celui-ci lui donne une pilule pour avoir de l&rsquo;\u00e9nergie, une autre pour \u00eatre calme\u2026&nbsp;\u00bb<br \/>\n<\/span><\/p>\n<p style=\"margin-left: 28pt;\"><span style=\"color: #c00000; font-family: Arial;\">J&rsquo;ai mis les deux pilules dans ma poche et je me souviens qu&rsquo;avant de monter sur sc\u00e8ne, je les ai prises et je les ai jet\u00e9es aussi loin que j&rsquo;ai pu \u00e0 l&rsquo;autre bout des coulisses du Carnegie Hall. Et j&rsquo;y suis all\u00e9. Je ne me souviens de rien entre ce moment et la fin du concert.&nbsp;\u00bb<br \/>\n<\/span><\/p>\n<p><span style=\"color: #777777; font-family: Arial;\">Pour en savoir plus sur ces d\u00e9buts, \u00e9coutez l&rsquo;\u00e9mission de France musique&nbsp;: <a href=\"https:\/\/www.francemusique.fr\/emissions\/un-ete-avec-bernstein\/leonard-bernstein-de-la-vie-de-boheme-au-miracle-63241\">&lt;<span style=\"color: #0000ff;\">L\u00e9onard Bernstein : De<\/span><\/a><\/span><img decoding=\"async\" class=\"alignright\" src=\"https:\/\/lemotdujour.fr\/wp-content\/uploads\/2018\/09\/090218_1405_Lundi3septe2.jpg\" alt=\"\" align=\"left\"><span style=\"color: #777777; font-family: Arial;\"><a href=\"https:\/\/www.francemusique.fr\/emissions\/un-ete-avec-bernstein\/leonard-bernstein-de-la-vie-de-boheme-au-miracle-63241\"><span style=\"color: #0000ff;\"> la vie de boh\u00e8me au miracle<\/span> &gt;<\/a><br \/>\n<\/span><\/p>\n<p><span style=\"color: #777777; font-family: Arial;\">Vous trouverez aussi sur le site de France Musique une copie de l&rsquo;affiche de ce concert avec le nom de Bruno Walter barr\u00e9 et celui de L\u00e9onard Bernstein rajout\u00e9.<br \/>\n<\/span><\/p>\n<p><span style=\"color: #777777; font-family: Arial;\">Ce n&rsquo;est que le haut de l&rsquo;affiche, car le morceau essentiel de ce concert \u00e9tait une partition horriblement difficile&nbsp;: Le Don Quichotte de Richard Strauss.<br \/>\n<\/span><\/p>\n<p><span style=\"color: #777777; font-family: Arial;\">Ce fut un triomphe&nbsp;!<br \/>\n<\/span><\/p>\n<p><a href=\"https:\/\/www.qwant.com\/?q=Don%20quichotte%20Richard%20STrauss&amp;t=videos&amp;o=0:b93b4e70608a0926f90de73c7d6cf9bd\"><span style=\"font-family: Arial;\"><span style=\"color: #0000ff;\">&lt;Vous trouverez, ici une interpr\u00e9tation somptueuse avec le rival Karajan et l&rsquo;irrempla\u00e7able Rostropovitch&gt;<\/span><\/span><\/a><span style=\"color: #777777; font-family: Arial;\"><br \/>\n<\/span><\/p>\n<p><span style=\"color: #777777; font-family: Arial;\">Et pour en savoir plus sur la rivalit\u00e9 et aussi le respect mutuel entre ces deux artistes vous pourrez \u00e9couter l&rsquo;\u00e9mission sur France Musique&nbsp;: <a href=\"https:\/\/www.francemusique.fr\/emissions\/un-ete-avec-bernstein\/leonard-bernstein-et-herbert-von-karajan-le-duel-63794\">&lt;<span style=\"color: #0000ff;\">L\u00e9onard Bernstein et Herbert von Karajan : le duel&gt;<\/span><\/a><br \/>\n<\/span><\/p>\n<p><img decoding=\"async\" class=\"alignleft\" src=\"https:\/\/lemotdujour.fr\/wp-content\/uploads\/2018\/09\/090218_1405_Lundi3septe3.jpg\" alt=\"\" align=\"left\"><span style=\"color: #777777; font-family: Arial;\">Mais revenons au \u00ab&nbsp;<strong>d\u00e9chirement<\/strong>&nbsp;\u00bb.<br \/>\n<\/span><\/p>\n<p><span style=\"color: #777777; font-family: Arial;\"><strong>Le premier d\u00e9chirement que Bernstein connut \u00e9tait celui d&rsquo;\u00eatre \u00e0 la fois interpr\u00e8te et compositeur.<\/strong> Par raison et pour la post\u00e9rit\u00e9, il voulait surtout \u00eatre compositeur.<br \/>\n<\/span><\/p>\n<p><span style=\"color: #777777; font-family: Arial;\">Mais dans le documentaire d&rsquo;Arte, sa fille Jamie dit \u00ab&nbsp;<span style=\"color: #c00000;\">La direction \u00e9tait une v\u00e9ritable drogue pour lui<span style=\"color: #777777;\">&nbsp;!\u00bb<br \/>\n<\/span><\/span><\/span><\/p>\n<p><span style=\"color: #777777; font-family: Arial;\">Bernstein explique lui-m\u00eame que&nbsp;la composition est un exercice dur et solitaire, la r\u00e9compense vient souvent tr\u00e8s tard et parfois m\u00eame pas du tout. Alors que l&rsquo;interpr\u00e9tation est un exercice que l&rsquo;on r\u00e9alise en \u00e9quipe et la r\u00e9compense arrive beaucoup plus vite par les applaudissements du public.<br \/>\n<\/span><\/p>\n<p><span style=\"color: #777777; font-family: Arial;\">Il a essay\u00e9 plusieurs fois d&rsquo;arr\u00eater la direction pour se consacrer \u00e0 la composition et chaque fois il a craqu\u00e9. Quand finalement, notamment parce que son m\u00e9decin lui a dit qu&rsquo;il s&rsquo;agissait d&rsquo;une histoire de vie ou de mort il a d\u00e9cid\u00e9 de faire son dernier concert \u00e0 Boston le 19 ao\u00fbt 1990, la vie ne lui a plus \u00e9t\u00e9 accord\u00e9e que pour quelques semaines, il est d\u00e9c\u00e9d\u00e9 le 14 octobre 1990.<br \/>\n<\/span><\/p>\n<p><span style=\"color: #777777; font-family: Arial;\">Un disque a gard\u00e9 le t\u00e9moignage sonore de ce dernier moment d&rsquo;extase.<br \/>\n<\/span><\/p>\n<p><span style=\"color: #777777; font-family: Arial;\">La reconnaissance du public, des critiques et du monde musical \u00e9tait aussi particuli\u00e8rement d\u00e9s\u00e9quilibr\u00e9e&nbsp;: Des concerts de louange pour l&rsquo;interpr\u00e8te, un scepticisme peu bienveillant, voire une hostilit\u00e9 manifeste \u00e0 l&rsquo;\u00e9gard du compositeur, sauf pour les \u0153uvres qu&rsquo;il a \u00e9crite pour Broadway et notamment &lt;<span style=\"color: #0000ff;\"><a style=\"color: #0000ff;\" href=\"https:\/\/www.youtube.com\/watch?v=VvV1mfjuReU\">West Side Story<\/a><\/span>&gt;, bien entendu.<br \/>\n<\/span><\/p>\n<p><span style=\"color: #777777; font-family: Arial;\"><strong>Et nous arrivons eu second d\u00e9chirement&nbsp;: sa bisexualit\u00e9.<\/strong><br \/>\n<\/span><\/p>\n<p><span style=\"color: #777777; font-family: Arial;\">Il a des amours homosexuels depuis sa jeunesse mais il rencontre la belle actrice chilienne n\u00e9e \u00e0 Costa Rica&nbsp;: F\u00e9licia Montaleagre en 1946, ils se marient en 1951 et auront 3 enfants.<br \/>\n<\/span><\/p>\n<p><img decoding=\"async\" class=\"alignright\" src=\"https:\/\/lemotdujour.fr\/wp-content\/uploads\/2018\/09\/090218_1405_Lundi3septe4.jpg\" alt=\"\" align=\"left\"><span style=\"color: #777777; font-family: Arial;\">En 1951, quelques mois seulement apr\u00e8s leur mariage, F\u00e9licia \u00e9crit \u00e0 Lenny&nbsp;:<br \/>\n<\/span><\/p>\n<p style=\"margin-left: 28pt;\"><span style=\"color: #c00000; font-family: Arial;\">\u00ab Tu es homosexuel et cela ne changera sans doute jamais [\u2026] Je suis pr\u00eate \u00e0 t&rsquo;accepter tel que tu es [&#8230;] car je t&rsquo;aime passionn\u00e9ment \u00bb.<br \/>\n<\/span><\/p>\n<p><span style=\"color: #777777; font-family: Arial;\">C&rsquo;est une relation assez unique et une hauteur d&rsquo;\u00e2me de la part de Felicia remarquable \u00e0 une \u00e9poque o\u00f9 l&rsquo;homosexualit\u00e9 \u00e9tait encore peu admise. Et F\u00e9licia \u00e9crit aussi&nbsp;:<br \/>\n<\/span><\/p>\n<p style=\"margin-left: 28pt;\"><span style=\"color: #c00000; font-family: Arial;\">\u00ab&nbsp;Notre mariage n&rsquo;est pas fond\u00e9 sur la passion mais sur une tendresse et un respect mutuel&nbsp;\u00bb.<br \/>\n<\/span><\/p>\n<p><span style=\"color: #777777; font-family: Arial;\">Et Lenny \u00e9crit en 1957&nbsp;:<br \/>\n<\/span><\/p>\n<p style=\"margin-left: 28pt;\"><span style=\"color: #c00000; font-family: Arial;\">\u00ab&nbsp;Les principales nouvelles c&rsquo;est que je t&rsquo;aime et que tu me manques, plus que je n&rsquo;aurai jamais su&nbsp;\u00bb<br \/>\n<\/span><\/p>\n<p><span style=\"color: #777777; font-family: Arial;\">Pendant 25 ann\u00e9es l&rsquo;\u00e9pouse a tol\u00e9r\u00e9 les relations extra-conjugales de son mari tant que celles-ci \u00ab\u00a0restent discr\u00e8tes\u00a0\u00bb.<br \/>\n<\/span><\/p>\n<p><span style=\"color: #777777; font-family: Arial;\">Et puis voici la fin de l&rsquo;Histoire telle que la relate le magazine Diapason de juillet\/ao\u00fbt 2018&nbsp;:<br \/>\n<\/span><\/p>\n<p style=\"margin-left: 28pt;\"><span style=\"color: #c00000; font-family: Arial;\">\u00ab&nbsp;Quand apr\u00e8s un quart de si\u00e8cle et trois enfants, ressurgit le dieu primordial sous les traits du jeune musicologue Tom Cothran, l&rsquo;ogre jamais rassasi\u00e9 abandonne le domicile conjugal. Quelques mois plus tard, Felicia tombe malade. Cancer du poumon. Lenny l\u00e2che Tom et rentre \u00e0 la maison, o\u00f9 Felicia s&rsquo;\u00e9teint le 16 juin 1978. Il ne dort plus&nbsp;: tout est de sa faute. Dieu l&rsquo;a puni. Whisky, m\u00e9dicaments, rien ne l&rsquo;apaise. Le monde est plein de jolis gar\u00e7ons qu&rsquo;il consomme sans respirer\u2026&nbsp;\u00bb.<br \/>\n<\/span><\/p>\n<p><span style=\"color: #777777; font-family: Arial;\">\u00ab&nbsp;de jolis gar\u00e7ons qu&rsquo;il consomme sans respirer&nbsp;\u00bb, je reviendrai sur cette addiction jeudi.<br \/>\n<\/span><\/p>\n<p><span style=\"color: #777777; font-family: Arial;\">Il ne cessera cependant de parler et d&rsquo;\u00e9voquer son \u00e9pouse pendant les 14 ans qui lui restent \u00e0 vivre.<br \/>\n<\/span><\/p>\n<p><span style=\"color: #777777; font-family: Arial;\">Il lui d\u00e9diera des \u0153uvres ou des interpr\u00e9tations comme ce Requiem de Mozart du 6 juillet 1988 qui a \u00e9t\u00e9 enregistr\u00e9 par DG et dont vous trouverez la version vid\u00e9o <a href=\"https:\/\/philharmoniedeparis.fr\/fr\/magazine\/6-juillet-1988-bernstein-dirige-le-requiem-de-mozart\"><span style=\"color: #0000ff;\">sur cette page de la Philharmonie de Paris<\/span><\/a> ainsi qu&rsquo;un commentaire qui exprime l&rsquo;\u00e9motion de cette interpr\u00e9tation<br \/>\n<\/span><\/p>\n<p><span style=\"color: #777777; font-family: Arial;\"><em><span style=\"color: #008000;\">(1) Depuis que j&rsquo;ai \u00e9crit le mot sur \u00ab&nbsp;Mass&gt; J&rsquo;ai trouv\u00e9 sur Youtube, une version th\u00e9\u00e2trale jou\u00e9e par des artistes de l&rsquo;Universit\u00e9 de Yale.<\/span><br \/>\n<\/em><\/span><\/p>\n<p><span style=\"color: #800000; font-family: Arial;\">&lt;1100&gt;<\/span><\/p>\n","protected":false},"excerpt":{"rendered":"<p>\u00ab&nbsp;Le d\u00e9chirement d\u2019un g\u00e9nie&nbsp;: Leonard Bernstein&nbsp;\u00bb Documentaire r\u00e9alis\u00e9 par Thomas von Steinaecker et pr\u00e9sent\u00e9 par Arte J&rsquo;ai \u00e9crit une introduction avant le sujet de ce mot du jour. Mais pour ne pas alourdir excessivement cet article, je l&rsquo;ai finalement retir\u00e9e<\/p>\n","protected":false},"author":1,"featured_media":0,"comment_status":"open","ping_status":"closed","sticky":false,"template":"","format":"standard","meta":{"footnotes":""},"categories":[1],"tags":[65,29,20],"class_list":["post-5236","post","type-post","status-publish","format-standard","hentry","category-motdujour","tag-etats-unis","tag-hommage","tag-musique"],"_links":{"self":[{"href":"https:\/\/lemotdujour.fr\/index.php?rest_route=\/wp\/v2\/posts\/5236","targetHints":{"allow":["GET"]}}],"collection":[{"href":"https:\/\/lemotdujour.fr\/index.php?rest_route=\/wp\/v2\/posts"}],"about":[{"href":"https:\/\/lemotdujour.fr\/index.php?rest_route=\/wp\/v2\/types\/post"}],"author":[{"embeddable":true,"href":"https:\/\/lemotdujour.fr\/index.php?rest_route=\/wp\/v2\/users\/1"}],"replies":[{"embeddable":true,"href":"https:\/\/lemotdujour.fr\/index.php?rest_route=%2Fwp%2Fv2%2Fcomments&post=5236"}],"version-history":[{"count":13,"href":"https:\/\/lemotdujour.fr\/index.php?rest_route=\/wp\/v2\/posts\/5236\/revisions"}],"predecessor-version":[{"id":13933,"href":"https:\/\/lemotdujour.fr\/index.php?rest_route=\/wp\/v2\/posts\/5236\/revisions\/13933"}],"wp:attachment":[{"href":"https:\/\/lemotdujour.fr\/index.php?rest_route=%2Fwp%2Fv2%2Fmedia&parent=5236"}],"wp:term":[{"taxonomy":"category","embeddable":true,"href":"https:\/\/lemotdujour.fr\/index.php?rest_route=%2Fwp%2Fv2%2Fcategories&post=5236"},{"taxonomy":"post_tag","embeddable":true,"href":"https:\/\/lemotdujour.fr\/index.php?rest_route=%2Fwp%2Fv2%2Ftags&post=5236"}],"curies":[{"name":"wp","href":"https:\/\/api.w.org\/{rel}","templated":true}]}}