{"id":522,"date":"2017-05-02T02:00:00","date_gmt":"2017-05-01T22:00:00","guid":{"rendered":"http:\/\/lemotdujour.fr\/?p=522"},"modified":"2017-05-28T19:33:36","modified_gmt":"2017-05-28T17:33:36","slug":"mardi-2-mai-2017","status":"publish","type":"post","link":"https:\/\/lemotdujour.fr\/?p=522","title":{"rendered":"Mardi 2 mai 2017"},"content":{"rendered":"<div class=\"mdjDate\"><a id=\"_Toc482008817\"><\/a>Mardi 2 mai 2017<\/div>\n<div class=\"mdjTexte\">\u00ab\u00a0Partout, deux barbaries se conjuguent,<br \/>\nla vieille barbarie de la haine, du m\u00e9pris, de la cruaut\u00e9,<br \/>\net la barbarie glac\u00e9e du calcul qui veut contr\u00f4ler tout ce qui est humain.\u00a0\u00bb<\/div>\n<div class=\"mdjAuteur\">Edgar Morin<\/div>\n<div class=\"mdjComplements\">Edgar Morin est un de nos plus grands penseurs contemporains.<\/div>\n<div class=\"mdjComplements\">Il est n\u00e9 le 8 juillet 1921, vous pouvez calculer il a 95 ans, presque 96.<\/div>\n<div class=\"mdjComplements\">Wikip\u00e9dia le d\u00e9finit d&rsquo;abord comme le penseur de la complexit\u00e9.<\/div>\n<div class=\"mdjComplements\">Il fut un grand r\u00e9sistant. C\u2019est \u00e0 cette \u00e9poque qu\u2019il a pris le nom de Morin, car son nom de naissance est Nahoum, il est d&rsquo;origine juive s\u00e9farade, descendant d&rsquo;un p\u00e8re commer\u00e7ant juif de Thessalonique.<\/div>\n<div class=\"mdjComplements\">Le journal Le Monde\u00a0 vient de publier un entretien avec cet homme qui m\u2019inspire beaucoup\u00a0: <a href=\"http:\/\/www.lemonde.fr\/idees\/article\/2017\/04\/29\/edgar-morin-cette-election-est-un-saut-dans-l-inconnu_5119842_3232.html\">\u00ab Cette \u00e9lection est un saut dans l\u2019inconnu \u00bb<\/a> que vous trouverez en pi\u00e8ce jointe.<\/div>\n<div class=\"mdjComplements\">Il ne fait aucun doute que cet homme profond\u00e9ment humaniste, votera sans ambig\u00fcit\u00e9 pour Macron.<\/div>\n<div class=\"mdjComplements\">je trouve particuli\u00e8rement int\u00e9ressant la deuxi\u00e8me partie de cet entretien, lorsqu&rsquo;il r\u00e9pond \u00e0 la question du journaliste\u00a0: \u00ab\u00a0Quels sont les grands probl\u00e8mes et les grands th\u00e8mes absents de cette campagne ? \u00a0\u00bb<\/div>\n<div class=\"mdjCiter\">\u00ab\u00a0Le premier grand absent est le monde qui nous enveloppe et nous emporte dans des conflits et des r\u00e9gressions qui s\u2019aggravent. Les Etats-Unis et la Russie accroissent leur arsenal nucl\u00e9aire. Trump et Kim ne sont pas Kennedy et Khrouchtchev, qui avaient \u00e9vit\u00e9 le conflit nucl\u00e9aire. L\u2019organisation Etat islamique pr\u00e9pare des attentats partout, y compris chez nous.<\/div>\n<div class=\"mdjCiter\"><strong>Partout, deux barbaries se conjuguent, la vieille barbarie de la haine, du m\u00e9pris, de la cruaut\u00e9, et la barbarie glac\u00e9e du calcul qui veut contr\u00f4ler tout ce qui est humain.<\/strong><\/div>\n<div class=\"mdjCiter\">Partout, y compris en Europe, la r\u00e9gression politique a fait na\u00eetre des postd\u00e9mocraties autoritaires, que le mot \u00ab populisme \u00bb qualifie tr\u00e8s mal, et nous sommes nous-m\u00eames ici menac\u00e9s en ce moment historique.<\/div>\n<div class=\"mdjCiter\">Les politiques sont somnambules comme l\u2019ont \u00e9t\u00e9 les politiques de 1933 \u00e0 1940. La France ne devrait-elle pas prendre des initiatives pour la paix ? Beaucoup attendent le retour d\u2019une diplomatie fran\u00e7aise dans le monde telle que l\u2019avait exprim\u00e9e Dominique de Villepin dans son c\u00e9l\u00e8bre discours \u00e0 l\u2019ONU. La France ne devrait-elle pas chercher une nouvelle voie pour r\u00e9sister aux r\u00e9gressions qui nous envahissent ?<\/div>\n<div class=\"mdjCiter\">Pour vraiment \u00ab barrer la route au FN \u00bb, il faudrait prendre une autre route. La politique de Macron a d\u2019autant plus besoin d\u2019une pens\u00e9e sur ce monde qu\u2019elle se veut d\u2019ouverture ; la politique de fermeture sur soi de Marine Le Pen n\u2019a pas besoin de penser le monde car pour elle l\u2019ext\u00e9rieur est une menace (mondialisation, Europe, \u00e9tranger, immigr\u00e9) et la solution est la fermeture sur soi.\u00a0\u00bb<\/div>\n<div class=\"mdjComplements\">Et \u00e0 cette autre question\u00a0: \u00ab\u00a0Les d\u00e9bats sont-ils \u00e0 la hauteur de ces enjeux historiques et de cette d\u00e9pression politique ?\u00a0\u00bb, il r\u00e9pond\u00a0:<\/div>\n<div class=\"mdjCiter\">\u00ab\u00a0Le mythe de l\u2019Europe est faible. Le mythe de la mondialisation heureuse est \u00e0 z\u00e9ro. Le mythe euphorique du transhumanisme n\u2019est pr\u00e9sent que chez des technocrates.<\/div>\n<div class=\"mdjCiter\">Nous sommes dans un creux historique d\u2019incertitudes et d\u2019angoisses, qui provoquent les r\u00e9gressions de repli. Seule la conception d\u2019une voie salutaire pourrait ressusciter une esp\u00e9rance qui ne soit pas illusion.<\/div>\n<div class=\"mdjCiter\">Macron devrait \u00e0 mon sens mettre en question les cadres classiques dans lesquels il semble se situer naturellement : la subordination de la politique \u00e0 l\u2019\u00e9conomie, la r\u00e9duction de l\u2019\u00e9conomie \u00e0 l\u2019\u00e9cole n\u00e9olib\u00e9rale, l\u2019excroissance du pouvoir de l\u2019argent.<\/div>\n<div class=\"mdjCiter\">Une des causes profondes du mal contemporain est l\u2019h\u00e9g\u00e9monie de la finance et des lobbies \u00e9conomiques non seulement sur la soci\u00e9t\u00e9, mais aussi sur la politique.<\/div>\n<div class=\"mdjCiter\">Une nouvelle voie \u00e9conomique est possible qui ferait reculer progressivement l\u2019omnipotence du profit, du calcul, de la standardisation, et nous conduirait vers un mieux-\u00eatre : la menace \u00e9cologique a ouvert la perspective de la g\u00e9n\u00e9ralisation des \u00e9nergies propres, de la d\u00e9pollution des villes (d\u00e9veloppement des voitures \u00e9lectriques, pi\u00e9tonisation, parkings aux portes de villes), de la d\u00e9pollution de notre consommation alimentaire par la r\u00e9gression de l\u2019agriculture et de l\u2019\u00e9levage industrialis\u00e9s et le red\u00e9ploiement des exploitations fermi\u00e8res et agro\u00e9cologiques.<\/div>\n<div class=\"mdjCiter\">Le d\u00e9veloppement de la conscience des consommateurs urbains, qui a commenc\u00e9, favoriserait l\u2019alimentation saine et savoureuse. Du coup, les progr\u00e8s de la sant\u00e9 dans toute la nation susciteraient d\u2019\u00e9normes \u00e9conomies budg\u00e9taires.<\/div>\n<div class=\"mdjCiter\">En m\u00eame temps, l\u2019Etat devrait favoriser l\u2019\u00e9conomie sociale et solidaire, l\u2019entreprise citoyenne, l\u2019\u00e9conomie collaboratrice (qui s\u2019\u00e9bauche dans les Blablacar, les AMAP, etc.), l\u2019\u00e9conomie circulaire, l\u2019artisanat. Il devrait favoriser la production du durable et faire r\u00e9gresser celle du jetable. Il devrait favoriser la comp\u00e9titivit\u00e9 qui s\u2019obtient par la d\u00e9bureaucratisation et l\u2019humanisation au sein de l\u2019entreprise, plut\u00f4t que par les contraintes qui conduisent aux burn-out.<\/div>\n<div class=\"mdjCiter\">Enfin, l\u2019union des Fran\u00e7ais \u00e0 laquelle aspire Macron n\u00e9cessite la prise de conscience de la r\u00e9alit\u00e9 multiculturelle de notre nation, compos\u00e9e d\u2019abord de cultures provinciales issues de peuples h\u00e9t\u00e9rog\u00e8nes au d\u00e9part, ensuite de cultures d\u2019origine immigr\u00e9e se symbiotisant dans la grande culture nationale. Il faudrait inscrire dans la Constitution \u00ab la France est une R\u00e9publique une et multiculturelle \u00bb.<\/div>\n<div class=\"mdjComplements\">De mani\u00e8re plus imm\u00e9diate, il fait cette analyse du combat \u00e9lectoral en cours\u00a0:<\/div>\n<div class=\"mdjCiter\">\u00ab\u00a0Macron b\u00e9n\u00e9ficie d\u2019un \u00e9lan propre pour le renouveau et d\u2019un fort antilepenisme. Mais il a \u00e9veill\u00e9 un antimacronisme de gauche et un antimacronisme de droite qui iront vers l\u2019abstention ou vers Marine Le Pen.<\/div>\n<div class=\"mdjCiter\">Cela dit, il y aura encore des al\u00e9as et des surprises.<\/div>\n<div class=\"mdjCiter\">Les forces profondes de r\u00e9g\u00e9n\u00e9ration qui travaillent le pays, en m\u00eame temps que le travaillent les angoisses, les peurs et les col\u00e8res (qui favorisent Le Pen), sauront-elles se d\u00e9canter et trouver un chemin en Macron ?<\/div>\n<div class=\"mdjCiter\">Le dynamisme de la marche risque d\u2019\u00eatre st\u00e9rile si on ne sait pas quel espoir se trouve dans l\u2019\u00ab en avant \u00bb. De toute fa\u00e7on, nous sommes dans l\u2019aventure, cette \u00e9lection est un saut dans l\u2019inconnu.<\/div>\n<div class=\"mdjCiter\">D\u2019un c\u00f4t\u00e9, le d\u00e9j\u00e0-connu, de l\u2019autre, l\u2019incertain. Il faut savoir que tout vote sera un pari risqu\u00e9.<\/div>\n<div class=\"mdjCiter\">L\u2019abstention est elle-m\u00eame un pari. Cette conscience doit nous donner vigilance et \u00e9viter bien des illusions et des d\u00e9ceptions.\u00a0\u00bb<\/div>\n<div class=\"mdjComplements\">Je voterai Macron.<\/div>\n<div class=\"mdjComplements\">Je ne condamnerai pas celles et ceux qui s\u2019abstiennent.<\/div>\n<div class=\"mdjComplements\">Emmanuel Macron n\u2019a fait aucun effort, pour l\u2019instant, pour rassembler sauf \u00e0 dire qu\u2019il est le candidat anti-Le Pen, ce qui est beaucoup, mais ce qui n\u2019est pas tout.<\/div>\n<div class=\"mdjComplements\">Il faut lutter contre la marchandisation du monde.<\/div>\n<div class=\"mdjComplements\">Car comme l\u2019\u00e9crit Edgar Morin il existe bien s\u00fbr la \u00a0la vieille barbarie de la haine, du m\u00e9pris, de la cruaut\u00e9.<\/div>\n<div class=\"mdjComplements\">Mais si on ne lutte pas contre la barbarie glac\u00e9e du calcul qui veut contr\u00f4ler tout ce qui est humain nous aurons t\u00f4t ou tard la vieille barbarie.<\/div>\n","protected":false},"excerpt":{"rendered":"<p>Mardi 2 mai 2017 \u00ab\u00a0Partout, deux barbaries se conjuguent, la vieille barbarie de la haine, du m\u00e9pris, de la cruaut\u00e9, et la barbarie glac\u00e9e du calcul qui veut contr\u00f4ler tout ce qui est humain.\u00a0\u00bb Edgar Morin Edgar Morin est un<\/p>\n","protected":false},"author":1,"featured_media":0,"comment_status":"open","ping_status":"closed","sticky":false,"template":"","format":"standard","meta":{"footnotes":""},"categories":[1],"tags":[6,4],"class_list":["post-522","post","type-post","status-publish","format-standard","hentry","category-motdujour","tag-philosophie","tag-presidentielle-2017"],"_links":{"self":[{"href":"https:\/\/lemotdujour.fr\/index.php?rest_route=\/wp\/v2\/posts\/522","targetHints":{"allow":["GET"]}}],"collection":[{"href":"https:\/\/lemotdujour.fr\/index.php?rest_route=\/wp\/v2\/posts"}],"about":[{"href":"https:\/\/lemotdujour.fr\/index.php?rest_route=\/wp\/v2\/types\/post"}],"author":[{"embeddable":true,"href":"https:\/\/lemotdujour.fr\/index.php?rest_route=\/wp\/v2\/users\/1"}],"replies":[{"embeddable":true,"href":"https:\/\/lemotdujour.fr\/index.php?rest_route=%2Fwp%2Fv2%2Fcomments&post=522"}],"version-history":[{"count":2,"href":"https:\/\/lemotdujour.fr\/index.php?rest_route=\/wp\/v2\/posts\/522\/revisions"}],"predecessor-version":[{"id":1788,"href":"https:\/\/lemotdujour.fr\/index.php?rest_route=\/wp\/v2\/posts\/522\/revisions\/1788"}],"wp:attachment":[{"href":"https:\/\/lemotdujour.fr\/index.php?rest_route=%2Fwp%2Fv2%2Fmedia&parent=522"}],"wp:term":[{"taxonomy":"category","embeddable":true,"href":"https:\/\/lemotdujour.fr\/index.php?rest_route=%2Fwp%2Fv2%2Fcategories&post=522"},{"taxonomy":"post_tag","embeddable":true,"href":"https:\/\/lemotdujour.fr\/index.php?rest_route=%2Fwp%2Fv2%2Ftags&post=522"}],"curies":[{"name":"wp","href":"https:\/\/api.w.org\/{rel}","templated":true}]}}