{"id":520,"date":"2017-04-28T02:00:00","date_gmt":"2017-04-27T22:00:00","guid":{"rendered":"http:\/\/lemotdujour.fr\/?p=520"},"modified":"2017-05-28T19:33:36","modified_gmt":"2017-05-28T17:33:36","slug":"vendredi-28-avril-2017","status":"publish","type":"post","link":"https:\/\/lemotdujour.fr\/?p=520","title":{"rendered":"Vendredi 28 avril 2017"},"content":{"rendered":"<div class=\"mdjDate\"><a id=\"_Toc482008816\"><\/a>Vendredi 28 avril 2017<\/div>\n<div class=\"mdjTexte\">\u00abC\u2019est un peu rapide [de dire ] que deux France se feraient face ! \u00bb<\/div>\n<div class=\"mdjAuteur\">Fr\u00e9d\u00e9ric Gilli<\/div>\n<div class=\"mdjComplements\">Tourner autour du pot, pour voir le pot sous tous ses aspects\u2026<\/div>\n<div class=\"mdjComplements\">Osons un peu de complexit\u00e9, car la vie est complexit\u00e9.<\/div>\n<div class=\"mdjComplements\">C\u2019est l\u2019arme des d\u00e9magogues de tous bords de pr\u00e9tendre que les choses sont simples et que des solutions simples peuvent \u00eatre trouv\u00e9es.<\/div>\n<div class=\"mdjComplements\">Nous aussi sommes complexes\u00a0:<\/div>\n<div class=\"mdjComplements\">Faisons-nous partie du peuple du web ou du peuple du mur\u00a0?<\/div>\n<div class=\"mdjComplements\">Sommes-nous lib\u00e9raux ou non en mati\u00e8re \u00e9conomique, culturelle ou soci\u00e9tale\u00a0?<\/div>\n<div class=\"mdjComplements\">Sommes-nous des \u00ab gens de n\u2019importe o\u00f9 \u00bb ou appartenons au \u00ab peuple de quelque part \u00bb.\u00a0?<\/div>\n<div class=\"mdjComplements\">Mon ami Daniel r\u00e9pondait au mot du jour d\u2019hier fort judicieusement\u00a0: \u00ab\u00a0j&rsquo;ai du mal \u00e0 me retrouver dans [cette] distinction. J&rsquo;ai le sentiment d\u2019\u00eatre de quelque part culturellement mais pas physiquement par ailleurs j&rsquo;aime l&rsquo;ouverture aux id\u00e9es tout en conservant mon sens critique.\u00a0\u00bb<\/div>\n<div class=\"mdjComplements\">Pour ma part, je me sens plut\u00f4t faisant partie du peuple du web que du peuple du mur. Mais quand je discute avec mon fils Alexis je n\u2019en suis plus si certain. Je fais certainement beaucoup moins partie du peuple du web que lui ou j\u2019adh\u00e8re beaucoup moins aux valeurs du peuple du web que lui. Suis-je pour autant du peuple du mur, sans le reconna\u00eetre\u00a0?<\/div>\n<div class=\"mdjComplements\">Et je ne me sens certainement pas de n\u2019importe o\u00f9, je suis plut\u00f4t de quelque part.<\/div>\n<div class=\"mdjComplements\">Je comprends et j\u2019adh\u00e8re \u00e0 cet avis que Christophe Guilluy a \u00e9mis et que j\u2019ai repris dans le mot du jour du 7 octobre 2016\u00a0: \u00ab\u00a0Personne au monde, ni en Alg\u00e9rie, ni au S\u00e9n\u00e9gal, ni en Chine, ne souhaite devenir minoritaire dans son village. \u00bb<\/div>\n<div class=\"mdjComplements\">Les raisonnements binaires sont simplistes, or la vie, l\u2019humanit\u00e9 est complexit\u00e9.<\/div>\n<div class=\"mdjComplements\">Dans une tribune au \u00ab Monde \u00bb que vous trouverez en pi\u00e8ce jointe, Fr\u00e9d\u00e9ric Gilli, chercheur \u00e0 Sciences Po, estime que la g\u00e9ographie du vote ne dessine pas une claire opposition entre une France des villes vivant bien la mondialisation et une France p\u00e9riph\u00e9rique en train de d\u00e9p\u00e9rir.<\/div>\n<div class=\"mdjComplements\">Je vous en livre quelques extraits\u00a0:<\/div>\n<div class=\"mdjCiter\">\u00ab\u00a0Deux France se feraient face. Une double fracture m\u00eame, territorialement caract\u00e9ris\u00e9e \u00e0 grand renfort de cartes synth\u00e9tiques : d\u2019une part les centres-villes s\u2019opposant aux zones pavillonnaires et rurales et d\u2019autre part des r\u00e9gions aux valeurs tr\u00e8s diff\u00e9rentes d\u00e9marqu\u00e9es par une ligne Normandie-Provence-Alpes-C\u00f4te d\u2019Azur\u2026<\/div>\n<div class=\"mdjCiter\">C\u2019est peut-\u00eatre un peu rapide ! [\u2026]<\/div>\n<div class=\"mdjCiter\">Les instituts nous le disent, les \u00e9lecteurs d\u2019Emmanuel Macron sont plus dipl\u00f4m\u00e9s, plus urbains, plus optimistes\u2026 Le yuppie serait ainsi le candidat des bobos b\u00e9ats et de la mondialisation heureuse avec, face \u00e0 lui, la France p\u00e9riph\u00e9rique, repli\u00e9e, x\u00e9nophobe et fragile ?<\/div>\n<div class=\"mdjCiter\">[\u2026] en 2017, la pr\u00e9sence de Marine Le Pen en t\u00eate dans plusieurs d\u00e9partements et dans une majorit\u00e9 de communes occulte la grande diversit\u00e9 des municipalit\u00e9s dans lesquelles Emmanuel Macron r\u00e9alise des scores tr\u00e8s importants : il est arriv\u00e9 largement en t\u00eate \u00e0 Paris (35 %), la belle affaire ! Il est aussi arriv\u00e9 en t\u00eate dans un d\u00e9partement rural traditionnellement de droite comme l\u2019Aveyron (26 % contre 17 % \u00e0 Le Pen) et un d\u00e9partement voisin traditionnellement de gauche comme le Puy-de-D\u00f4me (27 % contre 18 % \u00e0 Le Pen) et dans des villes moyennes fragilis\u00e9es comme Bourges (Union des d\u00e9mocrates et ind\u00e9pendants, 28 %), Bar-le-Duc (Parti socialiste, 25 %) ou Ch\u00e2teauroux (Les R\u00e9publicains, 25 %)\u2026<\/div>\n<div class=\"mdjCiter\">Creusons donc un peu !<\/div>\n<div class=\"mdjCiter\">Marine Le Pen en t\u00eate dans 19 000 communes C\u2019est ind\u00e9niablement dans les coeurs des grandes agglom\u00e9rations que Macron r\u00e9alise ses meilleurs r\u00e9sultats : il y capitalise 26 % des scrutins exprim\u00e9s, quand Marine Le Pen n\u2019en recueille que 18 %. Pour autant, si l\u2019on compare les r\u00e9sultats des deux candidats arriv\u00e9s en t\u00eate au premier tour en suivant les grandes cat\u00e9gories territoriales de l\u2019Insee (les grandes aires urbaines, leur p\u00e9riph\u00e9rie, les villes petites et moyennes, le rural), force est de constater que le paysage \u00e9lectoral est bien moins binaire que celui d\u2019une France \u00e0 moiti\u00e9 bleu Marine (la candidate FN arrive en t\u00eate dans 19 000 communes). Le vote FN cro\u00eet bien \u00e0 mesure que l\u2019on s\u2019\u00e9loigne du centre : 18 % dans les grandes agglom\u00e9rations, 25 % \u00e0 leur p\u00e9riph\u00e9rie et 27 % au-del\u00e0 ; 17 % dans les villes petites et moyennes, 22 % \u00e0 leur p\u00e9riph\u00e9rie, 29 % au-del\u00e0\u2026<\/div>\n<div class=\"mdjCiter\">Le rural r\u00e9sistant mieux \u00e0 cette pouss\u00e9e frontiste avec moins d\u2019un quart des suffrages pour Marine Le Pen. On notera toutefois que, si ces chiffres sont ind\u00e9niablement \u00e9lev\u00e9s, elle ne d\u00e9passe pas la barre des 30 % dans aucun de ces territoires (en moyenne, il est \u00e9vident que cela peut masquer des situations municipales variables).<\/div>\n<div class=\"mdjCiter\">Et Macron dans tout cela ? Uniformit\u00e9 des r\u00e9sultats Eh bien, ses r\u00e9sultats sont particuli\u00e8rement constants quel que soit le terrain. Il rassemble entre 20 % et 23 % des \u00e9lecteurs dans tous ces territoires : 21 % des ruraux, 22 % des \u00e9lecteurs des petites villes, 23 % des p\u00e9riurbains des grandes agglom\u00e9rations\u2026<\/div>\n<div class=\"mdjCiter\">Evidemment cela varie en fonction des communes et de leur composition sociale mais, si deux France se font face \u00e0 travers Le Pen et Macron, ce ne sont de toute \u00e9vidence pas la France des villes et celle des campagnes, puisque le candidat d\u2019En marche ! brille plut\u00f4t par l\u2019uniformit\u00e9 de ses r\u00e9sultats.<\/div>\n<div class=\"mdjCiter\">Le constat m\u00e9rite aussi d\u2019\u00eatre affin\u00e9 par grandes r\u00e9gions : une carte nationale montre en effet la nette pr\u00e9\u00e9minence du FN dans la moiti\u00e9 nord-est du pays, au-dessus d\u2019une ligne Caen-Grenoble, ainsi que le long du littoral m\u00e9diterran\u00e9en. En Normandie, dans les Hauts-de-France, le Grand-Est, en Bourgogne-Franche-Comt\u00e9 ou dans le Centre, Marine Le Pen arrive en t\u00eate, y compris dans les plus grandes aires urbaines (sauf dans l\u2019hyper-centre de plusieurs d\u2019entre elles, disput\u00e9 par Macron et M\u00e9lenchon). Les communes rurales du nord et de l\u2019est de la France composent d\u2019ailleurs la seule grande cat\u00e9gorie territoriale o\u00f9 Marine Le Pen d\u00e9passe 30 % des votes en moyenne (31 %), et c\u2019est en m\u00eame temps les seuls endroits o\u00f9 Emmanuel Macron ne recueille pas en moyenne plus de 20 % des scrutins (et 14 % des inscrits, soit 260 000 bulletins recueillis sur 1 800 000 possibles).<\/div>\n<div class=\"mdjCiter\">[\u2026] Si le vote FN est plut\u00f4t typ\u00e9 g\u00e9ographiquement, cela ne se traduit pas par une France coup\u00e9e en deux, ni entre le Nord ou l\u2019Est et le Sud ou l\u2019Ouest, ni entre les villes et les campagnes. Et \u00e0 tout prendre, au vu des cartes, si un vote r\u00e9pond nationalement \u00e0 celui de Le Pen, ce serait plut\u00f4t celui en faveur de M\u00e9lenchon. Au contraire, le principal signe de continuit\u00e9 entre ces territoires, c\u2019est pr\u00e9cis\u00e9ment le vote Macron, qui est tr\u00e8s stable \u00e0 travers tout le pays, quels que soient les endroits.<\/div>\n<div class=\"mdjCiter\">Ces raccourcis seraient sans cons\u00e9quences s\u2019ils ne risquaient pas d\u2019induire des erreurs de jugement.<\/div>\n<div class=\"mdjCiter\">En l\u2019occurrence, deux erreurs sont possibles<\/div>\n<div class=\"mdjCiter\">La premi\u00e8re serait, pour les analystes, de se m\u00e9prendre sur l\u2019\u00e9tat du pays. Le pays n\u2019est pas travers\u00e9 par une guerre de civilisation, ni coup\u00e9 en deux entre des territoires aux trajectoires oppos\u00e9es. Si Macron est r\u00e9ellement le candidat de la modernit\u00e9 et de la mondialisation que nous pr\u00e9sentent les m\u00e9dias, cela voudrait dire que l\u2019on trouve dans ces territoires des gens ouverts au monde, \u00e0 la cr\u00e9ation de richesse\u2026 ce que d\u00e9montrent les nombreuses initiatives locales partout en France mais que les politiques de concurrence territoriale et de m\u00e9tropolisation s\u2019obstinent \u00e0 nier.<\/div>\n<div class=\"mdjCiter\">[\u2026]<\/div>\n<div class=\"mdjCiter\">La seconde erreur serait, pour Emmanuel Macron, d\u2019oublier d\u2019ici au second tour mais surtout pendant son mandat qu\u2019il est aussi l\u2019\u00e9lu de cette France-l\u00e0. Au total, les quartiers pavillonnaires, les petites villes en d\u00e9prise, les zones rurales lui donnent 3,6 millions de voix, soit pr\u00e8s de la moiti\u00e9 de son \u00e9lectorat !\u00bb<\/div>\n<div class=\"mdjComplements\">Vos id\u00e9es sont moins claires apr\u00e8s avoir lu cette chronique\u00a0?<\/div>\n<div class=\"mdjComplements\">C\u2019est normal, c\u2019est cela la complexit\u00e9.<\/div>\n<div class=\"mdjComplements\">Mais c\u2019est beaucoup plus proche de la r\u00e9alit\u00e9.<\/div>\n","protected":false},"excerpt":{"rendered":"<p>Vendredi 28 avril 2017 \u00abC\u2019est un peu rapide [de dire ] que deux France se feraient face ! \u00bb Fr\u00e9d\u00e9ric Gilli Tourner autour du pot, pour voir le pot sous tous ses aspects\u2026 Osons un peu de complexit\u00e9, car la<\/p>\n","protected":false},"author":1,"featured_media":0,"comment_status":"open","ping_status":"closed","sticky":false,"template":"","format":"standard","meta":{"footnotes":""},"categories":[1],"tags":[3,4,11],"class_list":["post-520","post","type-post","status-publish","format-standard","hentry","category-motdujour","tag-politique","tag-presidentielle-2017","tag-sociologie"],"_links":{"self":[{"href":"https:\/\/lemotdujour.fr\/index.php?rest_route=\/wp\/v2\/posts\/520","targetHints":{"allow":["GET"]}}],"collection":[{"href":"https:\/\/lemotdujour.fr\/index.php?rest_route=\/wp\/v2\/posts"}],"about":[{"href":"https:\/\/lemotdujour.fr\/index.php?rest_route=\/wp\/v2\/types\/post"}],"author":[{"embeddable":true,"href":"https:\/\/lemotdujour.fr\/index.php?rest_route=\/wp\/v2\/users\/1"}],"replies":[{"embeddable":true,"href":"https:\/\/lemotdujour.fr\/index.php?rest_route=%2Fwp%2Fv2%2Fcomments&post=520"}],"version-history":[{"count":2,"href":"https:\/\/lemotdujour.fr\/index.php?rest_route=\/wp\/v2\/posts\/520\/revisions"}],"predecessor-version":[{"id":1789,"href":"https:\/\/lemotdujour.fr\/index.php?rest_route=\/wp\/v2\/posts\/520\/revisions\/1789"}],"wp:attachment":[{"href":"https:\/\/lemotdujour.fr\/index.php?rest_route=%2Fwp%2Fv2%2Fmedia&parent=520"}],"wp:term":[{"taxonomy":"category","embeddable":true,"href":"https:\/\/lemotdujour.fr\/index.php?rest_route=%2Fwp%2Fv2%2Fcategories&post=520"},{"taxonomy":"post_tag","embeddable":true,"href":"https:\/\/lemotdujour.fr\/index.php?rest_route=%2Fwp%2Fv2%2Ftags&post=520"}],"curies":[{"name":"wp","href":"https:\/\/api.w.org\/{rel}","templated":true}]}}