{"id":514,"date":"2017-04-25T02:00:00","date_gmt":"2017-04-24T22:00:00","guid":{"rendered":"http:\/\/lemotdujour.fr\/?p=514"},"modified":"2023-08-14T23:36:09","modified_gmt":"2023-08-14T21:36:09","slug":"lundi-25-avril-2017","status":"publish","type":"post","link":"https:\/\/lemotdujour.fr\/?p=514","title":{"rendered":"Mardi 25 avril 2017"},"content":{"rendered":"<div class=\"mdjTexte\">\u00ab La plupart des hommes politiques ne manquent certainement ni d\u2019intelligence ni de volont\u00e9, mais ils manquent beaucoup de sagesse. \u00bb<\/div>\n<div class=\"mdjAuteur\">Christophe Andr\u00e9<\/div>\n<p><span style=\"color: #777777; font-family: Arial;\">La semaine de l&rsquo;\u00e9mission de France Culture <a href=\"https:\/\/www.franceculture.fr\/emissions\/voix-nue\"><span style=\"color: blue; text-decoration: underline;\">\u00ab\u00a0A voix Nue\u00a0\u00bb<\/span><\/a> du 3 au 7 avril 2017 \u00e9tait consacr\u00e9e au psychiatre <strong>Christophe Andr\u00e9<\/strong> interrog\u00e9 par <strong>Xavier de la Porte<\/strong>.<br \/>\n<\/span><\/p>\n<p><span style=\"color: #777777; font-family: Arial;\">Lors de la <a href=\"https:\/\/www.franceculture.fr\/emissions\/voix-nue\/christophe-andre-55-le-monde-vu-du-cabinet\"><span style=\"color: blue; text-decoration: underline;\">5<sup>\u00e8me<\/sup> et derni\u00e8re \u00e9mission<\/span><\/a>, ils ont eu cet \u00e9change\u00a0:<br \/>\n<\/span><\/p>\n<p><span style=\"color: #777777; font-family: Arial;\">A partir de la 10<sup>\u00e8me<\/sup> minute\u00a0:<br \/>\n<\/span><\/p>\n<p style=\"margin-left: 28pt;\"><span style=\"color: #c00000; font-family: Arial;\">\u00ab\u00a0Il y a un concept que j&rsquo;aime beaucoup\u00a0: c&rsquo;est le concept d&rsquo;int\u00e9riorit\u00e9 citoyenne.<br \/>\n<\/span><\/p>\n<p style=\"margin-left: 28pt;\"><span style=\"color: #c00000; font-family: Arial;\">Le premier qui l&rsquo;a propos\u00e9 est un psychoth\u00e9rapeute belge qui s&rsquo;appelle <a href=\"http:\/\/www.thomasdansembourg.com\/\"><span style=\"color: blue; text-decoration: underline;\">Thomas D&rsquo;Ansembourg<\/span><\/a> (*) [\u2026]<br \/>\n<\/span><\/p>\n<p style=\"margin-left: 28pt;\"><span style=\"color: #c00000; font-family: Arial;\">[Sa th\u00e8se en simplifiant est que ] Vous ne pouvez pas \u00eatre un bon citoyen, si vous n&rsquo;avez pas fait le m\u00e9nage \u00e0 l&rsquo;int\u00e9rieur de vous-m\u00eame. C&rsquo;est-\u00e0-dire que si vous \u00eates quelqu&rsquo;un de profond\u00e9ment \u00e9go\u00efste, impulsif, col\u00e9reux [\u2026] c&rsquo;est compliqu\u00e9 pour vous de vous comporter de fa\u00e7on juste, coh\u00e9rente, constructif avec votre environnement imm\u00e9diat.<br \/>\n<\/span><\/p>\n<p style=\"margin-left: 28pt;\"><span style=\"color: #c00000; font-family: Arial;\">Notre comportement avec nos proches, c&rsquo;est le d\u00e9but de la politique. Comment je me comporte en public, quels buts je privil\u00e9gie etc\u2026\u00a0\u00bb<br \/>\n<\/span><\/p>\n<p><span style=\"color: #777777; font-family: Arial;\">Xavier de la Porte\u00a0:<br \/>\n<\/span><\/p>\n<p style=\"margin-left: 28pt;\"><span style=\"color: #c00000; font-family: Arial;\">\u00ab\u00a0Mais l&rsquo;Am\u00e9rique a \u00e9lu Donald Trump\u00a0[\u2026] Nous sommes dans une \u00e9poque politique un peu \u00e9trange, on se demande si nos dirigeants politiques ne sont pas fous\u00a0? \u00bb<br \/>\n<\/span><\/p>\n<p><span style=\"color: #777777; font-family: Arial;\">A cela Christophe Andr\u00e9 r\u00e9pond\u00a0:<br \/>\n<\/span><\/p>\n<p style=\"margin-left: 28pt;\"><span style=\"color: #c00000; font-family: Arial;\">\u00ab\u00a0En tout cas, ils ne sont pas sages. Je ne sais pas s&rsquo;ils sont fous, mais ils manquent de sagesse. La sagesse ce n&rsquo;est pas seulement de l&rsquo;intelligence ou de l&rsquo;habilet\u00e9. Dans la sagesse, il y a la notion d&rsquo;avoir pacifi\u00e9 son tumulte \u00e9motionnel, son tumulte \u00e9gotique, d&rsquo;avoir de la bienveillance pour les autres.<br \/>\n<\/span><\/p>\n<p style=\"margin-left: 28pt;\"><span style=\"color: #c00000; font-family: Arial;\">Tr\u00e8s clairement la plupart des hommes politiques contemporains manque de sagesse. Ils ne manquent certainement ni d&rsquo;intelligence ni de volont\u00e9, mais ils manquent beaucoup de sagesse, sans \u00eatre fou pour autant.\u00a0\u00bb<br \/>\n<\/span><\/p>\n<p><span style=\"color: #777777; font-family: Arial;\">Voici les quelques r\u00e9flexions que je souhaitais partager avec vous au lendemain de cette \u00e9lection pr\u00e9sidentielle fran\u00e7aise de 2017.<br \/>\n<\/span><\/p>\n<p><span style=\"color: #777777; font-family: Arial;\">(*) <strong>Thomas d&rsquo;Ansembourg<\/strong> avait d\u00e9j\u00e0 \u00e9t\u00e9 \u00e9voqu\u00e9 lors du <a href=\"https:\/\/lemotdujour.fr\/?p=379\">mot du jour du 10 janvier 2017<\/a> : \u00ab La paix \u00e7a s&rsquo;apprend \u00bb car il \u00e9tait le coauteur avec David Van Reybrouck du petit ouvrage dont le titre complet est\u00a0 : \u00ab <strong>La paix \u00e7a s&rsquo;apprend : comment gu\u00e9rir de la violence et du terrorisme<\/strong> \u00bb paru \u00e0 Actes Sud, en novembre 2016. <\/span><\/p>\n<p><span style=\"color: #777777; font-family: Arial;\"><span style=\"color: #800000;\">&lt;880&gt;<\/span><br \/>\n<\/span><\/p>\n","protected":false},"excerpt":{"rendered":"<p>\u00ab La plupart des hommes politiques ne manquent certainement ni d\u2019intelligence ni de volont\u00e9, mais ils manquent beaucoup de sagesse. \u00bb Christophe Andr\u00e9 La semaine de l&rsquo;\u00e9mission de France Culture \u00ab\u00a0A voix Nue\u00a0\u00bb du 3 au 7 avril 2017 \u00e9tait<\/p>\n","protected":false},"author":1,"featured_media":0,"comment_status":"open","ping_status":"closed","sticky":false,"template":"","format":"standard","meta":{"footnotes":""},"categories":[1],"tags":[6,3],"class_list":["post-514","post","type-post","status-publish","format-standard","hentry","category-motdujour","tag-philosophie","tag-politique"],"_links":{"self":[{"href":"https:\/\/lemotdujour.fr\/index.php?rest_route=\/wp\/v2\/posts\/514","targetHints":{"allow":["GET"]}}],"collection":[{"href":"https:\/\/lemotdujour.fr\/index.php?rest_route=\/wp\/v2\/posts"}],"about":[{"href":"https:\/\/lemotdujour.fr\/index.php?rest_route=\/wp\/v2\/types\/post"}],"author":[{"embeddable":true,"href":"https:\/\/lemotdujour.fr\/index.php?rest_route=\/wp\/v2\/users\/1"}],"replies":[{"embeddable":true,"href":"https:\/\/lemotdujour.fr\/index.php?rest_route=%2Fwp%2Fv2%2Fcomments&post=514"}],"version-history":[{"count":5,"href":"https:\/\/lemotdujour.fr\/index.php?rest_route=\/wp\/v2\/posts\/514\/revisions"}],"predecessor-version":[{"id":14817,"href":"https:\/\/lemotdujour.fr\/index.php?rest_route=\/wp\/v2\/posts\/514\/revisions\/14817"}],"wp:attachment":[{"href":"https:\/\/lemotdujour.fr\/index.php?rest_route=%2Fwp%2Fv2%2Fmedia&parent=514"}],"wp:term":[{"taxonomy":"category","embeddable":true,"href":"https:\/\/lemotdujour.fr\/index.php?rest_route=%2Fwp%2Fv2%2Fcategories&post=514"},{"taxonomy":"post_tag","embeddable":true,"href":"https:\/\/lemotdujour.fr\/index.php?rest_route=%2Fwp%2Fv2%2Ftags&post=514"}],"curies":[{"name":"wp","href":"https:\/\/api.w.org\/{rel}","templated":true}]}}