{"id":512,"date":"2017-04-21T02:00:00","date_gmt":"2017-04-20T22:00:00","guid":{"rendered":"http:\/\/lemotdujour.fr\/?p=512"},"modified":"2021-09-28T21:18:56","modified_gmt":"2021-09-28T19:18:56","slug":"vendredi-21-avril-2017","status":"publish","type":"post","link":"https:\/\/lemotdujour.fr\/?p=512","title":{"rendered":"Vendredi 21 avril 2017"},"content":{"rendered":"<div class=\"mdjTexte\">\t\u00ab&nbsp;Le baiser de l\u2019ouragan \u00bb<\/div>\n<div class=\"mdjAuteur\">\tMarine de Nicola.<\/div>\n<p><span style=\"color: #777777; font-family: Arial;\">Je me demandais quoi \u00e9crire comme mot du jour, ce vendredi, \u00e0 2 jours du premier tour d&rsquo;une \u00e9lection pr\u00e9sidentielle qui pourrait \u00eatre le d\u00e9but d&rsquo;une \u00e9poque compliqu\u00e9e et je suis tomb\u00e9 sur un<span style=\"color: blue;\"> <a href=\"http:\/\/www.huffingtonpost.fr\/marine-de-nicola\/jeune-chanteuse-star-en-chine-ma-vie-a-bascule-quand-jai-appri_a_22038365\/?utm_hp_ref=fr-homepage\"><span style=\"text-decoration: underline;\"><span style=\"color: #0000ff; text-decoration: underline;\">article du Huffington Post<\/span><\/span><\/a><span style=\"color: #777777;\"> consacr\u00e9 \u00e0 un livre \u00ab<a href=\"http:\/\/livre.fnac.com\/a10293582\/Marine-de-Nicola-Le-baiser-de-l-ouragan\"><span style=\"color: blue; text-decoration: underline;\"> Le baiser de l&rsquo;ouragan <\/span><\/a>\u00bb qui vient de para\u00eetre le 7 avril 2017.<br \/>\n<\/span><\/span><\/span><\/p>\n<p><span style=\"color: #777777; font-family: Arial;\">Ce livre est celui de Marine de Nicola qui raconte son histoire. Dans les moments de trouble, il faut revenir \u00e0 notre humanit\u00e9 et \u00e0 ce qui est grand dans l&rsquo;humain.<br \/>\n<\/span><\/p>\n<p><span style=\"color: #777777; font-family: Arial;\">Marine de Nicola est toulousaine de naissance et elle a eu, au d\u00e9but de sa jeune vie, un parcours \u00e9tonnant, ponctu\u00e9 de succ\u00e8s. C&rsquo;est une fran\u00e7aise passionn\u00e9e de la Chine qui a appris le mandarin.<br \/>\n<\/span><\/p>\n<p><span style=\"color: #777777; font-family: Arial;\">A la suite d&rsquo;un concours elle avait obtenu : \u00ab une bourse \u00abConfucius \u00bb qui lui permet de d\u00e9fendre ses chances \u00e0 P\u00e9kin dans un t\u00e9l\u00e9crochet tr\u00e8s populaire. Finaliste, elle d\u00e9cide de rester sur place et de tenter sa chance comme chanteuse. S\u00e9lectionn\u00e9e pour l&rsquo;\u00e9quivalent de \u00abLa nouvelle Star \u00bb, elle travaille son image pour gagner en popularit\u00e9, interpr\u00e8te des chants patriotiques chinois dans des stades remplis de 20 000 personnes. \u00abJe vivais \u00e0 P\u00e9kin, j&rsquo;\u00e9tais riche d&rsquo;un seul coup, populaire, j&rsquo;allais d&rsquo;h\u00f4tels de luxe en restaurants \u00e9toil\u00e9s, je roulais dans des supers voitures, je partais au bout du monde en voyage, c&rsquo;\u00e9tait une vie facile. Et puis\u2026 \u00bb<br \/>\n<\/span><\/p>\n<p><span style=\"color: #777777; font-family: Arial;\">Alors qu&rsquo;elle est en Chine, elle ne se sent pas bien et va consulter. Les m\u00e9decins chinois diagnostiquent un terrible cancer : un cancer du syst\u00e8me lymphatique qui a pour nom : \u00ab <span style=\"color: #0000ff;\"><a style=\"color: #0000ff;\" href=\"https:\/\/curie.fr\/page\/le-lymphome-de-hodgkin\">lymphome de Hodgkin<\/a><\/span> \u00bb.<br \/>\n<\/span><\/p>\n<p><span style=\"color: #777777; font-family: Arial;\">Elle explique \u00ab<span style=\"color: #c00000;\">Je ne comprenais pas ce que me disaient les m\u00e9decins, mon mandarin n&rsquo;\u00e9tait pas assez technique<span style=\"color: #777777;\"> \u00bb Et elle est retourn\u00e9e \u00e0 Toulouse pour se faire soigner et elle a ouvert un blog dont elle a repris le nom comme titre de son livre \u00ab<a href=\"http:\/\/kiss-of-a-hurricane.com\/\"><span style=\"color: blue; text-decoration: underline;\"> Kiss of a hurricane<\/span><\/a> \u00bb qui raconte son combat.<br \/>\n<\/span><\/span><\/span><\/p>\n<p><span style=\"color: #777777; font-family: Arial;\">Et c&rsquo;est ce qu&rsquo;elle \u00e9crit et dit que je voudrais partager avec vous, parce que cela permet de distinguer l&rsquo;essentiel du futile, que cela donne de la force et que c&rsquo;est un exemple pour chacune et chacun de nous devant les \u00e9preuves que nous avons ou que nous pourrons avoir \u00e0 affronter pour ne jamais renoncer, ne jamais se rendre, ne jamais se d\u00e9mettre de son \u00e9nergie, de sa confiance et de son esprit d&rsquo;optimisme et de conqu\u00eate.<br \/>\n<\/span><\/p>\n<p><span style=\"color: #777777; font-family: Arial;\">A la <a href=\"http:\/\/www.ladepeche.fr\/article\/2014\/10\/05\/1965610-marine-de-nicola-un-soleil-contre-le-cancer.html\"><span style=\"color: blue; text-decoration: underline;\">D\u00e9p\u00eache du midi<\/span><\/a><span style=\"color: blue;\"> <span style=\"color: #777777;\">elle explique : \u00abJ&rsquo;ai souffert, j&rsquo;ai cru mourir, j&rsquo;ai pleur\u00e9, j&rsquo;ai m\u00fbri. J&rsquo;ai \u00e9t\u00e9 envahie de regrets, comme si j&rsquo;avais 50 ans. Sans ce cancer, ma vie aurait \u00e9t\u00e9 moins int\u00e9ressante sur le long terme. On se sent plus heureuse apr\u00e8s, on sourit de tout, m\u00eame d&rsquo;un petit vent qui souffle dans les cheveux ou du simple fait de ne rien ressentir parce qu&rsquo;il n&rsquo;y a plus de souffrance\u00bb.<br \/>\n<\/span><\/span><\/span><\/p>\n<p><span style=\"color: #777777; font-family: Arial;\">Et voici ce que reproduit l&rsquo;<a href=\"http:\/\/www.huffingtonpost.fr\/marine-de-nicola\/jeune-chanteuse-star-en-chine-ma-vie-a-bascule-quand-jai-appri_a_22038365\/?utm_hp_ref=fr-homepage\"><span style=\"color: blue; text-decoration: underline;\">article du Huffington Post<\/span><\/a> :<br \/>\n<\/span><\/p>\n<p><img loading=\"lazy\" decoding=\"async\" class=\"alignleft\" src=\"https:\/\/lemotdujour.fr\/wp-content\/uploads\/2018\/02\/022718_2203_Lundi30fvri1.jpg\" alt=\"\" width=\"426\" height=\"327\" align=\"left\"><span style=\"color: #c00000; font-family: Arial;\">\u00ab Je n&rsquo;aurais jamais cru que la mort puisse me rendre si vivante.<br \/>\n<\/span><\/p>\n<p style=\"margin-left: 28pt;\"><span style=\"color: #c00000; font-family: Arial;\">Jamais la bise du matin n&rsquo;a \u00e9t\u00e9 si agr\u00e9able, les fleurs si odorantes, le ciel si bleu. Les bruits du quotidien sont comme une musique enchanteresse, chaque conversation au d\u00e9tour d&rsquo;une ruelle devient po\u00e9sie. M\u00eame la laideur devient \u00e9clatante de beaut\u00e9.<br \/>\n<\/span><\/p>\n<p style=\"margin-left: 28pt;\"><span style=\"color: #c00000; font-family: Arial;\">Combien de temps me reste-t-il? Peut-\u00eatre plus beaucoup. Je dois vivre chaque instant pleinement, aimer comme je n&rsquo;ai jamais aim\u00e9, vivre \u00e0 en crever. Les masques tombent. Je n&rsquo;ai plus rien \u00e0 prouver. Plus rien \u00e0 critiquer, plus rien \u00e0 ha\u00efr. Je n&rsquo;ai plus rien \u00e0 poss\u00e9der. J&rsquo;ai juste \u00e0\u2026 \u00eatre.<br \/>\n<\/span><\/p>\n<p style=\"margin-left: 28pt;\"><span style=\"color: #c00000; font-family: Arial;\">J&rsquo;ai compris que nous sommes tous \u00e9gaux face \u00e0 la maladie. Elle est impartiale. Elle frappe au hasard, nous d\u00e9lestant de nos parures scintillantes, de nos chevelures et de nos prises de t\u00eate du quotidien. Ses victimes sont catholiques comme musulmanes, gays comme h\u00e9t\u00e9ros, riches comme pauvres.<br \/>\n<\/span><\/p>\n<p style=\"margin-left: 28pt;\"><span style=\"color: #c00000; font-family: Arial;\">Elle nous oblige \u00e0 regarder la v\u00e9rit\u00e9 en face, retourner \u00e0 la base, \u00e0 ce qui nous est essentiel. Elle nous emm\u00e8ne au pays o\u00f9 les biens mat\u00e9riels, la reconnaissance sociale sont superflus. D\u00e9sormais, tout ce qui compte, c&rsquo;est l&rsquo;instant pr\u00e9sent, et puis l&rsquo;amour.[\u2026]<br \/>\n<\/span><\/p>\n<p style=\"margin-left: 28pt;\"><span style=\"color: #c00000; font-family: Arial;\">Je voudrais dire \u00e0 toutes les personnes qui se battent qu&rsquo;elles sont belles.<br \/>\n<\/span><\/p>\n<p style=\"margin-left: 28pt;\"><span style=\"color: #c00000; font-family: Arial;\">Je fais tout sauf piti\u00e9. Je n&rsquo;ai honte de rien. Je marcherai dans la rue le menton haut et le cr\u00e2ne au vent. Aux regards des curieux, je r\u00e9pondrai avec un grand sourire. Ce sera ma mani\u00e8re \u00e0 moi de changer le regard sur la maladie. Pour qu&rsquo;on n&rsquo;ait plus peur de prononcer le mot \u00ab Cancer \u00bb et qu&rsquo;on puisse m\u00eame en rire.<br \/>\n<\/span><\/p>\n<p style=\"margin-left: 28pt;\"><span style=\"color: #c00000; font-family: Arial;\">Je voudrais dire \u00e0 toutes les personnes qui se battent qu&rsquo;elles sont belles. Leur histoire, leur humanit\u00e9, leur fragilit\u00e9 les rend beaux. Je voudrais leur dire qu&rsquo;ils n&rsquo;ont pas besoin de se cacher, qu&rsquo;ils ne sont pas oblig\u00e9s de rentrer dans le moule. Ils ont le pouvoir de transformer leur faiblesse en v\u00e9ritable force.<br \/>\n<\/span><\/p>\n<p style=\"margin-left: 28pt;\"><span style=\"color: #c00000; font-family: Arial;\">Si je dois \u00eatre malade, je le serai avec tout le panache dont je suis capable.<br \/>\n<\/span><\/p>\n<p style=\"margin-left: 28pt;\"><span style=\"color: #c00000; font-family: Arial;\">Je m&rsquo;appelle Marine, j&rsquo;ai 24 ans, je suis humaine, chauve et belle. J&rsquo;ai d\u00e9cid\u00e9 de raconter mon histoire en regardant le monde droit dans les yeux.<br \/>\n<\/span><\/p>\n<p style=\"margin-left: 28pt;\"><span style=\"color: #c00000; font-family: Arial;\">Vous qui la lirez peut-\u00eatre, je vous invite \u00e0 vous d\u00e9centrer et \u00e0 vous mettre, pour quelques heures, dans la peau d&rsquo;une canc-heureuse. \u00bb<br \/>\n<\/span><\/p>\n<p style=\"margin-left: 28pt;\"><span style=\"color: #c00000; font-family: Arial;\">\u00ab Je voudrais dire \u00e0 toutes les personnes qui se battent qu&rsquo;elles sont belles. \u00bb<br \/>\n<\/span><\/p>\n<p><span style=\"color: #777777; font-family: Arial;\">La vraie beaut\u00e9, celle qui vient de l&rsquo;int\u00e9rieur et qui rejaillit \u00e0 l&rsquo;ext\u00e9rieur.<br \/>\n<\/span><\/p>\n<p><span style=\"color: #777777; font-family: Arial;\">En 2015, elle avait \u00e9t\u00e9 invit\u00e9e \u00e0<a href=\"https:\/\/www.youtube.com\/watch?v=rXc88XlGGoc\"><span style=\"color: blue; text-decoration: underline;\"> TF1 le 28 juin 2015<\/span><\/a> pour raconter ses combats et elle dit cette phrase pleine de joie et de philosophie de vie :<br \/>\n<\/span><\/p>\n<p style=\"margin-left: 28pt;\"><span style=\"color: #c00000; font-family: Arial;\"><strong>\u00abQuand on s&rsquo;en sort, on se rend compte que c&rsquo;\u00e9tait un cadeau, un cadeau mal emball\u00e9, mais un cadeau. Je n&rsquo;ai plus rien \u00e0 voir avec la personne que j&rsquo;\u00e9tais avant. \u00bb<\/strong><\/span><\/p>\n<p><span style=\"color: #777777; font-family: Arial;\">La tumeur a \u00e9t\u00e9 vaincue, elle se trouve en p\u00e9riode de r\u00e9mission c&rsquo;est \u00e0 dire sous surveillance car cette maladie sournoise peut resurgir.<br \/>\n<span style=\"color: #800000;\">&lt;879&gt;<\/span><\/span><\/p>\n","protected":false},"excerpt":{"rendered":"<p>\u00ab&nbsp;Le baiser de l\u2019ouragan \u00bb Marine de Nicola. Je me demandais quoi \u00e9crire comme mot du jour, ce vendredi, \u00e0 2 jours du premier tour d&rsquo;une \u00e9lection pr\u00e9sidentielle qui pourrait \u00eatre le d\u00e9but d&rsquo;une \u00e9poque compliqu\u00e9e et je suis tomb\u00e9<\/p>\n","protected":false},"author":1,"featured_media":0,"comment_status":"closed","ping_status":"closed","sticky":false,"template":"","format":"standard","meta":{"footnotes":""},"categories":[1],"tags":[6,14,13],"class_list":["post-512","post","type-post","status-publish","format-standard","hentry","category-motdujour","tag-philosophie","tag-recit","tag-sante"],"_links":{"self":[{"href":"https:\/\/lemotdujour.fr\/index.php?rest_route=\/wp\/v2\/posts\/512","targetHints":{"allow":["GET"]}}],"collection":[{"href":"https:\/\/lemotdujour.fr\/index.php?rest_route=\/wp\/v2\/posts"}],"about":[{"href":"https:\/\/lemotdujour.fr\/index.php?rest_route=\/wp\/v2\/types\/post"}],"author":[{"embeddable":true,"href":"https:\/\/lemotdujour.fr\/index.php?rest_route=\/wp\/v2\/users\/1"}],"replies":[{"embeddable":true,"href":"https:\/\/lemotdujour.fr\/index.php?rest_route=%2Fwp%2Fv2%2Fcomments&post=512"}],"version-history":[{"count":7,"href":"https:\/\/lemotdujour.fr\/index.php?rest_route=\/wp\/v2\/posts\/512\/revisions"}],"predecessor-version":[{"id":12198,"href":"https:\/\/lemotdujour.fr\/index.php?rest_route=\/wp\/v2\/posts\/512\/revisions\/12198"}],"wp:attachment":[{"href":"https:\/\/lemotdujour.fr\/index.php?rest_route=%2Fwp%2Fv2%2Fmedia&parent=512"}],"wp:term":[{"taxonomy":"category","embeddable":true,"href":"https:\/\/lemotdujour.fr\/index.php?rest_route=%2Fwp%2Fv2%2Fcategories&post=512"},{"taxonomy":"post_tag","embeddable":true,"href":"https:\/\/lemotdujour.fr\/index.php?rest_route=%2Fwp%2Fv2%2Ftags&post=512"}],"curies":[{"name":"wp","href":"https:\/\/api.w.org\/{rel}","templated":true}]}}